{"id":11115,"date":"2025-01-19T16:27:20","date_gmt":"2025-01-19T20:27:20","guid":{"rendered":"https:\/\/noticiasveraces.com\/?p=11115"},"modified":"2025-01-19T16:27:20","modified_gmt":"2025-01-19T20:27:20","slug":"nos-recuerda-el-espiritu-de-king","status":"publish","type":"post","link":"https:\/\/noticiasveraces.com\/?p=11115","title":{"rendered":"&#8216;Nos recuerda el esp\u00edritu de King&#8217;"},"content":{"rendered":"<p> \n<\/p>\n<div>\n<p class=\"\">La coincidencia de que el D\u00eda de Martin Luther King Jr. caiga el mismo lunes que la toma de posesi\u00f3n de Donald Trump no es motivo de preocupaci\u00f3n, seg\u00fan Bernice King, la hija del difunto \u00edcono de los derechos civiles.<\/p>\n<p class=\"\">En una entrevista con \u201cThe Weekend\u201d de MSNBC el s\u00e1bado, dijo que el momento brinda la oportunidad de reflexionar sobre el legado de su padre a medida que Estados Unidos hace la transici\u00f3n hacia una nueva administraci\u00f3n.<\/p>\n<p class=\"\">\u201cEs maravilloso que esto ocurra en el d\u00eda festivo de King, la inauguraci\u00f3n, porque nos recuerda a King\u201d, dijo Bernice King, la menor de los cuatro hijos de Martin Luther King y que ten\u00eda cinco a\u00f1os cuando su padre fue asesinado en 1968. \u201cEs nos remite a King. Dice: &#8216;Cuando avancemos, tenemos que hacerlo con el esp\u00edritu de King&#8217;\u201d.<\/p>\n<p class=\"\">S\u00f3lo en otras dos ocasiones se ha superpuesto el feriado federal (establecido en 1983 y observado por primera vez en 1986) y el D\u00eda de la Inauguraci\u00f3n. El primero fue durante la juramentaci\u00f3n del presidente Bill Clinton en 1997, y el segundo fue durante la juramentaci\u00f3n de Barack Obama en 2013. Obama tambi\u00e9n prest\u00f3 juramento utilizando una Biblia que hab\u00eda pertenecido al propio King.<\/p>\n<p class=\"\">Bernice King, que ha criticado a Trump en el pasado por su ret\u00f3rica divisiva, se dirigi\u00f3 a quienes se sienten \u201cderrotados\u201d en medio de la inminente toma de posesi\u00f3n y pidi\u00f3 a los estadounidenses que \u201cse mantengan enfocados en el objetivo\u201d de la no violencia, un valor defendido por su padre.<\/p>\n<p class=\"\">\u201cTenemos que elaborar estrategias. Nos hemos perdido la estrategia. Nos hemos perdido el esp\u00edritu del Dr. King\u201d, dijo Bernice King. \u201cEl esp\u00edritu del Dr. King es la no violencia. Y la no violencia no es s\u00f3lo una postura, es una forma de pensar. Para nosotros, lo definimos como una forma de pensar, hablar, actuar y participar centrada en el amor que conduce a una transformaci\u00f3n personal, cultural y social\u201d.<\/p>\n<p class=\"\">Martin Luther King III, el hijo mayor de King, tambi\u00e9n se refiri\u00f3 al momento e inst\u00f3 a Trump a \u201cestar en di\u00e1logo con todos\u201d, no s\u00f3lo con sus partidarios.<\/p>\n<p class=\"\">\u201cSi dijiste que quer\u00edas ser un unificador, entonces aquellos que no te apoyaron, debes acercarte a ellos o permitirles que se acerquen a ti\u201d, dijo el joven King en \u201cMeet the Press\u201d el domingo. \u00abEn mi opini\u00f3n, no reflejamos a los &#8216;Estados Unidos&#8217; de Am\u00e9rica en este momento\u00bb.<\/p>\n<p class=\"\">La familia King ha criticado abiertamente a Trump durante mucho tiempo. En agosto, Trump compar\u00f3 a la multitud en su manifestaci\u00f3n \u201cStop the Steal\u201d el 6 de enero de 2021, antes de que sus partidarios irrumpieran en el Capitolio, con la Marcha en Washington de 1963, donde King pronunci\u00f3 su legendario discurso \u201cTengo un sue\u00f1o\u201d desde el Monumento a Lincoln.<\/p>\n<p class=\"\">\u201cSi miras a Martin Luther King, cuando pronunci\u00f3 su discurso, su gran discurso, y miras el nuestro, ver\u00e1s los mismos bienes inmuebles, todo igual, el mismo n\u00famero de personas\u201d, dijo durante una conferencia de prensa en Mar-a-Lago. .<\/p>\n<figure class=\"styles_inlineImage__yAWZ0 styles_medium__OMa6x\"><picture class=\"styles_image__1qciH\" data-testid=\"picture\"><source media=\"(min-width: 1000px)\" srcset=\"https:\/\/media-cldnry.s-nbcnews.com\/image\/upload\/t_fit-560w,f_avif,q_auto:eco,dpr_2\/rockcms\/2025-01\/200118-bernice-king-ew-702p-9b8b63.jpg 2x, https:\/\/media-cldnry.s-nbcnews.com\/image\/upload\/t_fit-560w,f_auto,q_auto:best\/rockcms\/2025-01\/200118-bernice-king-ew-702p-9b8b63.jpg 1x\"\/><source media=\"(min-width: 320px)\" srcset=\"https:\/\/media-cldnry.s-nbcnews.com\/image\/upload\/t_fit-760w,f_avif,q_auto:eco,dpr_2\/rockcms\/2025-01\/200118-bernice-king-ew-702p-9b8b63.jpg 2x, https:\/\/media-cldnry.s-nbcnews.com\/image\/upload\/t_fit-760w,f_auto,q_auto:best\/rockcms\/2025-01\/200118-bernice-king-ew-702p-9b8b63.jpg 1x\"\/><img decoding=\"async\" loading=\"lazy\" src=\"https:\/\/media-cldnry.s-nbcnews.com\/image\/upload\/t_fit-760w,f_auto,q_auto:best\/rockcms\/2025-01\/200118-bernice-king-ew-702p-9b8b63.jpg\" alt=\"Bernice King habla frente a una imagen de Martin Luther King y Coretta Scott King en la pared detr\u00e1s de ella.\" height=\"1639\" width=\"2500\"\/><\/picture><figcaption class=\"caption styles_caption__Pe5JC\" data-testid=\"caption\"><span class=\"caption__container\" data-testid=\"caption__container\">Bernice King, hija del l\u00edder de derechos civiles asesinado Martin Luther King Jr., en Atlanta en 2020.<\/span><span class=\"caption__source\" data-testid=\"caption__source\">Archivo Ron Harris\/AP<\/span><\/figcaption><\/figure>\n<p class=\"\">Aunque Trump reconoci\u00f3 que las estimaciones oficiales registraron una multitud m\u00e1s peque\u00f1a en su mitin en comparaci\u00f3n con la Marcha en Washington, dijo: \u00abSi lo miras y miras la foto de mi multitud&#8230; en realidad ten\u00edamos m\u00e1s gente\u00bb.<\/p>\n<p class=\"\">Bernice King refut\u00f3 sin rodeos el comentario, calific\u00e1ndolo de \u201cabsolutamente falso\u201d.<\/p>\n<p class=\"\">\u00abRealmente desear\u00eda que la gente dejara de utilizar a mi padre para apoyar falacias\u00bb, escribi\u00f3 en X en ese momento.<\/p>\n<p class=\"\">La multitud de Trump era de alrededor de 53.000 personas, seg\u00fan el comit\u00e9 del Congreso del 6 de enero. Eso es aproximadamente una quinta parte de las 250.000 personas que se estimaba que asistieron al discurso de King en 1963.<\/p>\n<p class=\"\">Durante las celebraciones del D\u00eda de Martin Luther King en 2018, los hijos del l\u00edder de los derechos civiles condenaron al entonces presidente Trump, en particular los comentarios despectivos que hizo sobre los pa\u00edses africanos durante una reuni\u00f3n con senadores sobre inmigraci\u00f3n.<\/p>\n<p class=\"endmark\">\u201cCuando un presidente insiste en que nuestra naci\u00f3n necesita m\u00e1s ciudadanos de estados blancos como Noruega, ni siquiera creo que necesitemos dedicar tiempo a hablar sobre lo que dice y lo que es\u201d, dijo Martin Luther King III en ese momento. \u00abTenemos que encontrar una manera de trabajar en el coraz\u00f3n de este hombre\u00bb.<\/p>\n<\/div>\n\n","protected":false},"excerpt":{"rendered":"<p>La coincidencia de que el D\u00eda de Martin Luther King Jr. caiga el mismo lunes que la toma de posesi\u00f3n de Donald Trump no es motivo de preocupaci\u00f3n, seg\u00fan Bernice King, la hija del difunto \u00edcono de los derechos civiles. En una entrevista con \u201cThe Weekend\u201d de MSNBC el s\u00e1bado, dijo que el momento brinda &hellip;<\/p>\n","protected":false},"author":1,"featured_media":11117,"comment_status":"open","ping_status":"open","sticky":false,"template":"","format":"standard","meta":{"fifu_image_url":"https:\/\/media-cldnry.s-nbcnews.com\/image\/upload\/t_nbcnews-fp-1200-630,f_auto,q_auto:best\/rockcms\/2025-01\/200118-bernice-king-ew-702p-9b8b63.jpg","fifu_image_alt":"","footnotes":""},"categories":[4],"tags":[],"class_list":["post-11115","post","type-post","status-publish","format-standard","has-post-thumbnail","","category-historias-destacadas"],"_links":{"self":[{"href":"https:\/\/noticiasveraces.com\/index.php?rest_route=\/wp\/v2\/posts\/11115","targetHints":{"allow":["GET"]}}],"collection":[{"href":"https:\/\/noticiasveraces.com\/index.php?rest_route=\/wp\/v2\/posts"}],"about":[{"href":"https:\/\/noticiasveraces.com\/index.php?rest_route=\/wp\/v2\/types\/post"}],"author":[{"embeddable":true,"href":"https:\/\/noticiasveraces.com\/index.php?rest_route=\/wp\/v2\/users\/1"}],"replies":[{"embeddable":true,"href":"https:\/\/noticiasveraces.com\/index.php?rest_route=%2Fwp%2Fv2%2Fcomments&post=11115"}],"version-history":[{"count":0,"href":"https:\/\/noticiasveraces.com\/index.php?rest_route=\/wp\/v2\/posts\/11115\/revisions"}],"wp:featuredmedia":[{"embeddable":true,"href":"https:\/\/noticiasveraces.com\/index.php?rest_route=\/wp\/v2\/media\/11117"}],"wp:attachment":[{"href":"https:\/\/noticiasveraces.com\/index.php?rest_route=%2Fwp%2Fv2%2Fmedia&parent=11115"}],"wp:term":[{"taxonomy":"category","embeddable":true,"href":"https:\/\/noticiasveraces.com\/index.php?rest_route=%2Fwp%2Fv2%2Fcategories&post=11115"},{"taxonomy":"post_tag","embeddable":true,"href":"https:\/\/noticiasveraces.com\/index.php?rest_route=%2Fwp%2Fv2%2Ftags&post=11115"}],"curies":[{"name":"wp","href":"https:\/\/api.w.org\/{rel}","templated":true}]}}