{"id":11077,"date":"2025-01-19T09:19:59","date_gmt":"2025-01-19T13:19:59","guid":{"rendered":"https:\/\/noticiasveraces.com\/?p=11077"},"modified":"2025-01-19T09:19:59","modified_gmt":"2025-01-19T13:19:59","slug":"el-embajador-aleman-advierte-que-trump-socavara-los-principios-democraticos-con-una-agenda-de-maxima-perturbacion-informe","status":"publish","type":"post","link":"https:\/\/noticiasveraces.com\/?p=11077","title":{"rendered":"El embajador alem\u00e1n advierte que Trump \u00absocavar\u00e1\u00bb los principios democr\u00e1ticos con una agenda de \u00abm\u00e1xima perturbaci\u00f3n\u00bb: informe"},"content":{"rendered":"<p> \n<\/p>\n<div>\n<p class=\"speakable\">El embajador de Alemania en Estados Unidos advirti\u00f3 que la administraci\u00f3n del presidente electo Trump \u00absocavar\u00e1\u00bb los principios democr\u00e1ticos con una agenda de \u00abm\u00e1xima perturbaci\u00f3n\u00bb, seg\u00fan un informe.<\/p>\n<p class=\"speakable\">Reuters inform\u00f3 que vio un documento informativo confidencial firmado por el embajador Andreas Michaelis que describe la agenda entrante de Trump como \u00abuna redefinici\u00f3n del orden constitucional: m\u00e1xima concentraci\u00f3n de poder en el presidente a expensas del Congreso y los estados federales\u00bb.<\/p>\n<p>\u00abLos principios democr\u00e1ticos b\u00e1sicos y los controles y equilibrios se ver\u00e1n socavados en gran medida, la legislatura, las fuerzas del orden y los medios de comunicaci\u00f3n ser\u00e1n despojados de su independencia y utilizados indebidamente como brazo pol\u00edtico, las grandes tecnolog\u00edas tendr\u00e1n poder de cogobierno\u00bb, se lee en el documento, que fue fechado el 14 de enero.<\/p>\n<p>Fox News Digital contact\u00f3 al equipo de transici\u00f3n de Trump para solicitar comentarios, pero no recibi\u00f3 respuesta de inmediato.<\/p>\n<p><strong>INAUGURACI\u00d3N DE TRUMP: \u00bfQUI\u00c9N SE ESPERA QUE ASISTA Y QUI\u00c9N EST\u00c1 BOICOTANDO?<\/strong><\/p>\n<div class=\"image-ct inline\">\n<div class=\"m\"><picture><source media=\"(max-width: 767px)\" srcset=\"https:\/\/a57.foxnews.com\/static.foxnews.com\/foxnews.com\/content\/uploads\/2025\/01\/343\/192\/donald-j-trump.jpg?ve=1&amp;tl=1, https:\/\/a57.foxnews.com\/static.foxnews.com\/foxnews.com\/content\/uploads\/2025\/01\/686\/384\/donald-j-trump.jpg?ve=1&amp;tl=1 2x\" height=\"192\" width=\"343\"><source media=\"(min-width: 768px) and (max-width: 1023px)\" srcset=\"https:\/\/a57.foxnews.com\/static.foxnews.com\/foxnews.com\/content\/uploads\/2025\/01\/672\/378\/donald-j-trump.jpg?ve=1&amp;tl=1, https:\/\/a57.foxnews.com\/static.foxnews.com\/foxnews.com\/content\/uploads\/2025\/01\/1344\/756\/donald-j-trump.jpg?ve=1&amp;tl=1 2x\" height=\"378\" width=\"672\"><source media=\"(min-width: 1024px) and (max-width: 1279px)\" srcset=\"https:\/\/a57.foxnews.com\/static.foxnews.com\/foxnews.com\/content\/uploads\/2025\/01\/931\/523\/donald-j-trump.jpg?ve=1&amp;tl=1, https:\/\/a57.foxnews.com\/static.foxnews.com\/foxnews.com\/content\/uploads\/2025\/01\/1862\/1046\/donald-j-trump.jpg?ve=1&amp;tl=1 2x\" height=\"523\" width=\"931\"><source media=\"(min-width: 1280px)\" srcset=\"https:\/\/a57.foxnews.com\/static.foxnews.com\/foxnews.com\/content\/uploads\/2025\/01\/720\/405\/donald-j-trump.jpg?ve=1&amp;tl=1, https:\/\/a57.foxnews.com\/static.foxnews.com\/foxnews.com\/content\/uploads\/2025\/01\/1440\/810\/donald-j-trump.jpg?ve=1&amp;tl=1 2x\" height=\"405\" width=\"720\"><img loading=\"lazy\" decoding=\"async\" src=\"https:\/\/a57.foxnews.com\/static.foxnews.com\/foxnews.com\/content\/uploads\/2025\/01\/1200\/675\/donald-j-trump.jpg?ve=1&amp;tl=1\" alt=\"Donald Trump\" width=\"1200\" height=\"675\"\/><\/source><\/source><\/source><\/source><\/picture><\/div>\n<div class=\"info\">\n<div class=\"caption\">\n<p><span>El presidente electo Donald Trump habla en una reuni\u00f3n con gobernadores republicanos en Mar-a-Lago, el 9 de enero de 2025, en Palm Beach, Florida.<\/span> <span>(Foto AP\/Evan Vucci, archivo)<\/span><\/p>\n<\/div>\n<\/div>\n<\/div>\n<p>Michaelis dijo que las acciones recientes de Trump y el multimillonario director ejecutivo de tecnolog\u00eda, Elon Musk, podr\u00edan conducir a una \u00abredefinici\u00f3n de la Primera Enmienda\u00bb. <\/p>\n<p>\u00abUno es el uso de demandas, amenazando con procesos penales y la revocaci\u00f3n de licencias, el otro es la manipulaci\u00f3n de algoritmos y el bloqueo de cuentas\u00bb, se lee en el documento, seg\u00fan Reuters.<\/p>\n<p>Musk apoy\u00f3 a Trump durante todas las elecciones y el presidente electo lo eligi\u00f3 para codirigir el Departamento de Eficiencia Gubernamental. <\/p>\n<p><strong>ALEMANIA ACUSA A ELON MUSK DE INTENTAR INTERFERIR EN SUS ELECCIONES NACIONALES<\/strong><\/p>\n<p>El mes pasado, Alemania acus\u00f3 a Musk de intentar interferir en las pr\u00f3ximas elecciones parlamentarias del pa\u00eds en nombre del partido pol\u00edtico de extrema derecha del pa\u00eds, Alternativa Alemana para Alemania, citando publicaciones recientes en las redes sociales y un art\u00edculo de opini\u00f3n del fin de semana que duplicaba su respaldo.<\/p>\n<p>Mientras tanto, Michaelis incluso afirm\u00f3 que Trump podr\u00eda imponer su agenda a los estados utilizando amplias opciones legales y que \u00abincluso el despliegue militar dentro del pa\u00eds para actividades policiales ser\u00eda posible en caso de una &#8216;insurrecci\u00f3n&#8217; e &#8216;invasi\u00f3n&#8217; declaradas\u00bb.<\/p>\n<p>Sin embargo, la Ley Posse Comitatus de 1878 proh\u00edbe a las tropas federales participar en la aplicaci\u00f3n de la ley civil a menos que el Congreso anule la ley federal.<\/p>\n<p><strong><u>HAGA CLIC PARA OBTENER LA APLICACI\u00d3N FOX NEWS<\/u><\/strong><\/p>\n<p>A pesar de lo que dice Michaelis en el documento reportado, el Ministerio de Asuntos Exteriores alem\u00e1n reconoci\u00f3 que Trump gan\u00f3 las elecciones democr\u00e1ticas y dijo que \u00abtrabajar\u00e1 estrechamente con la nueva administraci\u00f3n estadounidense en inter\u00e9s de Alemania y Europa\u00bb.<\/p>\n<p> <!---->  <\/div>\n\n","protected":false},"excerpt":{"rendered":"<p>El embajador de Alemania en Estados Unidos advirti\u00f3 que la administraci\u00f3n del presidente electo Trump \u00absocavar\u00e1\u00bb los principios democr\u00e1ticos con una agenda de \u00abm\u00e1xima perturbaci\u00f3n\u00bb, seg\u00fan un informe. Reuters inform\u00f3 que vio un documento informativo confidencial firmado por el embajador Andreas Michaelis que describe la agenda entrante de Trump como \u00abuna redefinici\u00f3n del orden constitucional: &hellip;<\/p>\n","protected":false},"author":1,"featured_media":11079,"comment_status":"open","ping_status":"open","sticky":false,"template":"","format":"standard","meta":{"fifu_image_url":"https:\/\/static.foxnews.com\/foxnews.com\/content\/uploads\/2025\/01\/donald-j-trump.jpg","fifu_image_alt":"","footnotes":""},"categories":[13],"tags":[],"class_list":["post-11077","post","type-post","status-publish","format-standard","has-post-thumbnail","","category-mundo"],"_links":{"self":[{"href":"https:\/\/noticiasveraces.com\/index.php?rest_route=\/wp\/v2\/posts\/11077","targetHints":{"allow":["GET"]}}],"collection":[{"href":"https:\/\/noticiasveraces.com\/index.php?rest_route=\/wp\/v2\/posts"}],"about":[{"href":"https:\/\/noticiasveraces.com\/index.php?rest_route=\/wp\/v2\/types\/post"}],"author":[{"embeddable":true,"href":"https:\/\/noticiasveraces.com\/index.php?rest_route=\/wp\/v2\/users\/1"}],"replies":[{"embeddable":true,"href":"https:\/\/noticiasveraces.com\/index.php?rest_route=%2Fwp%2Fv2%2Fcomments&post=11077"}],"version-history":[{"count":0,"href":"https:\/\/noticiasveraces.com\/index.php?rest_route=\/wp\/v2\/posts\/11077\/revisions"}],"wp:featuredmedia":[{"embeddable":true,"href":"https:\/\/noticiasveraces.com\/index.php?rest_route=\/wp\/v2\/media\/11079"}],"wp:attachment":[{"href":"https:\/\/noticiasveraces.com\/index.php?rest_route=%2Fwp%2Fv2%2Fmedia&parent=11077"}],"wp:term":[{"taxonomy":"category","embeddable":true,"href":"https:\/\/noticiasveraces.com\/index.php?rest_route=%2Fwp%2Fv2%2Fcategories&post=11077"},{"taxonomy":"post_tag","embeddable":true,"href":"https:\/\/noticiasveraces.com\/index.php?rest_route=%2Fwp%2Fv2%2Ftags&post=11077"}],"curies":[{"name":"wp","href":"https:\/\/api.w.org\/{rel}","templated":true}]}}