{"id":11073,"date":"2025-01-19T08:18:46","date_gmt":"2025-01-19T12:18:46","guid":{"rendered":"https:\/\/noticiasveraces.com\/?p=11073"},"modified":"2025-01-19T08:18:46","modified_gmt":"2025-01-19T12:18:46","slug":"6-muertos-en-combates-entre-kurdosirios-y-proturcos-dw-19-01-2025","status":"publish","type":"post","link":"https:\/\/noticiasveraces.com\/?p=11073","title":{"rendered":"6 muertos en combates entre kurdosirios y proturcos \u2013 DW \u2013 19\/01\/2025"},"content":{"rendered":"<p> \n<\/p>\n<div>\n<p>Al menos seis personas murieron y otras cinco resultaron heridas en nuevos combates registrados este domingo (19.01.2025) en el noreste de Siria entre facciones proturcas y la alianza liderada por kurdosirios de las Fuerzas de Siria Democr\u00e1tica (FSD), inform\u00f3 el Observatorio Sirio de Derechos Humanos.<\/p>\n<p>En un comunicado, la ONG explic\u00f3 que con estas nuevas bajas asciende ya a alrededor de 430 el n\u00famero de v\u00edctimas mortales desde el inicio, el pasado 12 de diciembre, de los enfrentamientos entre las FSD y el proturco Ej\u00e9rcito Nacional Sirio (SNA) por el control de la presa estrat\u00e9gica de Tishrin y otras localidades en manos de los milicianos kurdosirios.<\/p>\n<p>Los nuevos enfrentamientos -detall\u00f3- se desarrollan en las inmediaciones de la aldea de las localidades de Al Qashla, Sirtil y Jerbat Al Zamala, cerca de la presa de Tishr\u00edn, estrat\u00e9gica para el suministro de energ\u00eda el\u00e9ctrica de la regi\u00f3n, incluida una importante parte de la ciudad de Alepo. Esa zona del noreste sirio se ha convertido en escenario de duros ataques y enfrentamientos entre las FSD y el SNA desde el derrocamiento del r\u00e9gimen del presidente sirio Bashar al Asad el pasado 8 de diciembre, en el que particip\u00f3 la milicia proturca.<\/p>\n<p><span data-slot-id=\"Article_InContent-1\" class=\"rich-text-ad\"\/><\/p>\n<h2>Rechazo a propuesta kurda<\/h2>\n<p>Por otra parte, el nuevo ministro de Defensa sirio rechaz\u00f3 este domingo la propuesta kurda de mantener un bloque militar separado. En declaraciones a Reuters en el Ministerio de Defensa, Murhaf Abu Qasra, dijo que el jefe de los combatientes kurdos, conocidos como las Fuerzas Democr\u00e1ticas Sirias, estaba retrasando la compleja cuesti\u00f3n.<\/p>\n<p>El comandante de las FDS, Mazloum Abdi, declar\u00f3 que una de sus principales demandas es una administraci\u00f3n descentralizada, la semana pasada las FDS se\u00f1alaron estar abierta a integrarse en el Ministerio de Defensa, pero como \u201cun bloque militar\u201d sin disolverse.<\/p>\n<p>\u00abNosotros decimos que entrar\u00edan en el Ministerio de Defensa dentro de la jerarqu\u00eda y se distribuir\u00edan de forma militar\u201d, declar\u00f3 Abu Qasra, nombrado ministro de Defensa el 21 de diciembre. \u00abPero que sigan siendo un bloque militar dentro del Ministerio de Defensa no est\u00e1 bien\u201d.<\/p>\n<p>Una de las prioridades del ministro desde que consider\u00f3 el cargo ha sido ha sido integrada a la mir\u00edada de facciones anti-Assad de Siria en una estructura de mando unificada. Pero hacerlo con las Fuerzas de Autodefensa ha resultado todo un reto porque por un lado Estados Unidos considera al grupo un aliado clave contra los militantes del Estado Isl\u00e1mico, mientras que la vecina Turqu\u00eda lo considera una amenaza nacional.<\/p>\n<p>(Efe, Reuters\/min)<\/p>\n<\/p>\n<\/div>\n\n","protected":false},"excerpt":{"rendered":"<p>Al menos seis personas murieron y otras cinco resultaron heridas en nuevos combates registrados este domingo (19.01.2025) en el noreste de Siria entre facciones proturcas y la alianza liderada por kurdosirios de las Fuerzas de Siria Democr\u00e1tica (FSD), inform\u00f3 el Observatorio Sirio de Derechos Humanos. En un comunicado, la ONG explic\u00f3 que con estas nuevas &hellip;<\/p>\n","protected":false},"author":1,"featured_media":11074,"comment_status":"open","ping_status":"open","sticky":false,"template":"","format":"standard","meta":{"fifu_image_url":"https:\/\/static.dw.com\/image\/71254245_6.jpg","fifu_image_alt":"","footnotes":""},"categories":[13],"tags":[],"class_list":["post-11073","post","type-post","status-publish","format-standard","has-post-thumbnail","","category-mundo"],"_links":{"self":[{"href":"https:\/\/noticiasveraces.com\/index.php?rest_route=\/wp\/v2\/posts\/11073","targetHints":{"allow":["GET"]}}],"collection":[{"href":"https:\/\/noticiasveraces.com\/index.php?rest_route=\/wp\/v2\/posts"}],"about":[{"href":"https:\/\/noticiasveraces.com\/index.php?rest_route=\/wp\/v2\/types\/post"}],"author":[{"embeddable":true,"href":"https:\/\/noticiasveraces.com\/index.php?rest_route=\/wp\/v2\/users\/1"}],"replies":[{"embeddable":true,"href":"https:\/\/noticiasveraces.com\/index.php?rest_route=%2Fwp%2Fv2%2Fcomments&post=11073"}],"version-history":[{"count":0,"href":"https:\/\/noticiasveraces.com\/index.php?rest_route=\/wp\/v2\/posts\/11073\/revisions"}],"wp:featuredmedia":[{"embeddable":true,"href":"https:\/\/noticiasveraces.com\/index.php?rest_route=\/wp\/v2\/media\/11074"}],"wp:attachment":[{"href":"https:\/\/noticiasveraces.com\/index.php?rest_route=%2Fwp%2Fv2%2Fmedia&parent=11073"}],"wp:term":[{"taxonomy":"category","embeddable":true,"href":"https:\/\/noticiasveraces.com\/index.php?rest_route=%2Fwp%2Fv2%2Fcategories&post=11073"},{"taxonomy":"post_tag","embeddable":true,"href":"https:\/\/noticiasveraces.com\/index.php?rest_route=%2Fwp%2Fv2%2Ftags&post=11073"}],"curies":[{"name":"wp","href":"https:\/\/api.w.org\/{rel}","templated":true}]}}