{"id":11053,"date":"2025-01-19T05:32:01","date_gmt":"2025-01-19T09:32:01","guid":{"rendered":"https:\/\/noticiasveraces.com\/?p=11053"},"modified":"2025-01-19T05:32:01","modified_gmt":"2025-01-19T09:32:01","slug":"real-madrid-las-palmas-horario-alineaciones-y-donde-ver-el-partido-de-laliga-ea-sports-en-directo","status":"publish","type":"post","link":"https:\/\/noticiasveraces.com\/?p=11053","title":{"rendered":"Real Madrid &#8211; Las Palmas: Horario, alineaciones y d\u00f3nde ver el partido de LaLiga EA Sports en directo"},"content":{"rendered":"<p> \n<\/p>\n<div id=\"intext\">\n<p>Un Real Madrid en &#8216;horas bajas&#8217; conquistar\u00e1 el liderato de la Liga este domingo si consigue imponerse a Las Palmas en el Santiago Bernab\u00e9u. La<b> Derrota del Atl\u00e9tico en Butarque<\/b> ante el Legan\u00e9s (1-0) abri\u00f3 una ventana al equipo de <b>Anceloti<\/b>que ha vivido unos \u00faltimos d\u00edas convulsos tras la <b>Goleada ante el Bar\u00e7a en la Supercopa<\/b> y el susto ante el Celta en Copa del Rey (4-2 tras la pr\u00f3rroga).<\/p>\n<h2 class=\"title-h2\">La derrota del Atleti abre una puerta al Madrid<\/h2>\n<p>Los rojiblancos, que afrontaron la jornada 20 como l\u00edderes y que con una victoria iban a seguir manteniendo ese estatus hiciese lo que hiciese el Madrid, terminaron <b>y\u00e9ndose de vac\u00edo de Butarque<\/b> tras perdonar en la primera parte y encajar un tempranero gol en la segunda (Nastasic en el 49&#8242;). Lo que adem\u00e1s supuso la primera derrota colchonera desde octubre de 2024 y el final de la mejor racha en la historia del club: <b>15 victorias consecutivas<\/b> entre todas las competiciones.<\/p>\n<p>En Chamart\u00edn, por otra parte, todo salt\u00f3 por los aires hace una semana con la nefasta imagen del equipo ante el Bar\u00e7a en la final de la Supercopa de Espa\u00f1a (<b>2-5<\/b>), pero cuya esperada reacci\u00f3n no se termin\u00f3 de confirmar en el siguiente partido copero ante el Celta en el que el Madrid tuvo que jugarse el pase a los cuartos. <b>en la pr\u00f3rroga ante un Celta<\/b> que se repuso de un 2-0 en apenas 10 minutos.<\/p>\n<h2 class=\"title-h2\">Las Palmas nunca ha ganado en el Bernab\u00e9u<\/h2>\n<p>Pese a todo, el conjunto merengue tiene la oportunidad de liderar la tabla de la Liga este domingo<b> si doblega a los canarios en el Bernab\u00e9u,<\/b> y aventajar as\u00ed en 2 puntos al Atleti y en 5 al Bar\u00e7a, que venci\u00f3 en Getafe este pasado s\u00e1bado. Las Palmas, por contra, suma dos derrotas seguidas entre Liga y Copa y ya coquetea con el descenso (solo 3 puntos por encima). Adem\u00e1s, la \u00faltima victoria canaria ante los vikingos data de 2001 en el estadio de Gran Canaria. En el Bernab\u00e9u <b>nunca han ganado.<\/b><\/p>\n<p>Tanto locales como visitantes no podr\u00e1n contar con jugadores importantes para el duelo de hoy: en el Madrid son bajas Camavinga, Militao y Carvajal por lesi\u00f3n, pero tambi\u00e9n Vinicius y Modric por sanci\u00f3n; mientras que en Las Palmas tampoco estar\u00e1n Viti, Marvin, Campa\u00f1a y Essugo. <b>Alaba <\/b>entra en una convocatoria m\u00e1s de un a\u00f1o despu\u00e9s.<\/p>\n<h2 class=\"title-h2\">Alineaciones<\/h2>\n<ul>\n<li><b>real madrid<\/b>: Courtois; Lucas, R\u00fcdiger, Tchouam\u00e9ni, Fran Garc\u00eda; Valverde, Ceballos, Bellingham; Brahim, Rodrygo y Mbapp\u00e9.<\/li>\n<\/ul>\n<ul>\n<li><b>Las Palmas<\/b>: Cillessen; M\u00e1rmol, Su\u00e1rez, McKenna, Herzog; Kirian Rodr\u00edguez, Januzaj; Moleiro, Javi Mu\u00f1oz, Sandro y Silva.<\/li>\n<\/ul>\n<h2 class=\"title-h2\">Horario y d\u00f3nde ver el Real Madrid-Las Palmas<\/h2>\n<p>El partido de la jornada 20 de LaLiga EA Sports entre Real Madrid y Las Palmas se disputar\u00e1 este <b>domingo 19 de enero a las 16:15 en el Santiago Bernab\u00e9u<\/b>y podr\u00e1s <b>seguir la narraci\u00f3n del encuentro en directo <\/b>aqu\u00ed, en la web de Antena 3 Deportes.<\/p>\n<p><i>S\u00edguenos en nuestro canal de WhatsApp y no te pierdas la \u00faltima hora y toda la actualidad de antena3noticias.com<\/i><\/p>\n<div class=\"recirculation-video\" data-mod=\"a3mod_recirculation_video\">\n<div class=\"recirculation-video-wrapper\">\n<div>\n<div class=\"video-wrapper\">\n  <picture class=\"video-main-picture\"><source media=\"(min-width: 481px)\" srcset=\"https:\/\/fotografias.antena3.com\/clipping\/cmsimages02\/2025\/01\/16\/B2BB7413-5D0A-4A86-999F-670A29EB9683\/joan-laporta-comparece-rueda-prensa_94.jpg?crop=1441,811,x0,y4&amp;width=800&amp;height=450&amp;optimize=medium&amp;format=webply\" width=\"800\" height=\"450\"><source media=\"(min-width: 391px) and (max-width: 480px)\" srcset=\"https:\/\/fotografias.antena3.com\/clipping\/cmsimages02\/2025\/01\/16\/B2BB7413-5D0A-4A86-999F-670A29EB9683\/joan-laporta-comparece-rueda-prensa_70.jpg?crop=1441,811,x0,y4&amp;width=480&amp;height=270&amp;optimize=high&amp;format=webply\" width=\"480\" height=\"270\"><source media=\"(min-width: 321px) and (max-width: 390px)\" srcset=\"https:\/\/fotografias.antena3.com\/clipping\/cmsimages02\/2025\/01\/16\/B2BB7413-5D0A-4A86-999F-670A29EB9683\/joan-laporta-comparece-rueda-prensa_92.jpg?crop=1441,809,x0,y4&amp;width=390&amp;height=219&amp;optimize=high&amp;format=webply\" width=\"390\" height=\"219\"><source media=\"(max-width: 320px)\" srcset=\"https:\/\/fotografias.antena3.com\/clipping\/cmsimages02\/2025\/01\/16\/B2BB7413-5D0A-4A86-999F-670A29EB9683\/joan-laporta-comparece-rueda-prensa_52.jpg?crop=1441,811,x0,y4&amp;width=320&amp;height=180&amp;optimize=high&amp;format=webply\" width=\"320\" height=\"180\"><img decoding=\"async\" title=\"Joan Laporta comparece en rueda de prensa\" alt=\"Joan Laporta comparece en rueda de prensa\" width=\"480\" height=\"270\" src=\"https:\/\/fotografias.antena3.com\/clipping\/cmsimages02\/2025\/01\/16\/B2BB7413-5D0A-4A86-999F-670A29EB9683\/joan-laporta-comparece-rueda-prensa_70.jpg?crop=1441,811,x0,y4&amp;width=480&amp;height=270&amp;optimize=high&amp;format=webply\" loading=\"lazy\" class=\"lazy\"\/><br \/>\n  <\/source><\/source><\/source><\/source><\/picture>\n <\/div>\n<\/div><\/div>\n<\/p><\/div>\n<\/div>\n\n","protected":false},"excerpt":{"rendered":"<p>Un Real Madrid en &#8216;horas bajas&#8217; conquistar\u00e1 el liderato de la Liga este domingo si consigue imponerse a Las Palmas en el Santiago Bernab\u00e9u. La Derrota del Atl\u00e9tico en Butarque ante el Legan\u00e9s (1-0) abri\u00f3 una ventana al equipo de Ancelotique ha vivido unos \u00faltimos d\u00edas convulsos tras la Goleada ante el Bar\u00e7a en la &hellip;<\/p>\n","protected":false},"author":1,"featured_media":11055,"comment_status":"open","ping_status":"open","sticky":false,"template":"","format":"standard","meta":{"fifu_image_url":"https:\/\/fotografias.antena3.com\/clipping\/cmsimages02\/2025\/01\/18\/CF8146CF-97E4-4399-B548-9C4DCB5F6CBC\/kylian-mbappe-real-madrid-celta-copa-rey_69.jpg?crop=5573,3135,x0,y0&width=1280&height=720&optimize=low&format=jpg","fifu_image_alt":"","footnotes":""},"categories":[6],"tags":[],"class_list":["post-11053","post","type-post","status-publish","format-standard","has-post-thumbnail","","category-deportes"],"_links":{"self":[{"href":"https:\/\/noticiasveraces.com\/index.php?rest_route=\/wp\/v2\/posts\/11053","targetHints":{"allow":["GET"]}}],"collection":[{"href":"https:\/\/noticiasveraces.com\/index.php?rest_route=\/wp\/v2\/posts"}],"about":[{"href":"https:\/\/noticiasveraces.com\/index.php?rest_route=\/wp\/v2\/types\/post"}],"author":[{"embeddable":true,"href":"https:\/\/noticiasveraces.com\/index.php?rest_route=\/wp\/v2\/users\/1"}],"replies":[{"embeddable":true,"href":"https:\/\/noticiasveraces.com\/index.php?rest_route=%2Fwp%2Fv2%2Fcomments&post=11053"}],"version-history":[{"count":0,"href":"https:\/\/noticiasveraces.com\/index.php?rest_route=\/wp\/v2\/posts\/11053\/revisions"}],"wp:featuredmedia":[{"embeddable":true,"href":"https:\/\/noticiasveraces.com\/index.php?rest_route=\/wp\/v2\/media\/11055"}],"wp:attachment":[{"href":"https:\/\/noticiasveraces.com\/index.php?rest_route=%2Fwp%2Fv2%2Fmedia&parent=11053"}],"wp:term":[{"taxonomy":"category","embeddable":true,"href":"https:\/\/noticiasveraces.com\/index.php?rest_route=%2Fwp%2Fv2%2Fcategories&post=11053"},{"taxonomy":"post_tag","embeddable":true,"href":"https:\/\/noticiasveraces.com\/index.php?rest_route=%2Fwp%2Fv2%2Ftags&post=11053"}],"curies":[{"name":"wp","href":"https:\/\/api.w.org\/{rel}","templated":true}]}}