{"id":11048,"date":"2025-01-19T05:15:43","date_gmt":"2025-01-19T09:15:43","guid":{"rendered":"https:\/\/noticiasveraces.com\/?p=11048"},"modified":"2025-01-19T05:15:43","modified_gmt":"2025-01-19T09:15:43","slug":"israel-ataca-gaza-durante-la-hora-prevista-para-la-tregua-dw-19-01-2025","status":"publish","type":"post","link":"https:\/\/noticiasveraces.com\/?p=11048","title":{"rendered":"Israel ataca Gaza durante la hora prevista para la tregua \u2013 DW \u2013 19\/01\/2025"},"content":{"rendered":"<p> \n<\/p>\n<div>\n<p>Al menos 8 personas han muerto y otras 25 resultaron heridas en la Franja de Gaza desde las 8.30 hora local (6.30 GMT), cuando estaba previsto que entrara en vigor el alto al fuego con Israel, que finalmente se ha retrasado.<\/p>\n<p>El portavoz de la Defensa Civil gazat\u00ed, Mahmud Basal, confirm\u00f3 en su canal de Telegram que al menos cinco personas murieron en Ciudad de Gaza, y otras tres en las localidades del norte del enclave, entre las 8.30 y las 9.30 hora local.<\/p>\n<p>La tregua se retras\u00f3 esta ma\u00f1ana despu\u00e9s de que el primer ministro israel\u00ed, Benjamin Netanyahu, acusara a Ham\u00e1s de no haber entregado a\u00fan la lista con los nombres de las tres rehenes que deber\u00edan ser liberadas este domingo. Poco despu\u00e9s de su mensaje, las fuerzas israel\u00edes dijeron haber atacado varios \u00abobjetivos terroristas\u00bb en el norte y el centro de la Franja de Gaza.<\/p>\n<h2>Los bombardeos seguir\u00e1n<\/h2>\n<p>En una comparaci\u00f3n ante los medios en hebreo, el principal portavoz militar israel\u00ed, Daniel Hagari, asegur\u00f3 que el Ej\u00e9rcito seguir\u00e1 atacando Gaza hasta que reciba los tres nombres.<\/p>\n<p>Como parte del acuerdo con Israel, el grupo islamista deber\u00eda haber entregado ayer, antes de las 16.00 hora local, la lista con los nombres de las tres rehenes israel\u00edes que ser\u00e1n liberadas hoy, en el primer d\u00eda de la tregua, a cambio de unos 90 prisioneros palestinos en c\u00e1rceles de Israel.<\/p>\n<p>En la primera fase del acuerdo, Israel y Ham\u00e1s han acordado un alto el fuego de seis semanas, en las que se producir\u00e1 un intercambio gradual de 33 rehenes israel\u00edes por m\u00e1s de 1.900 cautivos palestinos.<\/p>\n<p>(efe, afp\/min)<\/p>\n<\/p>\n<\/div>\n\n","protected":false},"excerpt":{"rendered":"<p>Al menos 8 personas han muerto y otras 25 resultaron heridas en la Franja de Gaza desde las 8.30 hora local (6.30 GMT), cuando estaba previsto que entrara en vigor el alto al fuego con Israel, que finalmente se ha retrasado. El portavoz de la Defensa Civil gazat\u00ed, Mahmud Basal, confirm\u00f3 en su canal de &hellip;<\/p>\n","protected":false},"author":1,"featured_media":11049,"comment_status":"open","ping_status":"open","sticky":false,"template":"","format":"standard","meta":{"fifu_image_url":"https:\/\/static.dw.com\/image\/71340010_6.jpg","fifu_image_alt":"","footnotes":""},"categories":[13],"tags":[],"class_list":["post-11048","post","type-post","status-publish","format-standard","has-post-thumbnail","","category-mundo"],"_links":{"self":[{"href":"https:\/\/noticiasveraces.com\/index.php?rest_route=\/wp\/v2\/posts\/11048","targetHints":{"allow":["GET"]}}],"collection":[{"href":"https:\/\/noticiasveraces.com\/index.php?rest_route=\/wp\/v2\/posts"}],"about":[{"href":"https:\/\/noticiasveraces.com\/index.php?rest_route=\/wp\/v2\/types\/post"}],"author":[{"embeddable":true,"href":"https:\/\/noticiasveraces.com\/index.php?rest_route=\/wp\/v2\/users\/1"}],"replies":[{"embeddable":true,"href":"https:\/\/noticiasveraces.com\/index.php?rest_route=%2Fwp%2Fv2%2Fcomments&post=11048"}],"version-history":[{"count":0,"href":"https:\/\/noticiasveraces.com\/index.php?rest_route=\/wp\/v2\/posts\/11048\/revisions"}],"wp:featuredmedia":[{"embeddable":true,"href":"https:\/\/noticiasveraces.com\/index.php?rest_route=\/wp\/v2\/media\/11049"}],"wp:attachment":[{"href":"https:\/\/noticiasveraces.com\/index.php?rest_route=%2Fwp%2Fv2%2Fmedia&parent=11048"}],"wp:term":[{"taxonomy":"category","embeddable":true,"href":"https:\/\/noticiasveraces.com\/index.php?rest_route=%2Fwp%2Fv2%2Fcategories&post=11048"},{"taxonomy":"post_tag","embeddable":true,"href":"https:\/\/noticiasveraces.com\/index.php?rest_route=%2Fwp%2Fv2%2Ftags&post=11048"}],"curies":[{"name":"wp","href":"https:\/\/api.w.org\/{rel}","templated":true}]}}