{"id":11040,"date":"2025-01-19T03:12:17","date_gmt":"2025-01-19T07:12:17","guid":{"rendered":"https:\/\/noticiasveraces.com\/?p=11040"},"modified":"2025-01-19T03:12:17","modified_gmt":"2025-01-19T07:12:17","slug":"netanyahu-dice-que-el-alto-el-fuego-no-comenzara-hasta-que-israel-reciba-la-lista-de-rehenes-que-seran-liberados","status":"publish","type":"post","link":"https:\/\/noticiasveraces.com\/?p=11040","title":{"rendered":"Netanyahu dice que el alto el fuego no comenzar\u00e1 hasta que Israel reciba la lista de rehenes que ser\u00e1n liberados"},"content":{"rendered":"<p> \n<\/p>\n<div>\n<p class=\"speakable\">El primer ministro israel\u00ed, Benjam\u00edn Netanyahu, realiz\u00f3 una evaluaci\u00f3n de la situaci\u00f3n de seguridad por la demora en recibir la lista de rehenes que se espera sean liberados el domingo por la ma\u00f1ana como parte de un acuerdo de alto el fuego con Ham\u00e1s.<\/p>\n<p class=\"speakable\">Netanyahu dijo a las Fuerzas de Defensa de Israel que el alto el fuego no comenzar\u00eda hasta que Israel tuviera la lista de rehenes que se espera sean liberados. Dado que Ham\u00e1s a\u00fan no ha dado los nombres de los rehenes, las FDI seguir\u00e1n operando, ya que siguen atacando dentro de Gaza.<\/p>\n<p>El acuerdo deb\u00eda entrar en vigor el domingo a las 8:30 am hora local, y Hamas hab\u00eda dicho que proporcionar\u00eda la lista de rehenes. Pero el alto el fuego sigue en suspenso mientras Israel espera que se libere la lista de rehenes.<\/p>\n<p>Ham\u00e1s dijo que la demora en proporcionar los nombres se deb\u00eda a \u00abrazones t\u00e9cnicas de campo\u00bb y a\u00f1adi\u00f3 que est\u00e1 comprometido con el acuerdo de alto el fuego anunciado la semana pasada.<\/p>\n<p><strong>QU\u00c9 ESPERAR CUANDO EL ALTO EL FUEGO ENTRE ISRAEL Y HAMAS ENTRA EN EFECTO EL DOMINGO<\/strong><\/p>\n<div class=\"image-ct inline\">\n<div class=\"m\"><picture><source media=\"(max-width: 767px)\" srcset=\"https:\/\/a57.foxnews.com\/static.foxnews.com\/foxnews.com\/content\/uploads\/2024\/04\/343\/192\/benjamin-netanyahu.jpg?ve=1&amp;tl=1, https:\/\/a57.foxnews.com\/static.foxnews.com\/foxnews.com\/content\/uploads\/2024\/04\/686\/384\/benjamin-netanyahu.jpg?ve=1&amp;tl=1 2x\" height=\"192\" width=\"343\"><source media=\"(min-width: 768px) and (max-width: 1023px)\" srcset=\"https:\/\/a57.foxnews.com\/static.foxnews.com\/foxnews.com\/content\/uploads\/2024\/04\/672\/378\/benjamin-netanyahu.jpg?ve=1&amp;tl=1, https:\/\/a57.foxnews.com\/static.foxnews.com\/foxnews.com\/content\/uploads\/2024\/04\/1344\/756\/benjamin-netanyahu.jpg?ve=1&amp;tl=1 2x\" height=\"378\" width=\"672\"><source media=\"(min-width: 1024px) and (max-width: 1279px)\" srcset=\"https:\/\/a57.foxnews.com\/static.foxnews.com\/foxnews.com\/content\/uploads\/2024\/04\/931\/523\/benjamin-netanyahu.jpg?ve=1&amp;tl=1, https:\/\/a57.foxnews.com\/static.foxnews.com\/foxnews.com\/content\/uploads\/2024\/04\/1862\/1046\/benjamin-netanyahu.jpg?ve=1&amp;tl=1 2x\" height=\"523\" width=\"931\"><source media=\"(min-width: 1280px)\" srcset=\"https:\/\/a57.foxnews.com\/static.foxnews.com\/foxnews.com\/content\/uploads\/2024\/04\/720\/405\/benjamin-netanyahu.jpg?ve=1&amp;tl=1, https:\/\/a57.foxnews.com\/static.foxnews.com\/foxnews.com\/content\/uploads\/2024\/04\/1440\/810\/benjamin-netanyahu.jpg?ve=1&amp;tl=1 2x\" height=\"405\" width=\"720\"><img loading=\"lazy\" decoding=\"async\" src=\"https:\/\/a57.foxnews.com\/static.foxnews.com\/foxnews.com\/content\/uploads\/2024\/04\/1200\/675\/benjamin-netanyahu.jpg?ve=1&amp;tl=1\" alt=\"Benjam\u00edn Netanyahu\" width=\"1200\" height=\"675\"\/><\/source><\/source><\/source><\/source><\/picture><\/div>\n<div class=\"info\">\n<div class=\"caption\">\n<p><span>El primer ministro israel\u00ed, Benjam\u00edn Netanyahu, ha prometido seguir adelante con la erradicaci\u00f3n de Ham\u00e1s.<\/span> <span>(REUTERS\/Ronen Zvulun\/Piscina\/Foto de archivo)<\/span><\/p>\n<\/div>\n<\/div>\n<\/div>\n<p><u>Gabinete de Israel<\/u> aprob\u00f3 el acuerdo la madrugada del s\u00e1bado para un alto el fuego en Gaza que incluir\u00eda la liberaci\u00f3n de docenas de rehenes y pausar\u00eda la guerra con Hamas que comenz\u00f3 despu\u00e9s del ataque del grupo terrorista del 7 de octubre de 2023 contra el Estado jud\u00edo.<\/p>\n<p>El acuerdo permitir\u00eda liberar a 33 rehenes durante las pr\u00f3ximas seis semanas, a cambio de cientos de palestinos encarcelados por Israel. Los rehenes restantes ser\u00e1n liberados en una segunda fase que se negociar\u00e1 durante la primera.<\/p>\n<p>Ham\u00e1s acord\u00f3 liberar a tres mujeres rehenes el primer d\u00eda del acuerdo, cuatro el s\u00e9ptimo d\u00eda y las 26 restantes durante las pr\u00f3ximas cinco semanas.<\/p>\n<div class=\"image-ct inline\">\n<div class=\"m\"><picture><source media=\"(max-width: 767px)\" srcset=\"https:\/\/a57.foxnews.com\/static.foxnews.com\/foxnews.com\/content\/uploads\/2025\/01\/343\/192\/israelisoldiers.png?ve=1&amp;tl=1, https:\/\/a57.foxnews.com\/static.foxnews.com\/foxnews.com\/content\/uploads\/2025\/01\/686\/384\/israelisoldiers.png?ve=1&amp;tl=1 2x\" height=\"192\" width=\"343\"><source media=\"(min-width: 768px) and (max-width: 1023px)\" srcset=\"https:\/\/a57.foxnews.com\/static.foxnews.com\/foxnews.com\/content\/uploads\/2025\/01\/672\/378\/israelisoldiers.png?ve=1&amp;tl=1, https:\/\/a57.foxnews.com\/static.foxnews.com\/foxnews.com\/content\/uploads\/2025\/01\/1344\/756\/israelisoldiers.png?ve=1&amp;tl=1 2x\" height=\"378\" width=\"672\"><source media=\"(min-width: 1024px) and (max-width: 1279px)\" srcset=\"https:\/\/a57.foxnews.com\/static.foxnews.com\/foxnews.com\/content\/uploads\/2025\/01\/931\/523\/israelisoldiers.png?ve=1&amp;tl=1, https:\/\/a57.foxnews.com\/static.foxnews.com\/foxnews.com\/content\/uploads\/2025\/01\/1862\/1046\/israelisoldiers.png?ve=1&amp;tl=1 2x\" height=\"523\" width=\"931\"><source media=\"(min-width: 1280px)\" srcset=\"https:\/\/a57.foxnews.com\/static.foxnews.com\/foxnews.com\/content\/uploads\/2025\/01\/720\/405\/israelisoldiers.png?ve=1&amp;tl=1, https:\/\/a57.foxnews.com\/static.foxnews.com\/foxnews.com\/content\/uploads\/2025\/01\/1440\/810\/israelisoldiers.png?ve=1&amp;tl=1 2x\" height=\"405\" width=\"720\"><img loading=\"lazy\" decoding=\"async\" src=\"https:\/\/a57.foxnews.com\/static.foxnews.com\/foxnews.com\/content\/uploads\/2025\/01\/1200\/675\/israelisoldiers.png?ve=1&amp;tl=1\" alt=\"Una ni\u00f1a se detiene ante un mural de mujeres soldados israel\u00edes.\" width=\"1200\" height=\"675\"\/><\/source><\/source><\/source><\/source><\/picture><\/div>\n<div class=\"info\">\n<div class=\"caption\">\n<p><span>Una ni\u00f1a se detiene ante un mural de mujeres soldados israel\u00edes retenido por Hamas en la Franja de Gaza, en Tel Aviv, Israel, el viernes 17 de enero de 2025. En hebreo dice: \u00abm\u00edralas a los ojos\u00bb.<\/span> <span>(AP)<\/span><\/p>\n<\/div>\n<\/div>\n<\/div>\n<p>Ham\u00e1s ha dicho que no liberar\u00e1 a los rehenes restantes sin un alto el fuego duradero y una retirada total de Israel.<\/p>\n<p>Este es el segundo alto el fuego logrado durante la guerra.<\/p>\n<p>Se espera que Gaza reciba un aumento de la ayuda humanitaria cuando comience el alto el fuego.<\/p>\n<p><strong><u>LAS FUERZAS DE DEFENSA DE ISRAEL RECIBIR\u00c1N REHENES EL DOMINGO CON REMOLQUES EQUIPADOS Y SUMINISTROS RECONFORTANTES<\/u><\/strong><\/p>\n<div class=\"image-ct inline\">\n<div class=\"m\"><picture><source media=\"(max-width: 767px)\" srcset=\"https:\/\/a57.foxnews.com\/static.foxnews.com\/foxnews.com\/content\/uploads\/2025\/01\/343\/192\/deal-3.jpg?ve=1&amp;tl=1, https:\/\/a57.foxnews.com\/static.foxnews.com\/foxnews.com\/content\/uploads\/2025\/01\/686\/384\/deal-3.jpg?ve=1&amp;tl=1 2x\" height=\"192\" width=\"343\"><source media=\"(min-width: 768px) and (max-width: 1023px)\" srcset=\"https:\/\/a57.foxnews.com\/static.foxnews.com\/foxnews.com\/content\/uploads\/2025\/01\/672\/378\/deal-3.jpg?ve=1&amp;tl=1, https:\/\/a57.foxnews.com\/static.foxnews.com\/foxnews.com\/content\/uploads\/2025\/01\/1344\/756\/deal-3.jpg?ve=1&amp;tl=1 2x\" height=\"378\" width=\"672\"><source media=\"(min-width: 1024px) and (max-width: 1279px)\" srcset=\"https:\/\/a57.foxnews.com\/static.foxnews.com\/foxnews.com\/content\/uploads\/2025\/01\/931\/523\/deal-3.jpg?ve=1&amp;tl=1, https:\/\/a57.foxnews.com\/static.foxnews.com\/foxnews.com\/content\/uploads\/2025\/01\/1862\/1046\/deal-3.jpg?ve=1&amp;tl=1 2x\" height=\"523\" width=\"931\"><source media=\"(min-width: 1280px)\" srcset=\"https:\/\/a57.foxnews.com\/static.foxnews.com\/foxnews.com\/content\/uploads\/2025\/01\/720\/405\/deal-3.jpg?ve=1&amp;tl=1, https:\/\/a57.foxnews.com\/static.foxnews.com\/foxnews.com\/content\/uploads\/2025\/01\/1440\/810\/deal-3.jpg?ve=1&amp;tl=1 2x\" height=\"405\" width=\"720\"><img loading=\"lazy\" decoding=\"async\" src=\"https:\/\/a57.foxnews.com\/static.foxnews.com\/foxnews.com\/content\/uploads\/2025\/01\/1200\/675\/deal-3.jpg?ve=1&amp;tl=1\" alt=\"rehenes de israel\" width=\"1200\" height=\"675\"\/><\/source><\/source><\/source><\/source><\/picture><\/div>\n<div class=\"info\">\n<div class=\"caption\">\n<p><span>Una pared cubierta con fotograf\u00edas de rehenes retenidos en la Franja de Gaza despu\u00e9s del mortal ataque de Ham\u00e1s del 7 de octubre que ped\u00eda la liberaci\u00f3n de los rehenes el 17 de enero de 2025 en Tel Aviv, Israel.<\/span> <span>(Foto de Amir Levy\/Getty Images)<\/span><\/p>\n<\/div>\n<\/div>\n<\/div>\n<p><strong><u>HAGA CLIC AQU\u00cd PARA OBTENER LA APLICACI\u00d3N FOX NEWS<\/u><\/strong><\/p>\n<p>Los 15 meses de duraci\u00f3n <u>guerra en gaza<\/u> Comenz\u00f3 cuando Ham\u00e1s lanz\u00f3 un ataque sorpresa contra Israel el 7 de octubre de 2023, en el que aproximadamente 1.200 personas fueron asesinadas y unas 250 m\u00e1s fueron secuestradas, lo que provoc\u00f3 represalias militares por parte de las fuerzas israel\u00edes. Casi 100 rehenes siguen cautivos en Gaza.<\/p>\n<p>M\u00e1s de 46.000 palestinos han muerto por la ofensiva de Israel, seg\u00fan los funcionarios de salud locales del gobierno dirigido por Ham\u00e1s, que no distinguen entre civiles y terroristas.<\/p>\n<p> <!---->  <\/div>\n\n","protected":false},"excerpt":{"rendered":"<p>El primer ministro israel\u00ed, Benjam\u00edn Netanyahu, realiz\u00f3 una evaluaci\u00f3n de la situaci\u00f3n de seguridad por la demora en recibir la lista de rehenes que se espera sean liberados el domingo por la ma\u00f1ana como parte de un acuerdo de alto el fuego con Ham\u00e1s. Netanyahu dijo a las Fuerzas de Defensa de Israel que el &hellip;<\/p>\n","protected":false},"author":1,"featured_media":11042,"comment_status":"open","ping_status":"open","sticky":false,"template":"","format":"standard","meta":{"fifu_image_url":"https:\/\/static.foxnews.com\/foxnews.com\/content\/uploads\/2024\/04\/benjamin-netanyahu.jpg","fifu_image_alt":"","footnotes":""},"categories":[13],"tags":[],"class_list":["post-11040","post","type-post","status-publish","format-standard","has-post-thumbnail","","category-mundo"],"_links":{"self":[{"href":"https:\/\/noticiasveraces.com\/index.php?rest_route=\/wp\/v2\/posts\/11040","targetHints":{"allow":["GET"]}}],"collection":[{"href":"https:\/\/noticiasveraces.com\/index.php?rest_route=\/wp\/v2\/posts"}],"about":[{"href":"https:\/\/noticiasveraces.com\/index.php?rest_route=\/wp\/v2\/types\/post"}],"author":[{"embeddable":true,"href":"https:\/\/noticiasveraces.com\/index.php?rest_route=\/wp\/v2\/users\/1"}],"replies":[{"embeddable":true,"href":"https:\/\/noticiasveraces.com\/index.php?rest_route=%2Fwp%2Fv2%2Fcomments&post=11040"}],"version-history":[{"count":0,"href":"https:\/\/noticiasveraces.com\/index.php?rest_route=\/wp\/v2\/posts\/11040\/revisions"}],"wp:featuredmedia":[{"embeddable":true,"href":"https:\/\/noticiasveraces.com\/index.php?rest_route=\/wp\/v2\/media\/11042"}],"wp:attachment":[{"href":"https:\/\/noticiasveraces.com\/index.php?rest_route=%2Fwp%2Fv2%2Fmedia&parent=11040"}],"wp:term":[{"taxonomy":"category","embeddable":true,"href":"https:\/\/noticiasveraces.com\/index.php?rest_route=%2Fwp%2Fv2%2Fcategories&post=11040"},{"taxonomy":"post_tag","embeddable":true,"href":"https:\/\/noticiasveraces.com\/index.php?rest_route=%2Fwp%2Fv2%2Ftags&post=11040"}],"curies":[{"name":"wp","href":"https:\/\/api.w.org\/{rel}","templated":true}]}}