{"id":11036,"date":"2025-01-19T01:09:43","date_gmt":"2025-01-19T05:09:43","guid":{"rendered":"https:\/\/noticiasveraces.com\/?p=11036"},"modified":"2025-01-19T01:09:43","modified_gmt":"2025-01-19T05:09:43","slug":"justicia-amplia-detencion-del-presidente-yoon-dw-19-01-2025","status":"publish","type":"post","link":"https:\/\/noticiasveraces.com\/?p=11036","title":{"rendered":"justicia ampl\u00eda detenci\u00f3n del presidente Yoon \u2013 DW \u2013 19\/01\/2025"},"content":{"rendered":"<p> \n<\/p>\n<div>\n<p>La Justicia de Corea del Sur prorrog\u00f3 este domingo (19.01.2024) la detenci\u00f3n del presidente Yoon Suk Yeol, suspendida de sus funciones por haber intentado imponer la ley marcial.<\/p>\n<p>Tras el anuncio de la decisi\u00f3n, manifestantes iracundos rompieron ventanas del tribunal, situado en el oeste de Se\u00fal, e irrumpieron en el mismo, seg\u00fan im\u00e1genes retransmitidas en directo.<\/p>\n<p>\u00abPreocupa el hecho de que el sospechoso pueda destruir pruebas\u00bb, indicaron los jueces al explicar su decisi\u00f3n de no poner en libertad al jefe del Estado.<\/p>\n<p>Decenas de miles &#8211; 44.000 seg\u00fan la polic\u00eda &#8212; de manifestantes que coreaban lemas de apoyo a Yoon, algunos con pancartas que rezaban \u00abLiberen al presidente\u00bb, se congregaron frente a la corte y algunos se enfrentaron a la polic\u00eda.<\/p>\n<p>Cuarenta manifestantes fueron arrestados por agredir b\u00e1sicamente a los agentes, atacar a periodistas o intentar entrar por la fuerza al juzgado, entre otros delitos, indic\u00f3 un oficial de la polic\u00eda de Se\u00fal a AFP. <\/p>\n<p>Yoon, que fue suspendido y arrestado por haber impuesto brevemente la ley marcial en diciembre, compar\u00f3 el s\u00e1bado ante el tribunal y habl\u00f3 durante 40 minutos, indic\u00f3 la agencia de noticias Yonhap.<\/p>\n<p>La audiencia dur\u00f3 unas cinco horas y termin\u00f3 hacia las 18h50 (09h50 GMT), seg\u00fan un funcionario judicial.<\/p>\n<p>Yoon sali\u00f3 del tribunal en una camioneta azul del Ministerio de Justicia rumbo al centro de detenci\u00f3n de Se\u00fal donde est\u00e1 recluido. <\/p>\n<p>Al prorrogar su detenci\u00f3n, el tribunal dio m\u00e1s tiempo a los fiscales para formalizar la acusaci\u00f3n por insurrecci\u00f3n, punible con cadena perpetua o incluso pena de muerte, si es declarado culpable.<\/p>\n<p>Yoon est\u00e1 acusado de haber desestabilizado el pa\u00eds al declarar por sorpresa la ley marcial el 3 de diciembre que poco despu\u00e9s invalid\u00f3 la Asamblea nacional dentro de un parlamento rodeado de soldados.<\/p>\n<p>El 15 de enero fue arrestado por la polic\u00eda y los investigadores anticorrupci\u00f3n en su residencia oficial tras una operaci\u00f3n que dur\u00f3 seis horas.<\/p>\n<p>jc (afp, ap)<\/p>\n<\/p>\n<\/div>\n\n","protected":false},"excerpt":{"rendered":"<p>La Justicia de Corea del Sur prorrog\u00f3 este domingo (19.01.2024) la detenci\u00f3n del presidente Yoon Suk Yeol, suspendida de sus funciones por haber intentado imponer la ley marcial. Tras el anuncio de la decisi\u00f3n, manifestantes iracundos rompieron ventanas del tribunal, situado en el oeste de Se\u00fal, e irrumpieron en el mismo, seg\u00fan im\u00e1genes retransmitidas en &hellip;<\/p>\n","protected":false},"author":1,"featured_media":11037,"comment_status":"open","ping_status":"open","sticky":false,"template":"","format":"standard","meta":{"fifu_image_url":"https:\/\/static.dw.com\/image\/71151322_6.jpg","fifu_image_alt":"","footnotes":""},"categories":[13],"tags":[],"class_list":["post-11036","post","type-post","status-publish","format-standard","has-post-thumbnail","","category-mundo"],"_links":{"self":[{"href":"https:\/\/noticiasveraces.com\/index.php?rest_route=\/wp\/v2\/posts\/11036","targetHints":{"allow":["GET"]}}],"collection":[{"href":"https:\/\/noticiasveraces.com\/index.php?rest_route=\/wp\/v2\/posts"}],"about":[{"href":"https:\/\/noticiasveraces.com\/index.php?rest_route=\/wp\/v2\/types\/post"}],"author":[{"embeddable":true,"href":"https:\/\/noticiasveraces.com\/index.php?rest_route=\/wp\/v2\/users\/1"}],"replies":[{"embeddable":true,"href":"https:\/\/noticiasveraces.com\/index.php?rest_route=%2Fwp%2Fv2%2Fcomments&post=11036"}],"version-history":[{"count":0,"href":"https:\/\/noticiasveraces.com\/index.php?rest_route=\/wp\/v2\/posts\/11036\/revisions"}],"wp:featuredmedia":[{"embeddable":true,"href":"https:\/\/noticiasveraces.com\/index.php?rest_route=\/wp\/v2\/media\/11037"}],"wp:attachment":[{"href":"https:\/\/noticiasveraces.com\/index.php?rest_route=%2Fwp%2Fv2%2Fmedia&parent=11036"}],"wp:term":[{"taxonomy":"category","embeddable":true,"href":"https:\/\/noticiasveraces.com\/index.php?rest_route=%2Fwp%2Fv2%2Fcategories&post=11036"},{"taxonomy":"post_tag","embeddable":true,"href":"https:\/\/noticiasveraces.com\/index.php?rest_route=%2Fwp%2Fv2%2Ftags&post=11036"}],"curies":[{"name":"wp","href":"https:\/\/api.w.org\/{rel}","templated":true}]}}