{"id":11033,"date":"2025-01-19T00:08:26","date_gmt":"2025-01-19T04:08:26","guid":{"rendered":"https:\/\/noticiasveraces.com\/?p=11033"},"modified":"2025-01-19T00:08:26","modified_gmt":"2025-01-19T04:08:26","slug":"que-esperar-cuando-el-alto-el-fuego-entre-israel-y-hamas-entre-en-vigor-el-domingo","status":"publish","type":"post","link":"https:\/\/noticiasveraces.com\/?p=11033","title":{"rendered":"Qu\u00e9 esperar cuando el alto el fuego entre Israel y Hamas entre en vigor el domingo"},"content":{"rendered":"<p> \n<\/p>\n<div>\n<p class=\"speakable\">Despu\u00e9s de que el acuerdo de alto el fuego entre Israel y Hamas entre en vigor el domingo por la ma\u00f1ana a las 8:30 am hora local en Israel, que es la 1:30 am ET, se espera que tres mujeres rehenes sean las primeras en ser liberadas. <\/p>\n<p class=\"speakable\">Hasta el s\u00e1bado, a las 8 pm ET, Israel todav\u00eda estaba esperando la lista de qu\u00e9 rehenes ser\u00edan liberados primero. <\/p>\n<p>El Gabinete de Israel aprob\u00f3 el s\u00e1bado por la ma\u00f1ana temprano el acuerdo para un alto el fuego en Gaza y la liberaci\u00f3n de los rehenes israel\u00edes capturados despu\u00e9s del ataque no provocado de Hamas a Israel el 7 de octubre de 2023. <\/p>\n<p>La primera fase del acuerdo comienza el domingo con la liberaci\u00f3n de los tres primeros rehenes y dura 42 d\u00edas. <\/p>\n<p><strong>LAS FUERZAS DE DEFENSA DE ISRAEL RECIBIR\u00c1N REHENES EL DOMINGO CON REMOLQUES EQUIPADOS Y SUMINISTROS RECONFORTANTES<\/strong><\/p>\n<div class=\"image-ct inline\">\n<div class=\"m\"><picture><source media=\"(max-width: 767px)\" srcset=\"https:\/\/a57.foxnews.com\/static.foxnews.com\/foxnews.com\/content\/uploads\/2025\/01\/343\/192\/netanyahu.jpg?ve=1&amp;tl=1, https:\/\/a57.foxnews.com\/static.foxnews.com\/foxnews.com\/content\/uploads\/2025\/01\/686\/384\/netanyahu.jpg?ve=1&amp;tl=1 2x\" height=\"192\" width=\"343\"><source media=\"(min-width: 768px) and (max-width: 1023px)\" srcset=\"https:\/\/a57.foxnews.com\/static.foxnews.com\/foxnews.com\/content\/uploads\/2025\/01\/672\/378\/netanyahu.jpg?ve=1&amp;tl=1, https:\/\/a57.foxnews.com\/static.foxnews.com\/foxnews.com\/content\/uploads\/2025\/01\/1344\/756\/netanyahu.jpg?ve=1&amp;tl=1 2x\" height=\"378\" width=\"672\"><source media=\"(min-width: 1024px) and (max-width: 1279px)\" srcset=\"https:\/\/a57.foxnews.com\/static.foxnews.com\/foxnews.com\/content\/uploads\/2025\/01\/931\/523\/netanyahu.jpg?ve=1&amp;tl=1, https:\/\/a57.foxnews.com\/static.foxnews.com\/foxnews.com\/content\/uploads\/2025\/01\/1862\/1046\/netanyahu.jpg?ve=1&amp;tl=1 2x\" height=\"523\" width=\"931\"><source media=\"(min-width: 1280px)\" srcset=\"https:\/\/a57.foxnews.com\/static.foxnews.com\/foxnews.com\/content\/uploads\/2025\/01\/720\/405\/netanyahu.jpg?ve=1&amp;tl=1, https:\/\/a57.foxnews.com\/static.foxnews.com\/foxnews.com\/content\/uploads\/2025\/01\/1440\/810\/netanyahu.jpg?ve=1&amp;tl=1 2x\" height=\"405\" width=\"720\"><img loading=\"lazy\" decoding=\"async\" src=\"https:\/\/a57.foxnews.com\/static.foxnews.com\/foxnews.com\/content\/uploads\/2025\/01\/1200\/675\/netanyahu.jpg?ve=1&amp;tl=1\" alt=\"Netauyahu hablando\" width=\"1200\" height=\"675\"\/><\/source><\/source><\/source><\/source><\/picture><\/div>\n<div class=\"info\">\n<div class=\"caption\">\n<p><span>Despu\u00e9s de que el acuerdo de alto el fuego entre Israel y Ham\u00e1s entre en vigor el domingo por la ma\u00f1ana a las 8:30 am hora local, que es la 1:30 am ET, se espera que tres mujeres rehenes sean las primeras en ser liberadas. <\/span> <span>(Maya Alleruzzo\/Pool\/AFP v\u00eda Getty Images)<\/span><\/p>\n<\/div>\n<\/div>\n<\/div>\n<p>Durante ese tiempo se liberar\u00e1 a un total de 33 rehenes, teniendo como prioridad ni\u00f1os, mujeres, mujeres soldado, personas mayores de 50 a\u00f1os y hombres enfermos o heridos. Tambi\u00e9n se enviar\u00e1 de regreso a Gaza a m\u00e1s de 1.000 prisioneros palestinos. <\/p>\n<p>Se cree que la mayor\u00eda de los rehenes israel\u00edes todav\u00eda est\u00e1n vivos, pero sus identidades no se revelar\u00e1n hasta que se acerque el momento de su liberaci\u00f3n. <\/p>\n<p>Otros cuatro rehenes ser\u00e1n liberados el d\u00eda siete y tres m\u00e1s ser\u00e1n liberados el d\u00eda 14, dando prioridad a las mujeres.<\/p>\n<p>Tambi\u00e9n se liberar\u00e1n tres rehenes m\u00e1s el d\u00eda 28 y nuevamente el d\u00eda 35. <\/p>\n<p>Entre los d\u00edas 35 y 42 ser\u00e1n liberados los rehenes Avera Mengistu y Hisham al-Sayed, ambos retenidos en Gaza desde 2014 y 2015.<\/p>\n<p><strong>ALTO EL FUEGO ISRAEL-HAMAS: EL GOBIERNO ISRAEL\u00cd APRUEBA EL ACUERDO FIRMADO POR LOS NEGOCIADORES<\/strong><\/p>\n<p>En la \u00faltima semana de la fase uno, 12 rehenes ser\u00e1n liberados. <\/p>\n<div class=\"image-ct inline\">\n<div class=\"m\"><picture><source media=\"(max-width: 767px)\" srcset=\"https:\/\/a57.foxnews.com\/static.foxnews.com\/foxnews.com\/content\/uploads\/2025\/01\/343\/192\/israel-protesters.jpg?ve=1&amp;tl=1, https:\/\/a57.foxnews.com\/static.foxnews.com\/foxnews.com\/content\/uploads\/2025\/01\/686\/384\/israel-protesters.jpg?ve=1&amp;tl=1 2x\" height=\"192\" width=\"343\"><source media=\"(min-width: 768px) and (max-width: 1023px)\" srcset=\"https:\/\/a57.foxnews.com\/static.foxnews.com\/foxnews.com\/content\/uploads\/2025\/01\/672\/378\/israel-protesters.jpg?ve=1&amp;tl=1, https:\/\/a57.foxnews.com\/static.foxnews.com\/foxnews.com\/content\/uploads\/2025\/01\/1344\/756\/israel-protesters.jpg?ve=1&amp;tl=1 2x\" height=\"378\" width=\"672\"><source media=\"(min-width: 1024px) and (max-width: 1279px)\" srcset=\"https:\/\/a57.foxnews.com\/static.foxnews.com\/foxnews.com\/content\/uploads\/2025\/01\/931\/523\/israel-protesters.jpg?ve=1&amp;tl=1, https:\/\/a57.foxnews.com\/static.foxnews.com\/foxnews.com\/content\/uploads\/2025\/01\/1862\/1046\/israel-protesters.jpg?ve=1&amp;tl=1 2x\" height=\"523\" width=\"931\"><source media=\"(min-width: 1280px)\" srcset=\"https:\/\/a57.foxnews.com\/static.foxnews.com\/foxnews.com\/content\/uploads\/2025\/01\/720\/405\/israel-protesters.jpg?ve=1&amp;tl=1, https:\/\/a57.foxnews.com\/static.foxnews.com\/foxnews.com\/content\/uploads\/2025\/01\/1440\/810\/israel-protesters.jpg?ve=1&amp;tl=1 2x\" height=\"405\" width=\"720\"><img loading=\"lazy\" decoding=\"async\" src=\"https:\/\/a57.foxnews.com\/static.foxnews.com\/foxnews.com\/content\/uploads\/2025\/01\/1200\/675\/israel-protesters.jpg?ve=1&amp;tl=1\" alt=\"Manifestantes que quieren la liberaci\u00f3n de rehenes\" width=\"1200\" height=\"675\"\/><\/source><\/source><\/source><\/source><\/picture><\/div>\n<div class=\"info\">\n<div class=\"caption\">\n<p><span>Cientos de personas se reunieron el s\u00e1bado en Tel Aviv, Israel, para exigir el regreso inmediato de los rehenes a sus hogares tras la entrada en vigor del alto el fuego.<\/span> <span>(Nir Keidar\/Anadolu v\u00eda Getty Images)<\/span><\/p>\n<\/div>\n<\/div>\n<\/div>\n<p>El d\u00eda 16 de la Fase Uno, comenzar\u00e1n las negociaciones para la Fase Dos, que se espera incluya la liberaci\u00f3n de todos los rehenes israel\u00edes restantes, incluidos hombres j\u00f3venes, soldados y soldados ca\u00eddos.<\/p>\n<p>La segunda fase comenzar\u00e1 el d\u00eda 43 y durar\u00e1 otros 42 d\u00edas. <\/p>\n<p>El gobierno israel\u00ed decidi\u00f3 que las Fuerzas de Defensa de Israel permanecer\u00e1n en Gaza hasta que se libere al \u00faltimo reh\u00e9n, pero regresar\u00e1n a una zona de seguridad a lo largo de la frontera de Gaza que brinda seguridad a los residentes que viven all\u00ed. <\/p>\n<div class=\"image-ct inline\">\n<div class=\"m\"><picture><source media=\"(max-width: 767px)\" srcset=\"https:\/\/a57.foxnews.com\/static.foxnews.com\/foxnews.com\/content\/uploads\/2025\/01\/343\/192\/whatsapp-image-2025-01-17-at-11.55.47.jpeg?ve=1&amp;tl=1, https:\/\/a57.foxnews.com\/static.foxnews.com\/foxnews.com\/content\/uploads\/2025\/01\/686\/384\/whatsapp-image-2025-01-17-at-11.55.47.jpeg?ve=1&amp;tl=1 2x\" height=\"192\" width=\"343\"><source media=\"(min-width: 768px) and (max-width: 1023px)\" srcset=\"https:\/\/a57.foxnews.com\/static.foxnews.com\/foxnews.com\/content\/uploads\/2025\/01\/672\/378\/whatsapp-image-2025-01-17-at-11.55.47.jpeg?ve=1&amp;tl=1, https:\/\/a57.foxnews.com\/static.foxnews.com\/foxnews.com\/content\/uploads\/2025\/01\/1344\/756\/whatsapp-image-2025-01-17-at-11.55.47.jpeg?ve=1&amp;tl=1 2x\" height=\"378\" width=\"672\"><source media=\"(min-width: 1024px) and (max-width: 1279px)\" srcset=\"https:\/\/a57.foxnews.com\/static.foxnews.com\/foxnews.com\/content\/uploads\/2025\/01\/931\/523\/whatsapp-image-2025-01-17-at-11.55.47.jpeg?ve=1&amp;tl=1, https:\/\/a57.foxnews.com\/static.foxnews.com\/foxnews.com\/content\/uploads\/2025\/01\/1862\/1046\/whatsapp-image-2025-01-17-at-11.55.47.jpeg?ve=1&amp;tl=1 2x\" height=\"523\" width=\"931\"><source media=\"(min-width: 1280px)\" srcset=\"https:\/\/a57.foxnews.com\/static.foxnews.com\/foxnews.com\/content\/uploads\/2025\/01\/720\/405\/whatsapp-image-2025-01-17-at-11.55.47.jpeg?ve=1&amp;tl=1, https:\/\/a57.foxnews.com\/static.foxnews.com\/foxnews.com\/content\/uploads\/2025\/01\/1440\/810\/whatsapp-image-2025-01-17-at-11.55.47.jpeg?ve=1&amp;tl=1 2x\" height=\"405\" width=\"720\"><img loading=\"lazy\" decoding=\"async\" src=\"https:\/\/a57.foxnews.com\/static.foxnews.com\/foxnews.com\/content\/uploads\/2025\/01\/1200\/675\/whatsapp-image-2025-01-17-at-11.55.47.jpeg?ve=1&amp;tl=1\" alt=\"gabinete israel\u00ed \" width=\"1200\" height=\"675\"\/><\/source><\/source><\/source><\/source><\/picture><\/div>\n<div class=\"info\">\n<div class=\"caption\">\n<p><span>Netanyahu y su gabinete discuten sobre los rehenes para un acuerdo de alto el fuego en la oficina del Primer Ministro en Jerusal\u00e9n el viernes.<\/span> <span>(Cortes\u00eda: GPO)<\/span><\/p>\n<\/div>\n<\/div>\n<\/div>\n<p><strong>HAGA CLIC AQU\u00cd PARA OBTENER LA APLICACI\u00d3N FOX NEWS<\/strong><\/p>\n<p>El plan es un nuevo enfoque de defensa y a\u00fan se est\u00e1 ultimando bajo el Comando Sur de las FDI. <\/p>\n<p> <!---->  <\/div>\n\n","protected":false},"excerpt":{"rendered":"<p>Despu\u00e9s de que el acuerdo de alto el fuego entre Israel y Hamas entre en vigor el domingo por la ma\u00f1ana a las 8:30 am hora local en Israel, que es la 1:30 am ET, se espera que tres mujeres rehenes sean las primeras en ser liberadas. Hasta el s\u00e1bado, a las 8 pm ET, &hellip;<\/p>\n","protected":false},"author":1,"featured_media":11035,"comment_status":"open","ping_status":"open","sticky":false,"template":"","format":"standard","meta":{"fifu_image_url":"https:\/\/static.foxnews.com\/foxnews.com\/content\/uploads\/2025\/01\/israel-protesters.jpg","fifu_image_alt":"","footnotes":""},"categories":[13],"tags":[],"class_list":["post-11033","post","type-post","status-publish","format-standard","has-post-thumbnail","","category-mundo"],"_links":{"self":[{"href":"https:\/\/noticiasveraces.com\/index.php?rest_route=\/wp\/v2\/posts\/11033","targetHints":{"allow":["GET"]}}],"collection":[{"href":"https:\/\/noticiasveraces.com\/index.php?rest_route=\/wp\/v2\/posts"}],"about":[{"href":"https:\/\/noticiasveraces.com\/index.php?rest_route=\/wp\/v2\/types\/post"}],"author":[{"embeddable":true,"href":"https:\/\/noticiasveraces.com\/index.php?rest_route=\/wp\/v2\/users\/1"}],"replies":[{"embeddable":true,"href":"https:\/\/noticiasveraces.com\/index.php?rest_route=%2Fwp%2Fv2%2Fcomments&post=11033"}],"version-history":[{"count":0,"href":"https:\/\/noticiasveraces.com\/index.php?rest_route=\/wp\/v2\/posts\/11033\/revisions"}],"wp:featuredmedia":[{"embeddable":true,"href":"https:\/\/noticiasveraces.com\/index.php?rest_route=\/wp\/v2\/media\/11035"}],"wp:attachment":[{"href":"https:\/\/noticiasveraces.com\/index.php?rest_route=%2Fwp%2Fv2%2Fmedia&parent=11033"}],"wp:term":[{"taxonomy":"category","embeddable":true,"href":"https:\/\/noticiasveraces.com\/index.php?rest_route=%2Fwp%2Fv2%2Fcategories&post=11033"},{"taxonomy":"post_tag","embeddable":true,"href":"https:\/\/noticiasveraces.com\/index.php?rest_route=%2Fwp%2Fv2%2Ftags&post=11033"}],"curies":[{"name":"wp","href":"https:\/\/api.w.org\/{rel}","templated":true}]}}