{"id":11030,"date":"2025-01-18T23:30:36","date_gmt":"2025-01-19T03:30:36","guid":{"rendered":"https:\/\/noticiasveraces.com\/?p=11030"},"modified":"2025-01-18T23:30:36","modified_gmt":"2025-01-19T03:30:36","slug":"el-getafe-devuelve-al-barca-al-infierno-de-la-liga-1-1","status":"publish","type":"post","link":"https:\/\/noticiasveraces.com\/?p=11030","title":{"rendered":"El Getafe devuelve al Bar\u00e7a al infierno de la Liga (1-1)"},"content":{"rendered":"<p> \n<\/p>\n<div id=\"intext\">\n<p>Sigue la <b>La pesadilla del Bar\u00e7a en Liga<\/b> (1-1). Ni las sendas goleadas ante el Real Madrid en la Supercopa (5-2) y ante el Betis en Copa (5-1) han servido para que el equipo de Flick se reencuentre con la victoria en la competici\u00f3n dom\u00e9stica.<\/p>\n<h2 class=\"title-h2\">A\u00f1o nuevo pero mismo Bar\u00e7a en Liga<\/h2>\n<p>El Coliseum tampoco parec\u00eda el lugar id\u00f3neo para hacerlo, los de Bordal\u00e1s hacen de su hogar un infierno para todos aquellos que les visitan, solo han recibido <b>6 goles en 11 partidos <\/b>(15 puntos de 33), y eso que este Bar\u00e7a rinde mejor fuera que en Montjuic. Pero, por quinto a\u00f1o consecutivo, los azulgranas se fueron de Getafe sin los tres puntos (empates en los \u00faltimos cuatro duelos) y una victoria azulona en 2020, el Bar\u00e7a, por su parte, no gana ah\u00ed desde 2019, con <b>luis su\u00e1rez<\/b> todav\u00eda en el equipo.<\/p>\n<p>Una historia que termin\u00f3 como los \u00faltimos cuatro partidos ligueros (sin victoria cul\u00e9), y eso que empez\u00f3 de forma inmejorable para los de Flick, con un tempranero gol de Kound\u00e9 en el 9&#8242; tras un error de Soria en el blocaje. Abr\u00f3 r\u00e1pido la lata pero enseguida cay\u00f3 en la trampa de Bordal\u00e1s, que poco a poco fue llevando el partido a su terreno, y que a los 25 minutos encontr\u00f3 premio con un gol de Arambarri que termin\u00f3 siendo la perdici\u00f3n azulgrana. Con un punto en el bolsillo <b>se empez\u00f3 a forjar el muro getafense<\/b>y con \u00e9l la desesperaci\u00f3n de un Barcelona que <b>no encontr\u00e9 huecos<\/b>.<\/p>\n<p>Nadie se defiende en estas situaciones como el Getafe, y nadie controla los tempos como Bordal\u00e1s y los suyos, cuando m\u00e1s avanzaba el encuentro m\u00e1s peque\u00f1o y junto se mostraban los madrile\u00f1os, que incluso asustaron un par de veces con Uche en \u00faltima instancia. Y una vez se sobrepas\u00f3 el 80, pese a que hab\u00eda tiempo, y un largo a\u00f1adido, los jugadores azules ten\u00edan claras sus consignas: que se jugara lo m\u00ednimo posible. Y as\u00ed fue, por medio adem\u00e1s cayeron Raphinha y Balde en las constantes trampas del debutante Ismael.<\/p>\n<h2 class=\"title-h2\">El Bar\u00e7a no gana en Liga desde el 3 de diciembre<\/h2>\n<p>A\u00f1o nuevo y misma historia que el final de 2024, al Bar\u00e7a se le sigue atacando la Liga, y es que la entidad cul\u00e9 <b>no gana desde el 3 de diciembre ante el Mallorca<\/b>desde entonces son cuatro partidos y cuatro pinchazos. Lo de la Supercopa ante el Madrid, visto lo visto, deja en muy mal lugar el planteamiento t\u00e1ctico de Ancelotti, que por otra parte, este domingo se medir\u00e1 a Las Palmas con la posibilidad de retomar el liderato de la Liga y sacar 7 puntos a los catalanes, que a su vez suman 6 de los \u00faltimos 24 puntos en Liga.<\/p>\n<p><i>S\u00edguenos en nuestro canal de WhatsApp y no te pierdas la \u00faltima hora y toda la actualidad de antena3noticias.com<\/i><\/p>\n<div class=\"recirculation-video\" data-mod=\"a3mod_recirculation_video\">\n<div class=\"recirculation-video-wrapper\">\n<div>\n<div class=\"video-wrapper\">\n  <picture class=\"video-main-picture\"><source media=\"(min-width: 481px)\" srcset=\"https:\/\/fotografias.antena3.com\/clipping\/cmsimages01\/2025\/01\/15\/26E080C2-984A-43B5-A3C0-14E18535388F\/paloma-parra-culturista-sanitaria-sabria-que-elegir_94.jpg?crop=853,480,x1,y0&amp;width=800&amp;height=450&amp;optimize=medium&amp;format=webply\" width=\"800\" height=\"450\"><source media=\"(min-width: 391px) and (max-width: 480px)\" srcset=\"https:\/\/fotografias.antena3.com\/clipping\/cmsimages01\/2025\/01\/15\/26E080C2-984A-43B5-A3C0-14E18535388F\/paloma-parra-culturista-sanitaria-sabria-que-elegir_70.jpg?crop=853,480,x1,y0&amp;width=480&amp;height=270&amp;optimize=high&amp;format=webply\" width=\"480\" height=\"270\"><source media=\"(min-width: 321px) and (max-width: 390px)\" srcset=\"https:\/\/fotografias.antena3.com\/clipping\/cmsimages01\/2025\/01\/15\/26E080C2-984A-43B5-A3C0-14E18535388F\/paloma-parra-culturista-sanitaria-sabria-que-elegir_92.jpg?crop=854,480,x0,y0&amp;width=390&amp;height=219&amp;optimize=high&amp;format=webply\" width=\"390\" height=\"219\"><source media=\"(max-width: 320px)\" srcset=\"https:\/\/fotografias.antena3.com\/clipping\/cmsimages01\/2025\/01\/15\/26E080C2-984A-43B5-A3C0-14E18535388F\/paloma-parra-culturista-sanitaria-sabria-que-elegir_52.jpg?crop=853,480,x1,y0&amp;width=320&amp;height=180&amp;optimize=high&amp;format=webply\" width=\"320\" height=\"180\"><img decoding=\"async\" title=\"Paloma Parra, culturista y sanitaria.\" alt=\"Paloma Parra, culturista y sanitaria.\" width=\"480\" height=\"270\" src=\"https:\/\/fotografias.antena3.com\/clipping\/cmsimages01\/2025\/01\/15\/26E080C2-984A-43B5-A3C0-14E18535388F\/paloma-parra-culturista-sanitaria-sabria-que-elegir_70.jpg?crop=853,480,x1,y0&amp;width=480&amp;height=270&amp;optimize=high&amp;format=webply\" loading=\"lazy\" class=\"lazy\"\/><br \/>\n  <\/source><\/source><\/source><\/source><\/picture>\n <\/div>\n<\/div><\/div>\n<\/p><\/div>\n<\/div>\n\n","protected":false},"excerpt":{"rendered":"<p>Sigue la La pesadilla del Bar\u00e7a en Liga (1-1). Ni las sendas goleadas ante el Real Madrid en la Supercopa (5-2) y ante el Betis en Copa (5-1) han servido para que el equipo de Flick se reencuentre con la victoria en la competici\u00f3n dom\u00e9stica. A\u00f1o nuevo pero mismo Bar\u00e7a en Liga El Coliseum tampoco &hellip;<\/p>\n","protected":false},"author":1,"featured_media":11032,"comment_status":"open","ping_status":"open","sticky":false,"template":"","format":"standard","meta":{"fifu_image_url":"https:\/\/fotografias.antena3.com\/clipping\/cmsimages02\/2025\/01\/18\/D414A66F-0EBF-4618-B83F-0B1E8CF11CCE\/lamine-yamal-getafe-barca_69.jpg?crop=3134,1763,x0,y0&width=1280&height=720&optimize=low&format=jpg","fifu_image_alt":"","footnotes":""},"categories":[6],"tags":[],"class_list":["post-11030","post","type-post","status-publish","format-standard","has-post-thumbnail","","category-deportes"],"_links":{"self":[{"href":"https:\/\/noticiasveraces.com\/index.php?rest_route=\/wp\/v2\/posts\/11030","targetHints":{"allow":["GET"]}}],"collection":[{"href":"https:\/\/noticiasveraces.com\/index.php?rest_route=\/wp\/v2\/posts"}],"about":[{"href":"https:\/\/noticiasveraces.com\/index.php?rest_route=\/wp\/v2\/types\/post"}],"author":[{"embeddable":true,"href":"https:\/\/noticiasveraces.com\/index.php?rest_route=\/wp\/v2\/users\/1"}],"replies":[{"embeddable":true,"href":"https:\/\/noticiasveraces.com\/index.php?rest_route=%2Fwp%2Fv2%2Fcomments&post=11030"}],"version-history":[{"count":0,"href":"https:\/\/noticiasveraces.com\/index.php?rest_route=\/wp\/v2\/posts\/11030\/revisions"}],"wp:featuredmedia":[{"embeddable":true,"href":"https:\/\/noticiasveraces.com\/index.php?rest_route=\/wp\/v2\/media\/11032"}],"wp:attachment":[{"href":"https:\/\/noticiasveraces.com\/index.php?rest_route=%2Fwp%2Fv2%2Fmedia&parent=11030"}],"wp:term":[{"taxonomy":"category","embeddable":true,"href":"https:\/\/noticiasveraces.com\/index.php?rest_route=%2Fwp%2Fv2%2Fcategories&post=11030"},{"taxonomy":"post_tag","embeddable":true,"href":"https:\/\/noticiasveraces.com\/index.php?rest_route=%2Fwp%2Fv2%2Ftags&post=11030"}],"curies":[{"name":"wp","href":"https:\/\/api.w.org\/{rel}","templated":true}]}}