{"id":11020,"date":"2025-01-18T23:05:40","date_gmt":"2025-01-19T03:05:40","guid":{"rendered":"https:\/\/noticiasveraces.com\/?p=11020"},"modified":"2025-01-18T23:05:40","modified_gmt":"2025-01-19T03:05:40","slug":"trump-firmara-record-de-decretos-en-el-primer-dia-de-gobierno-dw-19-01-2025","status":"publish","type":"post","link":"https:\/\/noticiasveraces.com\/?p=11020","title":{"rendered":"Trump firmar\u00e1 r\u00e9cord de decretos en el primer d\u00eda de gobierno \u2013 DW \u2013 19\/01\/2025"},"content":{"rendered":"<p> \n<\/p>\n<div>\n<p>Donald Trump afirm\u00f3 este s\u00e1bado (18.01.2025) que prev\u00e9 firmar un n\u00famero de registro de decretos \u00abinmediatamente\u00bb despu\u00e9s de que el lunes pronuncie su discurso de investidura como 47\u00ba presidente de Estados Unidos.<\/p>\n<p>En declaraciones a NBC News, el republicano dijo que a\u00fan no ha determinado cu\u00e1ntos firmar\u00e1, pero la cifra ser\u00e1 \u00abr\u00e9cord\u00bb.<\/p>\n<p>Cuando se le pregunt\u00f3 si superar\u00eda los 100, Trump respondi\u00f3 \u00abal menos en esa categor\u00eda\u00bb.<\/p>\n<p>Se espera que firmes decretos que deshagan muchas de las pol\u00edticas impulsadas durante la administraci\u00f3n del presidente saliente dem\u00f3crata Joe Biden.<\/p>\n<p>La prioridad de Trump para su segundo mandato es la deportaci\u00f3n masiva de migrantes en situaci\u00f3n irregular.<\/p>\n<p>\u00abComenzar\u00e1 muy, muy r\u00e1pidamente\u00bb, dijo Trump a NBC.<\/p>\n<p>\u00abNo puedo decir qu\u00e9 ciudades porque las cosas est\u00e1n evolucionando\u00bb, afirm\u00f3.<\/p>\n<h2>Filtraciones de medios cambian planos<\/h2>\n<p>Tom Homan, a quien Trump ha nombrado \u00abzar de la frontera\u00bb, declar\u00f3 al Washington Post el s\u00e1bado que unas filtraciones a los medios de comunicaci\u00f3n obligaron a la administraci\u00f3n entrante a hacer unos cambios.<\/p>\n<p>Varios medios estadounidenses informaron que estaba prevista una redacci\u00f3n en Chicago el martes.<\/p>\n<p>El equipo de Trump \u00aba\u00fan no ha tomado una decisi\u00f3n\u00bb, dijo Homan al Washington Post.<\/p>\n<p>\u00abEstamos analizando esta filtraci\u00f3n y tomaremos una decisi\u00f3n en funci\u00f3n de ella\u00bb, precis\u00f3.<\/p>\n<p>Homan agreg\u00f3 que la nueva administraci\u00f3n arrestar\u00e1 a las personas que consideran \u00abamenazas a la seguridad p\u00fablica\u00bb desde el \u00abprimer d\u00eda\u00bb.<\/p>\n<p>\u00abArrestamos a personas en todo el pa\u00eds\u00bb, dijo.<\/p>\n<p>Trump lleg\u00f3 a Washington el s\u00e1bado por la noche para comenzar las festividades con un acto privado con fuegos artificiales en su club de golf en Virginia, en las afueras de Washington.<\/p>\n<p>Trump vol\u00f3 a bordo de un avi\u00f3n de la Fuerza A\u00e9rea enviado por el presidente saliente Joe Biden a la base del republicano en Palm Beach Florida, desde donde prepar\u00f3 su transici\u00f3n tras ganar las elecciones del 5 de noviembre frente a la vicepresidenta dem\u00f3crata Kamala Harris.<\/p>\n<p>Su esposa, Melania, su hija Ivanka y su marido, Jared Kushner, le acompa\u00f1aron en el vuelo del s\u00e1bado.<\/p>\n<p>jc (afp, ap)<\/p>\n<\/div>\n\n","protected":false},"excerpt":{"rendered":"<p>Donald Trump afirm\u00f3 este s\u00e1bado (18.01.2025) que prev\u00e9 firmar un n\u00famero de registro de decretos \u00abinmediatamente\u00bb despu\u00e9s de que el lunes pronuncie su discurso de investidura como 47\u00ba presidente de Estados Unidos. En declaraciones a NBC News, el republicano dijo que a\u00fan no ha determinado cu\u00e1ntos firmar\u00e1, pero la cifra ser\u00e1 \u00abr\u00e9cord\u00bb. Cuando se le &hellip;<\/p>\n","protected":false},"author":1,"featured_media":11021,"comment_status":"open","ping_status":"open","sticky":false,"template":"","format":"standard","meta":{"fifu_image_url":"https:\/\/static.dw.com\/image\/71314160_6.jpg","fifu_image_alt":"","footnotes":""},"categories":[13],"tags":[],"class_list":["post-11020","post","type-post","status-publish","format-standard","has-post-thumbnail","","category-mundo"],"_links":{"self":[{"href":"https:\/\/noticiasveraces.com\/index.php?rest_route=\/wp\/v2\/posts\/11020","targetHints":{"allow":["GET"]}}],"collection":[{"href":"https:\/\/noticiasveraces.com\/index.php?rest_route=\/wp\/v2\/posts"}],"about":[{"href":"https:\/\/noticiasveraces.com\/index.php?rest_route=\/wp\/v2\/types\/post"}],"author":[{"embeddable":true,"href":"https:\/\/noticiasveraces.com\/index.php?rest_route=\/wp\/v2\/users\/1"}],"replies":[{"embeddable":true,"href":"https:\/\/noticiasveraces.com\/index.php?rest_route=%2Fwp%2Fv2%2Fcomments&post=11020"}],"version-history":[{"count":0,"href":"https:\/\/noticiasveraces.com\/index.php?rest_route=\/wp\/v2\/posts\/11020\/revisions"}],"wp:featuredmedia":[{"embeddable":true,"href":"https:\/\/noticiasveraces.com\/index.php?rest_route=\/wp\/v2\/media\/11021"}],"wp:attachment":[{"href":"https:\/\/noticiasveraces.com\/index.php?rest_route=%2Fwp%2Fv2%2Fmedia&parent=11020"}],"wp:term":[{"taxonomy":"category","embeddable":true,"href":"https:\/\/noticiasveraces.com\/index.php?rest_route=%2Fwp%2Fv2%2Fcategories&post=11020"},{"taxonomy":"post_tag","embeddable":true,"href":"https:\/\/noticiasveraces.com\/index.php?rest_route=%2Fwp%2Fv2%2Ftags&post=11020"}],"curies":[{"name":"wp","href":"https:\/\/api.w.org\/{rel}","templated":true}]}}