{"id":11002,"date":"2025-01-18T21:05:00","date_gmt":"2025-01-19T01:05:00","guid":{"rendered":"https:\/\/noticiasveraces.com\/?p=11002"},"modified":"2025-01-18T21:05:00","modified_gmt":"2025-01-19T01:05:00","slug":"unas-7-000-personas-se-manifiestan-hasta-las-puertas-de-la-central-nuclear-de-almaraz-para-reclamar-su-continuidad-clima-y-medio-ambiente","status":"publish","type":"post","link":"https:\/\/noticiasveraces.com\/?p=11002","title":{"rendered":"Unas 7.000 personas se manifiestan hasta las puertas de la central nuclear de Almaraz para reclamar su continuidad | Clima y Medio Ambiente"},"content":{"rendered":"<p> \n<br \/><img decoding=\"async\" src=\"https:\/\/imagenes.elpais.com\/resizer\/v2\/ZCS45BNBVIAIZRMAJR2LKBAT4A.jpg?auth=1de891e49b33121b1e1994a09113e9541e5c8899b5df3148a8465c13bb597194\" \/><\/p>\n<div data-dtm-region=\"articulo_cuerpo\">\n<p class=\"\">Alrededor de 7.000 personas se han manifestado este s\u00e1bado, seg\u00fan datos de la Guardia Civil, entre gritos de \u201cno se cierra\u201d y pancartas que reivindican a la central nuclear de Almaraz (C\u00e1ceres) como \u201cmotor de vida y progreso\u201d reclamando la continuidad de esta planta. Convocada por la Plataforma &#8216;S\u00ed a Almaraz, S\u00ed al Futuro&#8217;, la jornada de reivindicaci\u00f3n ha arrancado a las 10,00 horas en la plaza del Ayuntamiento de la localidad, donde se han contabilizado alrededor de 2.500 personas entre las cuales se encontraban la presidenta de la Junta de Extremadura, Mar\u00eda Guardiola entre otros pol\u00edticos del PP y Vox.<\/p>\n<p class=\"\">La manifestaci\u00f3n ha partido desde la plaza del Ayuntamiento de Almaraz, donde Mar\u00eda Guardiola ha calificado de \u201chist\u00f3rica\u201d esta jornada de \u201creivindicaci\u00f3n\u201d y \u201cdignidad del pueblo extreme\u00f1o y espa\u00f1ol\u201d, destacando la participaci\u00f3n de autoridades, asociaciones y poblaci\u00f3n civil \u201cpor encima de colores\u201d para \u201cintentar frenar\u201d un cierre que ha tildado de \u201cdesprop\u00f3sito\u201d. \u201cSe empieza por Extremadura, pero esto no es un asunto de pa\u00eds, es una pol\u00edtica de Estado y estamos jug\u00e1ndonos la soberan\u00eda energ\u00e9tica de Espa\u00f1a\u201d, ha advertido Guardiola. <\/p>\n<p class=\"\">  Asimismo, Guardiola, ha aseverado que desde la Junta de Extremadura van a \u201cllegar hasta el final\u201d ya hacer \u201ctodo lo necesario para evitar el cierre\u201d porque, ha remarcado, est\u00e1n \u201ccansados \u200b\u200bde que se decide el futuro de la regi\u00f3n en los despachos de Madrid\u201d. <\/p>\n<p class=\"\">Por su parte, el Ministerio de Transici\u00f3n Ecol\u00f3gica y Reto Demogr\u00e1fico mostr\u00f3 este s\u00e1bado su respeto a la manifestaci\u00f3n en Extremadura contra el cierre de la central nuclear de Almaraz, aunque aclar\u00f3 que \u201cel Gobierno no cierra\u201d, sino que son \u201cdecisiones empresariales\u201d y que \u201cno es una cuesti\u00f3n t\u00e9cnica, sino econ\u00f3mica\u201d, seg\u00fan unas declaraciones recogidas por la agencia Servimedia. \u201cEl PP, que gobierna en Extremadura con el apoyo de VOX en su investidura, est\u00e1 participando activamente en propagar la idea de que es el Ejecutivo el responsable\u201d, reprueba Transici\u00f3n Ecol\u00f3gica. A su juicio, las el\u00e9ctricas espa\u00f1olas no quieren prolongar la vida de sus centrales nucleares porque les exigir\u00edan invertir mucho en las instalaciones para cumplir las normas de seguridad aprobadas por la UE tras el desastre de Fukushima y obtener m\u00e1s rentabilidad invirtiendo en renovables.<\/p>\n<p class=\"\">Durante la concentraci\u00f3n, el alcalde de Almaraz, Juan Antonio D\u00edaz, ha calificado a la central de la localidad como la industria \u201cm\u00e1s necesaria de Extremadura\u201d, al tiempo que ha insistido en que no se puede \u201cperder ni un minuto en defender su continuidad \u201dsi se desea evitar la p\u00e9rdida de empleo y el aumento de la despoblaci\u00f3n.<\/p>\n<p class=\"\">  \u201cHoy empieza el combate, y pido al Gobierno de la naci\u00f3n que rectifique, pues es de valientes reconocer los errores\u201d, ha expresado D\u00edaz sobre esta planta que, seg\u00fan ha explicado el presidente del Comit\u00e9 de Empresa, Borja Romero, genera \u201cel 7 por ciento de la energ\u00eda que se produce en Espa\u00f1a\u201d.<\/p>\n<p class=\"\">Recogiendo ese porcentaje y recordando que la central produce \u201cel equivalente al consumo el\u00e9ctrico de cuatro millones de hogares\u201d, el portavoz del PP de Extremadura, Jos\u00e9 \u00c1ngel S\u00e1nchez Juli\u00e1, ha expresado sus deseos de que los reclamos de esta jornada de protesta \u201cresuenen ma\u00f1ana \u201d en el 15\u00ba Congreso Regional del PSOE en el cual estar\u00e1 el presidente del Gobierno y secretario general del PSOE, Pedro S\u00e1nchez.<\/p>\n<\/div>\n\n","protected":false},"excerpt":{"rendered":"<p>Alrededor de 7.000 personas se han manifestado este s\u00e1bado, seg\u00fan datos de la Guardia Civil, entre gritos de \u201cno se cierra\u201d y pancartas que reivindican a la central nuclear de Almaraz (C\u00e1ceres) como \u201cmotor de vida y progreso\u201d reclamando la continuidad de esta planta. Convocada por la Plataforma &#8216;S\u00ed a Almaraz, S\u00ed al Futuro&#8217;, la &hellip;<\/p>\n","protected":false},"author":1,"featured_media":11004,"comment_status":"open","ping_status":"open","sticky":false,"template":"","format":"standard","meta":{"fifu_image_url":"https:\/\/imagenes.elpais.com\/resizer\/v2\/ZCS45BNBVIAIZRMAJR2LKBAT4A.jpg?auth=1de891e49b33121b1e1994a09113e9541e5c8899b5df3148a8465c13bb597194&width=1200","fifu_image_alt":"","footnotes":""},"categories":[11],"tags":[],"class_list":["post-11002","post","type-post","status-publish","format-standard","has-post-thumbnail","","category-viaje"],"_links":{"self":[{"href":"https:\/\/noticiasveraces.com\/index.php?rest_route=\/wp\/v2\/posts\/11002","targetHints":{"allow":["GET"]}}],"collection":[{"href":"https:\/\/noticiasveraces.com\/index.php?rest_route=\/wp\/v2\/posts"}],"about":[{"href":"https:\/\/noticiasveraces.com\/index.php?rest_route=\/wp\/v2\/types\/post"}],"author":[{"embeddable":true,"href":"https:\/\/noticiasveraces.com\/index.php?rest_route=\/wp\/v2\/users\/1"}],"replies":[{"embeddable":true,"href":"https:\/\/noticiasveraces.com\/index.php?rest_route=%2Fwp%2Fv2%2Fcomments&post=11002"}],"version-history":[{"count":0,"href":"https:\/\/noticiasveraces.com\/index.php?rest_route=\/wp\/v2\/posts\/11002\/revisions"}],"wp:featuredmedia":[{"embeddable":true,"href":"https:\/\/noticiasveraces.com\/index.php?rest_route=\/wp\/v2\/media\/11004"}],"wp:attachment":[{"href":"https:\/\/noticiasveraces.com\/index.php?rest_route=%2Fwp%2Fv2%2Fmedia&parent=11002"}],"wp:term":[{"taxonomy":"category","embeddable":true,"href":"https:\/\/noticiasveraces.com\/index.php?rest_route=%2Fwp%2Fv2%2Fcategories&post=11002"},{"taxonomy":"post_tag","embeddable":true,"href":"https:\/\/noticiasveraces.com\/index.php?rest_route=%2Fwp%2Fv2%2Ftags&post=11002"}],"curies":[{"name":"wp","href":"https:\/\/api.w.org\/{rel}","templated":true}]}}