{"id":10997,"date":"2025-01-18T19:57:50","date_gmt":"2025-01-18T23:57:50","guid":{"rendered":"https:\/\/noticiasveraces.com\/?p=10997"},"modified":"2025-01-18T19:57:50","modified_gmt":"2025-01-18T23:57:50","slug":"cuba-excarcela-al-veterano-opositor-felix-navarro-considerado-preso-de-conciencia-por-ai","status":"publish","type":"post","link":"https:\/\/noticiasveraces.com\/?p=10997","title":{"rendered":"Cuba excarcela al veterano opositor F\u00e9lix Navarro, considerado preso de conciencia por AI"},"content":{"rendered":"<p> \n<br \/><img decoding=\"async\" src=\"https:\/\/s.france24.com\/media\/display\/a54e2cf0-d5f0-11ef-808f-005056a90284\/w:1024\/p:16x9\/174a8888e3d8850de1e59863a8e0466345a0ce69w.jpg\" \/><br \/>El disidente cubano F\u00e9lix Navarro, de 71 a\u00f1os, fue excarcelado el s\u00e1bado 18 de enero en el marco de un acuerdo entre el Gobierno cubano y la Iglesia cat\u00f3lica. La medida tiene lugar despu\u00e9s del retiro de la isla de la lista negra estadounidense de pa\u00edses que apoyan el terrorismo. Navarro cumpli\u00f3 su tercera condena \u00abpor razones pol\u00edticas\u00bb, de acuerdo con Amnist\u00eda Internacional (AI).<br \/>\n<br \/>\n","protected":false},"excerpt":{"rendered":"<p>El disidente cubano F\u00e9lix Navarro, de 71 a\u00f1os, fue excarcelado el s\u00e1bado 18 de enero en el marco de un acuerdo entre el Gobierno cubano y la Iglesia cat\u00f3lica. La medida tiene lugar despu\u00e9s del retiro de la isla de la lista negra estadounidense de pa\u00edses que apoyan el terrorismo. Navarro cumpli\u00f3 su tercera condena &hellip;<\/p>\n","protected":false},"author":1,"featured_media":10999,"comment_status":"open","ping_status":"open","sticky":false,"template":"","format":"standard","meta":{"fifu_image_url":"https:\/\/s.france24.com\/media\/display\/a54e2cf0-d5f0-11ef-808f-005056a90284\/w:1024\/p:16x9\/174a8888e3d8850de1e59863a8e0466345a0ce69w.jpg","fifu_image_alt":"","footnotes":""},"categories":[13],"tags":[],"class_list":["post-10997","post","type-post","status-publish","format-standard","has-post-thumbnail","","category-mundo"],"_links":{"self":[{"href":"https:\/\/noticiasveraces.com\/index.php?rest_route=\/wp\/v2\/posts\/10997","targetHints":{"allow":["GET"]}}],"collection":[{"href":"https:\/\/noticiasveraces.com\/index.php?rest_route=\/wp\/v2\/posts"}],"about":[{"href":"https:\/\/noticiasveraces.com\/index.php?rest_route=\/wp\/v2\/types\/post"}],"author":[{"embeddable":true,"href":"https:\/\/noticiasveraces.com\/index.php?rest_route=\/wp\/v2\/users\/1"}],"replies":[{"embeddable":true,"href":"https:\/\/noticiasveraces.com\/index.php?rest_route=%2Fwp%2Fv2%2Fcomments&post=10997"}],"version-history":[{"count":0,"href":"https:\/\/noticiasveraces.com\/index.php?rest_route=\/wp\/v2\/posts\/10997\/revisions"}],"wp:featuredmedia":[{"embeddable":true,"href":"https:\/\/noticiasveraces.com\/index.php?rest_route=\/wp\/v2\/media\/10999"}],"wp:attachment":[{"href":"https:\/\/noticiasveraces.com\/index.php?rest_route=%2Fwp%2Fv2%2Fmedia&parent=10997"}],"wp:term":[{"taxonomy":"category","embeddable":true,"href":"https:\/\/noticiasveraces.com\/index.php?rest_route=%2Fwp%2Fv2%2Fcategories&post=10997"},{"taxonomy":"post_tag","embeddable":true,"href":"https:\/\/noticiasveraces.com\/index.php?rest_route=%2Fwp%2Fv2%2Ftags&post=10997"}],"curies":[{"name":"wp","href":"https:\/\/api.w.org\/{rel}","templated":true}]}}