{"id":10995,"date":"2025-01-18T18:55:53","date_gmt":"2025-01-18T22:55:53","guid":{"rendered":"https:\/\/noticiasveraces.com\/?p=10995"},"modified":"2025-01-18T18:55:53","modified_gmt":"2025-01-18T22:55:53","slug":"israel-se-reserva-derecho-a-reanudar-el-conflicto-dw-18-01-2025","status":"publish","type":"post","link":"https:\/\/noticiasveraces.com\/?p=10995","title":{"rendered":"Israel se reserva derecho a reanudar el conflicto \u2013 DW \u2013 18\/01\/2025"},"content":{"rendered":"<p> \n<\/p>\n<div>\n<p>El primer ministro israel\u00ed Benjam\u00edn Netanyahu afirm\u00f3 este s\u00e1bado (18.01.2025) que Israel se reserva el derecho de reanudar la guerra contra el grupo terrorista palestino Ham\u00e1s en la Franja de Gaza, y prometi\u00f3 recuperar los rehenes secuestrados en el enclave.<\/p>\n<p>\u00abEl presidente (Donald) Trump y el presidente (Joe) Biden dieron pleno respaldo al combate de Israel a regresar al derecho si Israel concluye que las negociaciones sobre la fase B son in\u00fatiles\u00bb, declar\u00f3 en un discurso televisado, un d\u00eda antes de la entrada en vigor de una tregua entre Ham\u00e1s e Israel.<\/p>\n<p>\u00abPensamos en todos nuestros rehenes (&#8230;) Les prometemos que alcanzaremos todos nuestros objetivos\u00bb, insisti\u00f3 Netanyahu. \u00abCon este acuerdo, traeremos de vuelta a 33 de nuestros hermanos y hermanas, la mayor\u00eda vivos\u00bb, prometi\u00f3.<\/p>\n<p>Desde que comenz\u00f3 el conflicto s\u00f3lo se hab\u00eda logrado una tregua de una semana a finales de noviembre de 2023.<\/p>\n<p>La primera fase del acuerdo de alto al fuego empezar\u00e1 el domingo y deber\u00e1 durar 42 d\u00edas. Sin embargo, ser\u00e1 \u00abtemporal\u00bb, recalc\u00f3 Netanyahu. \u00abSi nos vemos obligados a reanudar la guerra, lo haremos con fuerza\u00bb, advirti\u00f3.<\/p>\n<p>Durante su discurso, el primer ministro israel\u00ed tambi\u00e9n subray\u00f3 que Israel hab\u00eda cambiado \u00abla faz de Medio Oriente\u00bb desde el inicio del conflicto en Gaza, que se desencaden\u00f3 tras el ataque de Ham\u00e1s a Israel el 7 de octubre de 2023.<\/p>\n<p>rr (afp\/reuters\/ap)<\/p>\n<\/div>\n\n","protected":false},"excerpt":{"rendered":"<p>El primer ministro israel\u00ed Benjam\u00edn Netanyahu afirm\u00f3 este s\u00e1bado (18.01.2025) que Israel se reserva el derecho de reanudar la guerra contra el grupo terrorista palestino Ham\u00e1s en la Franja de Gaza, y prometi\u00f3 recuperar los rehenes secuestrados en el enclave. \u00abEl presidente (Donald) Trump y el presidente (Joe) Biden dieron pleno respaldo al combate de &hellip;<\/p>\n","protected":false},"author":1,"featured_media":10996,"comment_status":"open","ping_status":"open","sticky":false,"template":"","format":"standard","meta":{"fifu_image_url":"https:\/\/static.dw.com\/image\/71334788_6.jpg","fifu_image_alt":"","footnotes":""},"categories":[13],"tags":[],"class_list":["post-10995","post","type-post","status-publish","format-standard","has-post-thumbnail","","category-mundo"],"_links":{"self":[{"href":"https:\/\/noticiasveraces.com\/index.php?rest_route=\/wp\/v2\/posts\/10995","targetHints":{"allow":["GET"]}}],"collection":[{"href":"https:\/\/noticiasveraces.com\/index.php?rest_route=\/wp\/v2\/posts"}],"about":[{"href":"https:\/\/noticiasveraces.com\/index.php?rest_route=\/wp\/v2\/types\/post"}],"author":[{"embeddable":true,"href":"https:\/\/noticiasveraces.com\/index.php?rest_route=\/wp\/v2\/users\/1"}],"replies":[{"embeddable":true,"href":"https:\/\/noticiasveraces.com\/index.php?rest_route=%2Fwp%2Fv2%2Fcomments&post=10995"}],"version-history":[{"count":0,"href":"https:\/\/noticiasveraces.com\/index.php?rest_route=\/wp\/v2\/posts\/10995\/revisions"}],"wp:featuredmedia":[{"embeddable":true,"href":"https:\/\/noticiasveraces.com\/index.php?rest_route=\/wp\/v2\/media\/10996"}],"wp:attachment":[{"href":"https:\/\/noticiasveraces.com\/index.php?rest_route=%2Fwp%2Fv2%2Fmedia&parent=10995"}],"wp:term":[{"taxonomy":"category","embeddable":true,"href":"https:\/\/noticiasveraces.com\/index.php?rest_route=%2Fwp%2Fv2%2Fcategories&post=10995"},{"taxonomy":"post_tag","embeddable":true,"href":"https:\/\/noticiasveraces.com\/index.php?rest_route=%2Fwp%2Fv2%2Ftags&post=10995"}],"curies":[{"name":"wp","href":"https:\/\/api.w.org\/{rel}","templated":true}]}}