{"id":10956,"date":"2025-01-18T11:33:41","date_gmt":"2025-01-18T15:33:41","guid":{"rendered":"https:\/\/noticiasveraces.com\/?p=10956"},"modified":"2025-01-18T11:33:41","modified_gmt":"2025-01-18T15:33:41","slug":"dueno-de-telegram-reconoce-gravedad-de-acusacion-en-francia-dw-18-01-2025","status":"publish","type":"post","link":"https:\/\/noticiasveraces.com\/?p=10956","title":{"rendered":"Due\u00f1o de Telegram reconoce gravedad de acusaci\u00f3n en Francia \u2013 DW \u2013 18\/01\/2025"},"content":{"rendered":"<p> \n<\/p>\n<div>\n<p>Este s\u00e1bado (18.01.2025) se divulgaron las declaraciones del fundador de Telegram, Pavel Durov, durante el proceso judicial que se sigue en su contra y que lo acusa de ser permisivo con los delitos que se cometen en su red social.<\/p>\n<p>En el contenido dado a conocer por la emisora \u200b\u200bFrance Info, Durov se defendi\u00f3 ante los jueces franceses que lo interrogaron el mes pasado reconociendo la seriedad de los cargos y destacando las que ha puesto en marcha en la red social respecto a las faltas que se le imputan.<\/p>\n<p>Durov fue arrestado el pasado 24 de agosto al aterrizar en Par\u00eds y qued\u00f3 en libertad bajo control judicial, despu\u00e9s de pagar una fianza de cinco millones de euros, acusado de ser c\u00f3mplice en la comisi\u00f3n de diversos delitos que utilizan esa red social por el anonimato y las posibilidades de eludir la acci\u00f3n de la justicia.<\/p>\n<p>\u00abTelegram no se cre\u00f3 para ser una plataforma para los criminales\u00bb, afirm\u00f3 Durov el 6 de diciembre, en una declaraci\u00f3n de diez horas en la que estuvo con tres de sus abogados, y de la que la emisora \u200b\u200bFrance Info ha difundido su contenido.<\/p>\n<p>A preguntas sobre los contenidos il\u00edcitos que circulan por Telegram y sobre canales que facilitan las transacciones de drogas o el intercambio de im\u00e1genes pederastas, el empresario ruso -que tiene tambi\u00e9n nacionalidad francesa y de los Emiratos \u00c1rabes Unidos- insisti\u00f3 en que se han mejorado los \u00bb procedimientos de moderaci\u00f3n\u00bb. Explic\u00f3 que cada semana se suprimen \u00abentre 15 y 20 millones de cuentas de usuarios por haber infringido la ley, e hizo notar que Telegram no es la \u00fanica red social que tiene ese tipo de problemas.<\/p>\n<p><span data-slot-id=\"Article_InContent-1\" class=\"rich-text-ad\"\/><\/p>\n<h2>Medidas reactivas<\/h2>\n<p>En concreto sobre los contenidos de pornograf\u00eda infantil, aseg\u00farese de que se retiren el mismo d\u00eda que se detecten. Durov subray\u00f3 que los c\u00edberdelincuentes son \u00abnefastos para los negocios y la reputaci\u00f3n de Telegram\u00bb y que en los \u00faltimos seis meses ha colaborado con las fuerzas del orden y ha transmitido los datos de 10.000 usuarios a las autoridades de diferentes pa\u00edses del mundo.<\/p>\n<p>Cuando los jueces le hicieron notar que esas iniciativas se han puesto en marcha despu\u00e9s de su arresto el pasado mes de agosto a su llegada a Par\u00eds, Durov reconoci\u00f3 que fue entonces cuando tuvo \u00abconocimiento de la gravedad de todos esos hechos\u00bb.<\/p>\n<p>Seg\u00fan France Info, desde su inculpaci\u00f3n y finales de septiembre, Telegram respondi\u00f3 a todas las solicitudes que recibieron del servicio de protecci\u00f3n de menores de la polic\u00eda francesa (OFMIN), en total un centenario. Una situaci\u00f3n que contrasta con lo que ocurrir\u00eda hasta entonces, cuando los requerimientos hab\u00edan quedado sistem\u00e1ticamente sin respuesta.<\/p>\n<p>Pese a la supresi\u00f3n de cuentas alegada por el empresario, los magistrados se\u00f1alaron que las cifras muestran que los delincuentes no s\u00f3lo no han dejado de utilizar Telegram, sino que parece que cada vez lo hacen m\u00e1s.<\/p>\n<p>(efe, afp\/min)<\/p>\n<\/p>\n<\/div>\n\n","protected":false},"excerpt":{"rendered":"<p>Este s\u00e1bado (18.01.2025) se divulgaron las declaraciones del fundador de Telegram, Pavel Durov, durante el proceso judicial que se sigue en su contra y que lo acusa de ser permisivo con los delitos que se cometen en su red social. En el contenido dado a conocer por la emisora \u200b\u200bFrance Info, Durov se defendi\u00f3 ante &hellip;<\/p>\n","protected":false},"author":1,"featured_media":10957,"comment_status":"open","ping_status":"open","sticky":false,"template":"","format":"standard","meta":{"fifu_image_url":"https:\/\/static.dw.com\/image\/70093469_6.jpg","fifu_image_alt":"","footnotes":""},"categories":[13],"tags":[],"class_list":["post-10956","post","type-post","status-publish","format-standard","has-post-thumbnail","","category-mundo"],"_links":{"self":[{"href":"https:\/\/noticiasveraces.com\/index.php?rest_route=\/wp\/v2\/posts\/10956","targetHints":{"allow":["GET"]}}],"collection":[{"href":"https:\/\/noticiasveraces.com\/index.php?rest_route=\/wp\/v2\/posts"}],"about":[{"href":"https:\/\/noticiasveraces.com\/index.php?rest_route=\/wp\/v2\/types\/post"}],"author":[{"embeddable":true,"href":"https:\/\/noticiasveraces.com\/index.php?rest_route=\/wp\/v2\/users\/1"}],"replies":[{"embeddable":true,"href":"https:\/\/noticiasveraces.com\/index.php?rest_route=%2Fwp%2Fv2%2Fcomments&post=10956"}],"version-history":[{"count":0,"href":"https:\/\/noticiasveraces.com\/index.php?rest_route=\/wp\/v2\/posts\/10956\/revisions"}],"wp:featuredmedia":[{"embeddable":true,"href":"https:\/\/noticiasveraces.com\/index.php?rest_route=\/wp\/v2\/media\/10957"}],"wp:attachment":[{"href":"https:\/\/noticiasveraces.com\/index.php?rest_route=%2Fwp%2Fv2%2Fmedia&parent=10956"}],"wp:term":[{"taxonomy":"category","embeddable":true,"href":"https:\/\/noticiasveraces.com\/index.php?rest_route=%2Fwp%2Fv2%2Fcategories&post=10956"},{"taxonomy":"post_tag","embeddable":true,"href":"https:\/\/noticiasveraces.com\/index.php?rest_route=%2Fwp%2Fv2%2Ftags&post=10956"}],"curies":[{"name":"wp","href":"https:\/\/api.w.org\/{rel}","templated":true}]}}