{"id":10938,"date":"2025-01-18T08:30:13","date_gmt":"2025-01-18T12:30:13","guid":{"rendered":"https:\/\/noticiasveraces.com\/?p=10938"},"modified":"2025-01-18T08:30:13","modified_gmt":"2025-01-18T12:30:13","slug":"dos-jueces-del-tribunal-supremo-irani-asesinados-a-tiros-en-teheran-dice-el-poder-judicial","status":"publish","type":"post","link":"https:\/\/noticiasveraces.com\/?p=10938","title":{"rendered":"Dos jueces del Tribunal Supremo iran\u00ed asesinados a tiros en Teher\u00e1n, dice el poder judicial"},"content":{"rendered":"<p> \n<\/p>\n<div>\n<div class=\"featured featured-video video-ct\" data-v-5cc99047=\"\">\n<div class=\"contain\" data-v-5cc99047=\"\">\n<div class=\"control\" data-v-5cc99047=\"\">  cerca<\/div>\n<div class=\"video-container\" data-v-5cc99047=\"\">\n<div data-video-tags=\"web_exclusives,primary_us,3play_processed\" data-video-title=\"Fox News Flash top headlines for January 17\" data-video-id=\"6360664094112\" data-video-domain=\"foxnews\" data-video-type=\"CLIP\" data-widget-type=\"embed\" class=\"m video-player\" data-v-5cc99047=\"\"><picture data-v-5cc99047=\"\"><source srcset=\"https:\/\/a57.foxnews.com\/cf-images.us-east-1.prod.boltdns.net\/v1\/static\/694940094001\/c3305fe5-e49f-4fee-a424-56b67122e09d\/51646d9e-ff48-4f03-a383-4ded95e7e7b8\/1280x720\/match\/288\/162\/image.jpg?ve=1&amp;tl=1, https:\/\/a57.foxnews.com\/cf-images.us-east-1.prod.boltdns.net\/v1\/static\/694940094001\/c3305fe5-e49f-4fee-a424-56b67122e09d\/51646d9e-ff48-4f03-a383-4ded95e7e7b8\/1280x720\/match\/576\/324\/image.jpg?ve=1&amp;tl=1 2x\" media=\"(max-width: 767px)\" data-v-5cc99047=\"\"><source srcset=\"https:\/\/a57.foxnews.com\/cf-images.us-east-1.prod.boltdns.net\/v1\/static\/694940094001\/c3305fe5-e49f-4fee-a424-56b67122e09d\/51646d9e-ff48-4f03-a383-4ded95e7e7b8\/1280x720\/match\/672\/378\/image.jpg?ve=1&amp;tl=1, https:\/\/a57.foxnews.com\/cf-images.us-east-1.prod.boltdns.net\/v1\/static\/694940094001\/c3305fe5-e49f-4fee-a424-56b67122e09d\/51646d9e-ff48-4f03-a383-4ded95e7e7b8\/1280x720\/match\/1344\/756\/image.jpg?ve=1&amp;tl=1 2x\" media=\"(min-width: 768px) and (max-width: 1023px)\" data-v-5cc99047=\"\"><source srcset=\"https:\/\/a57.foxnews.com\/cf-images.us-east-1.prod.boltdns.net\/v1\/static\/694940094001\/c3305fe5-e49f-4fee-a424-56b67122e09d\/51646d9e-ff48-4f03-a383-4ded95e7e7b8\/1280x720\/match\/676\/380\/image.jpg?ve=1&amp;tl=1, https:\/\/a57.foxnews.com\/cf-images.us-east-1.prod.boltdns.net\/v1\/static\/694940094001\/c3305fe5-e49f-4fee-a424-56b67122e09d\/51646d9e-ff48-4f03-a383-4ded95e7e7b8\/1280x720\/match\/1352\/760\/image.jpg?ve=1&amp;tl=1 2x\" media=\"(min-width: 1024px) and (max-width: 1279px)\" data-v-5cc99047=\"\"><source srcset=\"https:\/\/a57.foxnews.com\/cf-images.us-east-1.prod.boltdns.net\/v1\/static\/694940094001\/c3305fe5-e49f-4fee-a424-56b67122e09d\/51646d9e-ff48-4f03-a383-4ded95e7e7b8\/1280x720\/match\/896\/500\/image.jpg?ve=1&amp;tl=1, https:\/\/a57.foxnews.com\/cf-images.us-east-1.prod.boltdns.net\/v1\/static\/694940094001\/c3305fe5-e49f-4fee-a424-56b67122e09d\/51646d9e-ff48-4f03-a383-4ded95e7e7b8\/1280x720\/match\/1792\/1000\/image.jpg?ve=1&amp;tl=1 2x\" media=\"(min-width: 1280px)\" data-v-5cc99047=\"\"><img loading=\"lazy\" decoding=\"async\" src=\"https:\/\/a57.foxnews.com\/cf-images.us-east-1.prod.boltdns.net\/v1\/static\/694940094001\/c3305fe5-e49f-4fee-a424-56b67122e09d\/51646d9e-ff48-4f03-a383-4ded95e7e7b8\/1280x720\/match\/896\/500\/image.jpg?ve=1&amp;tl=1\" alt=\"Titulares principales de Fox News Flash del 17 de enero\" width=\"896\" height=\"500\" data-v-5cc99047=\"\"\/><\/source><\/source><\/source><\/source><\/picture> <span class=\"overlay\" data-v-5cc99047=\"\">Video<\/span><\/div>\n<\/div>\n<div class=\"info\" data-v-5cc99047=\"\">\n<div class=\"caption\" data-v-5cc99047=\"\">\n<h4 class=\"title\" data-v-5cc99047=\"\">Titulares principales de Fox News Flash del 17 de enero<\/h4>\n<p data-v-5cc99047=\"\">Los principales titulares de Fox News Flash est\u00e1n aqu\u00ed. Vea lo que est\u00e1 haciendo clic en Foxnews.com.<\/p>\n<\/div>\n<\/div>\n<\/div>\n<\/div>\n<p class=\"speakable\">Dos jueces de la Corte Suprema iran\u00ed fueron asesinados a tiros, mientras que un tercer juez result\u00f3 herido el s\u00e1bado. <\/p>\n<div class=\"ad-container tablet ad-h-50 ad-w-300\"> <!----> <!----><\/div>\n<div class=\"ad-container mobile ad-h-250 ad-w-300 ad-placeholder-load\"><!---->  <\/div>\n<p class=\"speakable\">El incidente ocurri\u00f3 en Teher\u00e1n el s\u00e1bado, seg\u00fan el sitio web de noticias del poder judicial Mizan.<\/p>\n<p>El poder judicial identific\u00f3 a los jueces asesinados como los ayatol\u00e1s Mohammad Moghiseh y Ali Razini.<\/p>\n<div class=\"ad-container desktop ad-h-50 ad-w-300\"> <!----> <!----><\/div>\n<p><strong>RUSIA SELLAR\u00c1 TRATADO DE ASOCIACI\u00d3N D\u00cdAS ANTES DE QUE TRUMP ASUMA EL CARGO<\/strong><\/p>\n<div class=\"image-ct inline\">\n<div class=\"m\"><picture><source media=\"(max-width: 767px)\" srcset=\"https:\/\/a57.foxnews.com\/static.foxnews.com\/foxnews.com\/content\/uploads\/2023\/12\/343\/192\/Iranian-Flag.jpg?ve=1&amp;tl=1, https:\/\/a57.foxnews.com\/static.foxnews.com\/foxnews.com\/content\/uploads\/2023\/12\/686\/384\/Iranian-Flag.jpg?ve=1&amp;tl=1 2x\" height=\"192\" width=\"343\"><source media=\"(min-width: 768px) and (max-width: 1023px)\" srcset=\"https:\/\/a57.foxnews.com\/static.foxnews.com\/foxnews.com\/content\/uploads\/2023\/12\/672\/378\/Iranian-Flag.jpg?ve=1&amp;tl=1, https:\/\/a57.foxnews.com\/static.foxnews.com\/foxnews.com\/content\/uploads\/2023\/12\/1344\/756\/Iranian-Flag.jpg?ve=1&amp;tl=1 2x\" height=\"378\" width=\"672\"><source media=\"(min-width: 1024px) and (max-width: 1279px)\" srcset=\"https:\/\/a57.foxnews.com\/static.foxnews.com\/foxnews.com\/content\/uploads\/2023\/12\/931\/523\/Iranian-Flag.jpg?ve=1&amp;tl=1, https:\/\/a57.foxnews.com\/static.foxnews.com\/foxnews.com\/content\/uploads\/2023\/12\/1862\/1046\/Iranian-Flag.jpg?ve=1&amp;tl=1 2x\" height=\"523\" width=\"931\"><source media=\"(min-width: 1280px)\" srcset=\"https:\/\/a57.foxnews.com\/static.foxnews.com\/foxnews.com\/content\/uploads\/2023\/12\/720\/405\/Iranian-Flag.jpg?ve=1&amp;tl=1, https:\/\/a57.foxnews.com\/static.foxnews.com\/foxnews.com\/content\/uploads\/2023\/12\/1440\/810\/Iranian-Flag.jpg?ve=1&amp;tl=1 2x\" height=\"405\" width=\"720\"><img loading=\"lazy\" decoding=\"async\" src=\"https:\/\/a57.foxnews.com\/static.foxnews.com\/foxnews.com\/content\/uploads\/2023\/12\/1200\/675\/Iranian-Flag.jpg?ve=1&amp;tl=1\" alt=\"bandera iran\u00ed\" width=\"1200\" height=\"675\"\/><\/source><\/source><\/source><\/source><\/picture><\/div>\n<div class=\"info\">\n<div class=\"caption\">\n<p><span>Una bandera iran\u00ed ondea en un parque en el noroeste de Teher\u00e1n, el 3 de octubre de 2023. <\/span> <span>(Morteza Nikoubazl\/NurPhoto v\u00eda Getty Images)<\/span><\/p>\n<\/div>\n<\/div>\n<\/div>\n<div class=\"ad-container mobile ad-h-250 ad-w-300 ad-placeholder-load\"><!---->  <\/div>\n<p>El hombre armado se suicid\u00f3 despu\u00e9s de disparar a los jueces afuera de la Corte Suprema, seg\u00fan el sitio web.<\/p>\n<div class=\"ad-container tablet ad-h-50 ad-w-300\"> <!----> <!----><\/div>\n<p>Un guardaespaldas de uno de los jueces tambi\u00e9n result\u00f3 herido en el ataque, informaron medios iran\u00edes.<\/p>\n<p><strong>EL PRESIDENTE DE IR\u00c1N NIEGA LA Afirmaci\u00f3n DE QUE IR\u00c1N INTENT\u00d3 ASESINAR A TRUMP<\/strong><\/p>\n<div class=\"image-ct inline\">\n<div class=\"m\"><picture><source media=\"(max-width: 767px)\" srcset=\"https:\/\/a57.foxnews.com\/static.foxnews.com\/foxnews.com\/content\/uploads\/2024\/05\/343\/192\/iran-map-ap.jpg?ve=1&amp;tl=1, https:\/\/a57.foxnews.com\/static.foxnews.com\/foxnews.com\/content\/uploads\/2024\/05\/686\/384\/iran-map-ap.jpg?ve=1&amp;tl=1 2x\" height=\"192\" width=\"343\"><source media=\"(min-width: 768px) and (max-width: 1023px)\" srcset=\"https:\/\/a57.foxnews.com\/static.foxnews.com\/foxnews.com\/content\/uploads\/2024\/05\/672\/378\/iran-map-ap.jpg?ve=1&amp;tl=1, https:\/\/a57.foxnews.com\/static.foxnews.com\/foxnews.com\/content\/uploads\/2024\/05\/1344\/756\/iran-map-ap.jpg?ve=1&amp;tl=1 2x\" height=\"378\" width=\"672\"><source media=\"(min-width: 1024px) and (max-width: 1279px)\" srcset=\"https:\/\/a57.foxnews.com\/static.foxnews.com\/foxnews.com\/content\/uploads\/2024\/05\/931\/523\/iran-map-ap.jpg?ve=1&amp;tl=1, https:\/\/a57.foxnews.com\/static.foxnews.com\/foxnews.com\/content\/uploads\/2024\/05\/1862\/1046\/iran-map-ap.jpg?ve=1&amp;tl=1 2x\" height=\"523\" width=\"931\"><source media=\"(min-width: 1280px)\" srcset=\"https:\/\/a57.foxnews.com\/static.foxnews.com\/foxnews.com\/content\/uploads\/2024\/05\/720\/405\/iran-map-ap.jpg?ve=1&amp;tl=1, https:\/\/a57.foxnews.com\/static.foxnews.com\/foxnews.com\/content\/uploads\/2024\/05\/1440\/810\/iran-map-ap.jpg?ve=1&amp;tl=1 2x\" height=\"405\" width=\"720\"><img loading=\"lazy\" decoding=\"async\" src=\"https:\/\/a57.foxnews.com\/static.foxnews.com\/foxnews.com\/content\/uploads\/2024\/05\/1200\/675\/iran-map-ap.jpg?ve=1&amp;tl=1\" alt=\"Mapa localizador de Ir\u00e1n con Teher\u00e1n\" width=\"1200\" height=\"675\"\/><\/source><\/source><\/source><\/source><\/picture><\/div>\n<div class=\"info\">\n<div class=\"caption\">\n<p><span>Este es un mapa de localizaci\u00f3n de Ir\u00e1n con su capital, Teher\u00e1n. <\/span> <!----><\/p>\n<\/div>\n<\/div>\n<\/div>\n<div class=\"ad-container mobile ad-h-250 ad-w-300 ad-placeholder-load\"><!---->  <\/div>\n<p>El motivo del asesinato sigue sin estar claro.<\/p>\n<p><strong><u>HAGA CLIC AQU\u00cd PARA OBTENER LA APLICACI\u00d3N FOX NEWS<\/u><\/strong><\/p>\n<div class=\"ad-container tablet ad-h-50 ad-w-300\"> <!----> <!----><\/div>\n<p>Los sitios web de oposici\u00f3n han dicho anteriormente que Moghiseh estuvo involucrado en juicios de personas que describieron como prisioneros pol\u00edticos.<\/p>\n<div class=\"ad-container desktop ad-h-50 ad-w-300\"> <!----> <!----><\/div>\n<div class=\"ad-container mobile ad-h-250 ad-w-300 ad-placeholder-load\"><!---->  <\/div>\n<p><i>Reuters contribuy\u00f3 a este informe.<\/i><\/p>\n<p> <!---->  <\/p>\n<div class=\"related-topics\">\n<div class=\"topics\">\n<h2 class=\"title\">Temas relacionados<\/h2>\n<ul class=\"categories\">\n<li>Ir\u00e1n<\/li>\n<li>Mundo<\/li>\n<li>Derecho internacional<\/li>\n<li>Delito<\/li>\n<\/ul>\n<\/div>\n<\/div>\n<\/div>\n\n","protected":false},"excerpt":{"rendered":"<p>cerca Video Titulares principales de Fox News Flash del 17 de enero Los principales titulares de Fox News Flash est\u00e1n aqu\u00ed. Vea lo que est\u00e1 haciendo clic en Foxnews.com. Dos jueces de la Corte Suprema iran\u00ed fueron asesinados a tiros, mientras que un tercer juez result\u00f3 herido el s\u00e1bado. El incidente ocurri\u00f3 en Teher\u00e1n el &hellip;<\/p>\n","protected":false},"author":1,"featured_media":10940,"comment_status":"open","ping_status":"open","sticky":false,"template":"","format":"standard","meta":{"fifu_image_url":"https:\/\/static.foxnews.com\/foxnews.com\/content\/uploads\/2023\/12\/Iranian-Flag.jpg","fifu_image_alt":"","footnotes":""},"categories":[13],"tags":[],"class_list":["post-10938","post","type-post","status-publish","format-standard","has-post-thumbnail","","category-mundo"],"_links":{"self":[{"href":"https:\/\/noticiasveraces.com\/index.php?rest_route=\/wp\/v2\/posts\/10938","targetHints":{"allow":["GET"]}}],"collection":[{"href":"https:\/\/noticiasveraces.com\/index.php?rest_route=\/wp\/v2\/posts"}],"about":[{"href":"https:\/\/noticiasveraces.com\/index.php?rest_route=\/wp\/v2\/types\/post"}],"author":[{"embeddable":true,"href":"https:\/\/noticiasveraces.com\/index.php?rest_route=\/wp\/v2\/users\/1"}],"replies":[{"embeddable":true,"href":"https:\/\/noticiasveraces.com\/index.php?rest_route=%2Fwp%2Fv2%2Fcomments&post=10938"}],"version-history":[{"count":0,"href":"https:\/\/noticiasveraces.com\/index.php?rest_route=\/wp\/v2\/posts\/10938\/revisions"}],"wp:featuredmedia":[{"embeddable":true,"href":"https:\/\/noticiasveraces.com\/index.php?rest_route=\/wp\/v2\/media\/10940"}],"wp:attachment":[{"href":"https:\/\/noticiasveraces.com\/index.php?rest_route=%2Fwp%2Fv2%2Fmedia&parent=10938"}],"wp:term":[{"taxonomy":"category","embeddable":true,"href":"https:\/\/noticiasveraces.com\/index.php?rest_route=%2Fwp%2Fv2%2Fcategories&post=10938"},{"taxonomy":"post_tag","embeddable":true,"href":"https:\/\/noticiasveraces.com\/index.php?rest_route=%2Fwp%2Fv2%2Ftags&post=10938"}],"curies":[{"name":"wp","href":"https:\/\/api.w.org\/{rel}","templated":true}]}}