{"id":10921,"date":"2025-01-18T06:27:03","date_gmt":"2025-01-18T10:27:03","guid":{"rendered":"https:\/\/noticiasveraces.com\/?p=10921"},"modified":"2025-01-18T06:27:03","modified_gmt":"2025-01-18T10:27:03","slug":"el-alto-el-fuego-entre-israel-y-hamas-entrara-en-vigor-el-domingo-por-la-manana-dice-qatar","status":"publish","type":"post","link":"https:\/\/noticiasveraces.com\/?p=10921","title":{"rendered":"El alto el fuego entre Israel y Ham\u00e1s entrar\u00e1 en vigor el domingo por la ma\u00f1ana, dice Qatar"},"content":{"rendered":"<p> \n<\/p>\n<div>\n<p class=\"speakable\">Se espera que el alto el fuego entre Ham\u00e1s e Israel entre en vigor el domingo a las 8:30 am hora local, seg\u00fan el Ministerio de Asuntos Exteriores de Qatar.<\/p>\n<p class=\"speakable\">El Ministro de Relaciones Exteriores de Qatar, Majid al-Ansari, inst\u00f3 a la gente a actuar con cautela cuando el alto el fuego entre en vigor y a esperar instrucciones de los funcionarios. Este es el segundo alto el fuego logrado durante la guerra.<\/p>\n<p>El Gabinete de Israel aprob\u00f3 el s\u00e1bado por la ma\u00f1ana temprano el acuerdo para un alto el fuego en Gaza que incluir\u00eda la liberaci\u00f3n de docenas de rehenes y pausar\u00eda la guerra con Ham\u00e1s que comenz\u00f3 despu\u00e9s del ataque del grupo terrorista contra el Estado jud\u00edo el 7 de octubre de 2023.<\/p>\n<p>El acuerdo permitir\u00eda liberar a 33 rehenes durante las pr\u00f3ximas seis semanas, a cambio de cientos de palestinos encarcelados por Israel. Los rehenes restantes ser\u00e1n liberados en una segunda fase que se negociar\u00e1 durante la primera.<\/p>\n<p><strong>LO QUE DEBE SABER SOBRE LOS REHENES Y EL ACUERDO DE ALTO EL FUEGO ENTRE ISRAEL Y HAMAS QUE COMENZAR\u00c1 EL DOMINGO<\/strong><\/p>\n<div class=\"image-ct inline\">\n<div class=\"m\"><picture><source media=\"(max-width: 767px)\" srcset=\"https:\/\/a57.foxnews.com\/static.foxnews.com\/foxnews.com\/content\/uploads\/2025\/01\/343\/192\/israelisoldiers.png?ve=1&amp;tl=1, https:\/\/a57.foxnews.com\/static.foxnews.com\/foxnews.com\/content\/uploads\/2025\/01\/686\/384\/israelisoldiers.png?ve=1&amp;tl=1 2x\" height=\"192\" width=\"343\"><source media=\"(min-width: 768px) and (max-width: 1023px)\" srcset=\"https:\/\/a57.foxnews.com\/static.foxnews.com\/foxnews.com\/content\/uploads\/2025\/01\/672\/378\/israelisoldiers.png?ve=1&amp;tl=1, https:\/\/a57.foxnews.com\/static.foxnews.com\/foxnews.com\/content\/uploads\/2025\/01\/1344\/756\/israelisoldiers.png?ve=1&amp;tl=1 2x\" height=\"378\" width=\"672\"><source media=\"(min-width: 1024px) and (max-width: 1279px)\" srcset=\"https:\/\/a57.foxnews.com\/static.foxnews.com\/foxnews.com\/content\/uploads\/2025\/01\/931\/523\/israelisoldiers.png?ve=1&amp;tl=1, https:\/\/a57.foxnews.com\/static.foxnews.com\/foxnews.com\/content\/uploads\/2025\/01\/1862\/1046\/israelisoldiers.png?ve=1&amp;tl=1 2x\" height=\"523\" width=\"931\"><source media=\"(min-width: 1280px)\" srcset=\"https:\/\/a57.foxnews.com\/static.foxnews.com\/foxnews.com\/content\/uploads\/2025\/01\/720\/405\/israelisoldiers.png?ve=1&amp;tl=1, https:\/\/a57.foxnews.com\/static.foxnews.com\/foxnews.com\/content\/uploads\/2025\/01\/1440\/810\/israelisoldiers.png?ve=1&amp;tl=1 2x\" height=\"405\" width=\"720\"><img loading=\"lazy\" decoding=\"async\" src=\"https:\/\/a57.foxnews.com\/static.foxnews.com\/foxnews.com\/content\/uploads\/2025\/01\/1200\/675\/israelisoldiers.png?ve=1&amp;tl=1\" alt=\"Una ni\u00f1a se detiene ante un mural de mujeres soldados israel\u00edes.\" width=\"1200\" height=\"675\"\/><\/source><\/source><\/source><\/source><\/picture><\/div>\n<div class=\"info\">\n<div class=\"caption\">\n<p><span>Una ni\u00f1a se detiene ante un mural de mujeres soldados israel\u00edes retenido por Hamas en la Franja de Gaza, en Tel Aviv, Israel, el viernes 17 de enero de 2025. En hebreo dice: \u00abm\u00edralas a los ojos\u00bb.<\/span> <span>(AP)<\/span><\/p>\n<\/div>\n<\/div>\n<\/div>\n<p>Ham\u00e1s ha dicho que no liberar\u00e1 a los rehenes restantes sin un alto el fuego duradero y una retirada total de Israel.<\/p>\n<p>Pero a\u00fan quedan dudas sobre el alto el fuego, incluidas las identidades de los 33 rehenes que ser\u00e1n liberados durante la primera fase de seis semanas y cu\u00e1les de ellos siguen vivos.<\/p>\n<p>Ham\u00e1s acord\u00f3 liberar a tres mujeres rehenes el primer d\u00eda del acuerdo, cuatro el d\u00eda siete y las 26 restantes durante las pr\u00f3ximas cinco semanas.<\/p>\n<p>El Ministerio de Justicia de Israel public\u00f3 una lista de m\u00e1s de 700 detenidos palestinos que ser\u00e1n liberados en la primera fase del acuerdo. El Ministerio de Justicia dijo que la liberaci\u00f3n no comenzar\u00eda antes de las 4 pm hora local del domingo.<\/p>\n<div class=\"image-ct inline\">\n<div class=\"m\"><picture><source media=\"(max-width: 767px)\" srcset=\"https:\/\/a57.foxnews.com\/static.foxnews.com\/foxnews.com\/content\/uploads\/2025\/01\/343\/192\/palestineposter.png?ve=1&amp;tl=1, https:\/\/a57.foxnews.com\/static.foxnews.com\/foxnews.com\/content\/uploads\/2025\/01\/686\/384\/palestineposter.png?ve=1&amp;tl=1 2x\" height=\"192\" width=\"343\"><source media=\"(min-width: 768px) and (max-width: 1023px)\" srcset=\"https:\/\/a57.foxnews.com\/static.foxnews.com\/foxnews.com\/content\/uploads\/2025\/01\/672\/378\/palestineposter.png?ve=1&amp;tl=1, https:\/\/a57.foxnews.com\/static.foxnews.com\/foxnews.com\/content\/uploads\/2025\/01\/1344\/756\/palestineposter.png?ve=1&amp;tl=1 2x\" height=\"378\" width=\"672\"><source media=\"(min-width: 1024px) and (max-width: 1279px)\" srcset=\"https:\/\/a57.foxnews.com\/static.foxnews.com\/foxnews.com\/content\/uploads\/2025\/01\/931\/523\/palestineposter.png?ve=1&amp;tl=1, https:\/\/a57.foxnews.com\/static.foxnews.com\/foxnews.com\/content\/uploads\/2025\/01\/1862\/1046\/palestineposter.png?ve=1&amp;tl=1 2x\" height=\"523\" width=\"931\"><source media=\"(min-width: 1280px)\" srcset=\"https:\/\/a57.foxnews.com\/static.foxnews.com\/foxnews.com\/content\/uploads\/2025\/01\/720\/405\/palestineposter.png?ve=1&amp;tl=1, https:\/\/a57.foxnews.com\/static.foxnews.com\/foxnews.com\/content\/uploads\/2025\/01\/1440\/810\/palestineposter.png?ve=1&amp;tl=1 2x\" height=\"405\" width=\"720\"><img loading=\"lazy\" decoding=\"async\" src=\"https:\/\/a57.foxnews.com\/static.foxnews.com\/foxnews.com\/content\/uploads\/2025\/01\/1200\/675\/palestineposter.png?ve=1&amp;tl=1\" alt=\"Mujeres musulmanas exhiben un cartel mientras andan en motocicleta\" width=\"1200\" height=\"675\"\/><\/source><\/source><\/source><\/source><\/picture><\/div>\n<div class=\"info\">\n<div class=\"caption\">\n<p><span>Mujeres musulmanas muestran un cartel mientras andan en motocicleta durante una manifestaci\u00f3n que celebra el anuncio del acuerdo de alto el fuego entre Ham\u00e1s e Israel, en Yakarta, Indonesia, el s\u00e1bado 18 de enero de 2025.<\/span> <span>(AP)<\/span><\/p>\n<\/div>\n<\/div>\n<\/div>\n<p>Este es el segundo alto el fuego logrado durante la guerra.<\/p>\n<p>Las fuerzas israel\u00edes tambi\u00e9n anunciaron el s\u00e1bado por la ma\u00f1ana que su Fuerza A\u00e9rea hab\u00eda interceptado un misil lanzado desde Yemen, justo antes del esperado alto el fuego.<\/p>\n<p>Se espera que Gaza reciba un aumento de la ayuda humanitaria. El viernes se vieron camiones que transportaban ayuda alineados en el lado egipcio del cruce fronterizo de Rafah hacia Gaza.<\/p>\n<p><strong><u>ALTO AL FUEGO ISRAEL-HAMAS Y ACUERDO DE LIBERACI\u00d3N DE REhenES: &#8216;LOS ESTADOUNIDENSES SER\u00c1N PARTE DE ESO&#8217;<\/u><\/strong><\/p>\n<div class=\"image-ct inline\">\n<div class=\"m\"><picture><source media=\"(max-width: 767px)\" srcset=\"https:\/\/a57.foxnews.com\/static.foxnews.com\/foxnews.com\/content\/uploads\/2025\/01\/343\/192\/ceasefirecelebration.png?ve=1&amp;tl=1, https:\/\/a57.foxnews.com\/static.foxnews.com\/foxnews.com\/content\/uploads\/2025\/01\/686\/384\/ceasefirecelebration.png?ve=1&amp;tl=1 2x\" height=\"192\" width=\"343\"><source media=\"(min-width: 768px) and (max-width: 1023px)\" srcset=\"https:\/\/a57.foxnews.com\/static.foxnews.com\/foxnews.com\/content\/uploads\/2025\/01\/672\/378\/ceasefirecelebration.png?ve=1&amp;tl=1, https:\/\/a57.foxnews.com\/static.foxnews.com\/foxnews.com\/content\/uploads\/2025\/01\/1344\/756\/ceasefirecelebration.png?ve=1&amp;tl=1 2x\" height=\"378\" width=\"672\"><source media=\"(min-width: 1024px) and (max-width: 1279px)\" srcset=\"https:\/\/a57.foxnews.com\/static.foxnews.com\/foxnews.com\/content\/uploads\/2025\/01\/931\/523\/ceasefirecelebration.png?ve=1&amp;tl=1, https:\/\/a57.foxnews.com\/static.foxnews.com\/foxnews.com\/content\/uploads\/2025\/01\/1862\/1046\/ceasefirecelebration.png?ve=1&amp;tl=1 2x\" height=\"523\" width=\"931\"><source media=\"(min-width: 1280px)\" srcset=\"https:\/\/a57.foxnews.com\/static.foxnews.com\/foxnews.com\/content\/uploads\/2025\/01\/720\/405\/ceasefirecelebration.png?ve=1&amp;tl=1, https:\/\/a57.foxnews.com\/static.foxnews.com\/foxnews.com\/content\/uploads\/2025\/01\/1440\/810\/ceasefirecelebration.png?ve=1&amp;tl=1 2x\" height=\"405\" width=\"720\"><img loading=\"lazy\" decoding=\"async\" src=\"https:\/\/a57.foxnews.com\/static.foxnews.com\/foxnews.com\/content\/uploads\/2025\/01\/1200\/675\/ceasefirecelebration.png?ve=1&amp;tl=1\" alt=\"La gente se re\u00fane para celebrar el tan esperado alto el fuego\" width=\"1200\" height=\"675\"\/><\/source><\/source><\/source><\/source><\/picture><\/div>\n<div class=\"info\">\n<div class=\"caption\">\n<p><span>La gente se re\u00fane para celebrar un alto el fuego tan esperado que pondr\u00eda fin a los combates en la Franja de Gaza, el jueves 16 de enero de 2025 en Par\u00eds.<\/span> <span>(AP)<\/span><\/p>\n<\/div>\n<\/div>\n<\/div>\n<p><strong><u>HAGA CLIC AQU\u00cd PARA OBTENER LA APLICACI\u00d3N FOX NEWS<\/u><\/strong><\/p>\n<p>La guerra de 15 meses en Gaza comenz\u00f3 cuando Ham\u00e1s lanz\u00f3 un ataque sorpresa contra Israel el 7 de octubre de 2023, en el que aproximadamente 1.200 personas murieron y unas 250 m\u00e1s fueron secuestradas, lo que provoc\u00f3 represalias militares por parte de las fuerzas israel\u00edes. Casi 100 rehenes siguen cautivos en Gaza.<\/p>\n<p>M\u00e1s de 46.000 palestinos han muerto por la ofensiva de Israel, seg\u00fan los funcionarios de salud locales del gobierno dirigido por Ham\u00e1s, que no distinguen entre civiles y terroristas.<\/p>\n<p><i>La Prensa Asociada contribuy\u00f3 a este informe.<\/i><\/p>\n<p> <!---->  <\/div>\n\n","protected":false},"excerpt":{"rendered":"<p>Se espera que el alto el fuego entre Ham\u00e1s e Israel entre en vigor el domingo a las 8:30 am hora local, seg\u00fan el Ministerio de Asuntos Exteriores de Qatar. El Ministro de Relaciones Exteriores de Qatar, Majid al-Ansari, inst\u00f3 a la gente a actuar con cautela cuando el alto el fuego entre en vigor &hellip;<\/p>\n","protected":false},"author":1,"featured_media":10923,"comment_status":"open","ping_status":"open","sticky":false,"template":"","format":"standard","meta":{"fifu_image_url":"https:\/\/static.foxnews.com\/foxnews.com\/content\/uploads\/2025\/01\/israelisoldiers.png","fifu_image_alt":"","footnotes":""},"categories":[13],"tags":[],"class_list":["post-10921","post","type-post","status-publish","format-standard","has-post-thumbnail","","category-mundo"],"_links":{"self":[{"href":"https:\/\/noticiasveraces.com\/index.php?rest_route=\/wp\/v2\/posts\/10921","targetHints":{"allow":["GET"]}}],"collection":[{"href":"https:\/\/noticiasveraces.com\/index.php?rest_route=\/wp\/v2\/posts"}],"about":[{"href":"https:\/\/noticiasveraces.com\/index.php?rest_route=\/wp\/v2\/types\/post"}],"author":[{"embeddable":true,"href":"https:\/\/noticiasveraces.com\/index.php?rest_route=\/wp\/v2\/users\/1"}],"replies":[{"embeddable":true,"href":"https:\/\/noticiasveraces.com\/index.php?rest_route=%2Fwp%2Fv2%2Fcomments&post=10921"}],"version-history":[{"count":0,"href":"https:\/\/noticiasveraces.com\/index.php?rest_route=\/wp\/v2\/posts\/10921\/revisions"}],"wp:featuredmedia":[{"embeddable":true,"href":"https:\/\/noticiasveraces.com\/index.php?rest_route=\/wp\/v2\/media\/10923"}],"wp:attachment":[{"href":"https:\/\/noticiasveraces.com\/index.php?rest_route=%2Fwp%2Fv2%2Fmedia&parent=10921"}],"wp:term":[{"taxonomy":"category","embeddable":true,"href":"https:\/\/noticiasveraces.com\/index.php?rest_route=%2Fwp%2Fv2%2Fcategories&post=10921"},{"taxonomy":"post_tag","embeddable":true,"href":"https:\/\/noticiasveraces.com\/index.php?rest_route=%2Fwp%2Fv2%2Ftags&post=10921"}],"curies":[{"name":"wp","href":"https:\/\/api.w.org\/{rel}","templated":true}]}}