{"id":10899,"date":"2025-01-18T02:10:21","date_gmt":"2025-01-18T06:10:21","guid":{"rendered":"https:\/\/noticiasveraces.com\/?p=10899"},"modified":"2025-01-18T02:10:21","modified_gmt":"2025-01-18T06:10:21","slug":"yoon-acude-a-vista-judicial-que-busca-ampliar-su-detencion-dw-18-01-2025","status":"publish","type":"post","link":"https:\/\/noticiasveraces.com\/?p=10899","title":{"rendered":"Yoon acude a vista judicial que busca ampliar su detenci\u00f3n \u2013 DW \u2013 18\/01\/2025"},"content":{"rendered":"<p> \n<\/p>\n<div>\n<p>El presidente de Corea del Sur, Yoon Suk-yeol, acudi\u00f3 este s\u00e1bado (18.01.2025) a declarar ante el tribunal que debe decidir si extender o no su arresto ejecutado por la oficina nacional anticorrupci\u00f3n por su fugaz declaraci\u00f3n de la ley marcial.<\/p>\n<p>El veh\u00edculo que transportaba a Yoon parti\u00f3 poco antes de las 13:30 hora local (5:30 CET) del Centro de Detenci\u00f3n de Se\u00fal, en Uiwang, donde se encontr\u00f3 y lleg\u00f3 a su destino una media hora despu\u00e9s, escoltado por una comitiva de veh\u00edculos de seguridad que llegaron a ser zarandeados por multitudes concentradas en el camino, retransmitieron en directo la agencia de noticias Yonhap.<\/p>\n<p>Yoon tiene previsto explicar ante el Tribunal del Distrito Oeste de Se\u00fal sus argumentos sobre la legitimidad de su imposici\u00f3n del estado de excepci\u00f3n el pasado 3 de diciembre, que le cost\u00f3 la destituci\u00f3n una vez d\u00edas despu\u00e9s, y tratar, adem\u00e1s, de restaurar su reputaci\u00f3n, seg\u00fan adelant\u00f3 su equipo legal.<\/p>\n<p>Los investigadores solicitaron el viernes prolongar hasta 20 d\u00edas la orden de detenci\u00f3n de Yoon, quien se ha negado a hablar con los investigadores y ha permanecido en el Centro de Detenci\u00f3n de Se\u00fal desde su arresto.<\/p>\n<p>La polic\u00eda estaba vista disolviendo una multitud de partidarios de Yoon que bloqueaban la puerta del Tribunal del Distrito Oeste de Se\u00fal, donde se esperaba que la cita judicial comenzara a las 14.00 horas locales (06:00 CET).<\/p>\n<p>\u00abDecidi\u00f3 asistir&#8230; para restaurar su honor directamente explicando la legitimidad de la ley marcial de emergencia y que la insurrecci\u00f3n no est\u00e1 establecida\u201d, declar\u00f3 en un comunicado Yoon Kab-keun, abogado del mandatario.<\/p>\n<p>El delito de insurrecci\u00f3n, imputado a Yoon por la Oficina de Investigaci\u00f3n de la Corrupci\u00f3n de Altos Funcionarios, es uno de los pocos de los que un presidente en ejercicio no goza de inmunidad en Corea del Sur.<\/p>\n<p>Yoon, que se encuentra detenido desde el mi\u00e9rcoles cuando fue apresado en una operaci\u00f3n policial masiva en su residencia, se enfrenta a cargos de rebeli\u00f3n relacionados con la declaraci\u00f3n de la ley marcial el 3 de diciembre, que desencaden\u00f3 la crisis pol\u00edtica m\u00e1s grave del pa\u00eds desde su democratizaci\u00f3n a finales de la d\u00e9cada de 1980.<\/p>\n<p>jc (ap, reuters, efe)<\/p>\n<\/p>\n<\/div>\n\n","protected":false},"excerpt":{"rendered":"<p>El presidente de Corea del Sur, Yoon Suk-yeol, acudi\u00f3 este s\u00e1bado (18.01.2025) a declarar ante el tribunal que debe decidir si extender o no su arresto ejecutado por la oficina nacional anticorrupci\u00f3n por su fugaz declaraci\u00f3n de la ley marcial. El veh\u00edculo que transportaba a Yoon parti\u00f3 poco antes de las 13:30 hora local (5:30 &hellip;<\/p>\n","protected":false},"author":1,"featured_media":10900,"comment_status":"open","ping_status":"open","sticky":false,"template":"","format":"standard","meta":{"fifu_image_url":"https:\/\/static.dw.com\/image\/71300118_6.jpg","fifu_image_alt":"","footnotes":""},"categories":[13],"tags":[],"class_list":["post-10899","post","type-post","status-publish","format-standard","has-post-thumbnail","","category-mundo"],"_links":{"self":[{"href":"https:\/\/noticiasveraces.com\/index.php?rest_route=\/wp\/v2\/posts\/10899","targetHints":{"allow":["GET"]}}],"collection":[{"href":"https:\/\/noticiasveraces.com\/index.php?rest_route=\/wp\/v2\/posts"}],"about":[{"href":"https:\/\/noticiasveraces.com\/index.php?rest_route=\/wp\/v2\/types\/post"}],"author":[{"embeddable":true,"href":"https:\/\/noticiasveraces.com\/index.php?rest_route=\/wp\/v2\/users\/1"}],"replies":[{"embeddable":true,"href":"https:\/\/noticiasveraces.com\/index.php?rest_route=%2Fwp%2Fv2%2Fcomments&post=10899"}],"version-history":[{"count":0,"href":"https:\/\/noticiasveraces.com\/index.php?rest_route=\/wp\/v2\/posts\/10899\/revisions"}],"wp:featuredmedia":[{"embeddable":true,"href":"https:\/\/noticiasveraces.com\/index.php?rest_route=\/wp\/v2\/media\/10900"}],"wp:attachment":[{"href":"https:\/\/noticiasveraces.com\/index.php?rest_route=%2Fwp%2Fv2%2Fmedia&parent=10899"}],"wp:term":[{"taxonomy":"category","embeddable":true,"href":"https:\/\/noticiasveraces.com\/index.php?rest_route=%2Fwp%2Fv2%2Fcategories&post=10899"},{"taxonomy":"post_tag","embeddable":true,"href":"https:\/\/noticiasveraces.com\/index.php?rest_route=%2Fwp%2Fv2%2Ftags&post=10899"}],"curies":[{"name":"wp","href":"https:\/\/api.w.org\/{rel}","templated":true}]}}