{"id":10897,"date":"2025-01-18T01:08:32","date_gmt":"2025-01-18T05:08:32","guid":{"rendered":"https:\/\/noticiasveraces.com\/?p=10897"},"modified":"2025-01-18T01:08:32","modified_gmt":"2025-01-18T05:08:32","slug":"israel-publica-lista-de-737-presos-palestinos-que-liberara-dw-18-01-2025","status":"publish","type":"post","link":"https:\/\/noticiasveraces.com\/?p=10897","title":{"rendered":"Israel publica lista de 737 presos palestinos que liberar\u00e1 \u2013 DW \u2013 18\/01\/2025"},"content":{"rendered":"<p> \n<\/p>\n<div>\n<p>El Ministerio de Justicia de Israel public\u00f3 este s\u00e1bado (18.01.2025) una nueva lista con 737 prisioneros palestinos que ser\u00e1n liberados durante la primera fase del acuerdo de alto el fuego con Ham\u00e1s.<\/p>\n<p>Si bien el Ministerio ya hab\u00eda publicado previamente una lista con los 95 presos palestinos que ser\u00e1n liberados el domingo a cambio de 33 rehenes israel\u00edes, luego del anuncio sobre el acuerdo la lista fue actualizada.<\/p>\n<p>Sin embargo, los nuevos prisioneros que aparecen en la lista no ser\u00e1n liberados este mismo domingo, sino durante el desarrollo de la primera fase del acuerdo, que comprende 42 d\u00edas.<\/p>\n<p>El mensaje del ministerio indica que la liberaci\u00f3n de los 95 presos del primer listado tendr\u00e1 lugar \u00abno antes\u00bb de las 14:00 GMT del domingo 19 de enero.<\/p>\n<p>Tras una reuni\u00f3n de m\u00e1s de cinco horas, el Gobierno de Israel aprob\u00f3 este s\u00e1bado en la madrugada el acuerdo de alto el fuego e intercambio de rehenes por prisioneros con el grupo islamista Ham\u00e1s, como forma de terminar la escalada de violencia en Gaza. <\/p>\n<h2>Ayuda humanitaria<\/h2>\n<p>La primera fase del acuerdo se extender\u00e1 por un per\u00edodo de 42 d\u00edas en los que se dar\u00e1 luz verde para la entrada de ayuda humanitaria y combustible a toda la Franja de Gaza y la rehabilitaci\u00f3n de hospitales.<\/p>\n<p>En esta primera fase, Ham\u00e1s liberar\u00e1 a un total de 33 rehenes israel\u00edes a cambio de la excarcelaci\u00f3n por Israel de un n\u00famero no especificado de presos palestinos.<\/p>\n<p>Durante el desarrollo de estas acciones, las partes concretar\u00e1n los detalles de una segunda y tercera fase.<\/p>\n<p>Luego del anuncio del acuerdo, medios locales y la agencia Wafa han reportado incursiones del Ej\u00e9rcito israel\u00ed en la Cisjordania ocupada en la aldea de Sebastia, las ciudades de Aqraba y Tulkarem, as\u00ed como Idhna, al oeste de Hebr\u00f3n.<\/p>\n<p>mg (efe, Los Tiempos de Israel)<\/p>\n<div class=\"vjs-wrapper embed big\">\n<h2 aria-label=\"Video integrado \u2014 Familias de rehenes en Gaza exigen acuerdo de liberaci\u00f3n\" class=\"headline\"><svg xmlns=\"http:\/\/www.w3.org\/2000\/svg\" viewbox=\"0 0 20 20\"><g fill-rule=\"evenodd\"><path d=\"M14.114 7.599H13.5l.002 4.706h.601l4.582 3.25-.005-11.11zM11.084 4.444l-9.007.002-1.336.797.002 9.514 1.334.793 9.007.006 1.509-.799-.004-9.516z\"\/><\/g><\/svg>Familias de rehenes en Gaza exigen acuerdo de liberaci\u00f3n<\/h2>\n<p><video id=\"video-71183613\" controls=\"\" playsinline=\"\" preload=\"none\" poster=\"data:image\/png;base64,iVBORw0KGgoAAAANSUhEUgAAAAEAAAABCAQAAAC1HAwCAAAAC0lEQVR42mNkYAAAAAYAAjCB0C8AAAAASUVORK5CYII=\" data-id=\"71183613\" data-posterurl=\"https:\/\/static.dw.com\/image\/71181718_605.webp\" data-duration=\"02:42\"><source src=\"https:\/\/hlsvod.dw.com\/i\/dwtv_video\/flv\/js\/js20241230_ARBELn_,AVC_480x270,AVC_512x288,AVC_640x360,AVC_960x540,AVC_1280x720,AVC_1920x1080,.mp4.csmil\/master.m3u8\" type=\"application\/x-mpegURL\"><source src=\"https:\/\/tvdownloaddw-a.akamaihd.net\/dwtv_video\/flv\/js\/js20241230_ARBELn_AVC_1920x1080.mp4\" type=\"video\/mp4\"><track src=\"https:\/\/www.dw.com\/media\/subtitles\/71212009\" srclang=\"es\" label=\"SPANISH\" default=\"\"><p class=\"vjs-no-js\">Para ver este video, habilite JavaScript y considere actualizar a un navegador web que admita videos HTML5.<\/p>\n<\/track><\/source><\/source><\/video><\/div>\n<\/div>\n\n","protected":false},"excerpt":{"rendered":"<p>El Ministerio de Justicia de Israel public\u00f3 este s\u00e1bado (18.01.2025) una nueva lista con 737 prisioneros palestinos que ser\u00e1n liberados durante la primera fase del acuerdo de alto el fuego con Ham\u00e1s. Si bien el Ministerio ya hab\u00eda publicado previamente una lista con los 95 presos palestinos que ser\u00e1n liberados el domingo a cambio de &hellip;<\/p>\n","protected":false},"author":1,"featured_media":10898,"comment_status":"open","ping_status":"open","sticky":false,"template":"","format":"standard","meta":{"fifu_image_url":"https:\/\/static.dw.com\/image\/67146420_6.jpg","fifu_image_alt":"","footnotes":""},"categories":[13],"tags":[],"class_list":["post-10897","post","type-post","status-publish","format-standard","has-post-thumbnail","","category-mundo"],"_links":{"self":[{"href":"https:\/\/noticiasveraces.com\/index.php?rest_route=\/wp\/v2\/posts\/10897","targetHints":{"allow":["GET"]}}],"collection":[{"href":"https:\/\/noticiasveraces.com\/index.php?rest_route=\/wp\/v2\/posts"}],"about":[{"href":"https:\/\/noticiasveraces.com\/index.php?rest_route=\/wp\/v2\/types\/post"}],"author":[{"embeddable":true,"href":"https:\/\/noticiasveraces.com\/index.php?rest_route=\/wp\/v2\/users\/1"}],"replies":[{"embeddable":true,"href":"https:\/\/noticiasveraces.com\/index.php?rest_route=%2Fwp%2Fv2%2Fcomments&post=10897"}],"version-history":[{"count":0,"href":"https:\/\/noticiasveraces.com\/index.php?rest_route=\/wp\/v2\/posts\/10897\/revisions"}],"wp:featuredmedia":[{"embeddable":true,"href":"https:\/\/noticiasveraces.com\/index.php?rest_route=\/wp\/v2\/media\/10898"}],"wp:attachment":[{"href":"https:\/\/noticiasveraces.com\/index.php?rest_route=%2Fwp%2Fv2%2Fmedia&parent=10897"}],"wp:term":[{"taxonomy":"category","embeddable":true,"href":"https:\/\/noticiasveraces.com\/index.php?rest_route=%2Fwp%2Fv2%2Fcategories&post=10897"},{"taxonomy":"post_tag","embeddable":true,"href":"https:\/\/noticiasveraces.com\/index.php?rest_route=%2Fwp%2Fv2%2Ftags&post=10897"}],"curies":[{"name":"wp","href":"https:\/\/api.w.org\/{rel}","templated":true}]}}