{"id":10895,"date":"2025-01-18T00:07:58","date_gmt":"2025-01-18T04:07:58","guid":{"rendered":"https:\/\/noticiasveraces.com\/?p=10895"},"modified":"2025-01-18T00:07:58","modified_gmt":"2025-01-18T04:07:58","slug":"podria-haber-evitado-el-ataque-de-magdeburgo-dw-17-01-2025","status":"publish","type":"post","link":"https:\/\/noticiasveraces.com\/?p=10895","title":{"rendered":"\u00bfPodr\u00eda haber evitado el ataque de Magdeburgo? \u2013 DW \u2013 17\/01\/2025"},"content":{"rendered":"<p> \n<\/p>\n<div>\n<p>Cuando Taleb A. condujo un pesado BMWa trav\u00e9s del mercado navide\u00f1o de Magdeburgo la tarde del 20 de diciembre, matando a seis personas e hiriendo a unas 300, el mundo en Magdeburgo cambi\u00f3. Han pasado casi cuatro semanas, pero los habitantes de la ciudad est\u00e1n traumatizados, conmocionados, muchos lloran. El presidente federal alem\u00e1n Frank-Walter Steinmeier visit\u00f3 el jueves la ciudad en Alemania del Este, deposit\u00f3 una corona de flores en la iglesia de San Juan en memoria de las v\u00edctimas y habl\u00f3 con los trabajadores humanitarios y los servicios de emergencia.<\/p>\n<p><span data-slot-id=\"Article_InContent-1\" class=\"rich-text-ad\"\/><\/p>\n<h2>M\u00e1s de 600 v\u00edctimas en total<\/h2>\n<p>Hasta ahora, las autoridades hablaban de 300 heridos en el atentado de Magdeburgo, pero ahora se habla de 300 afectados adicionales. El comisario federal para las v\u00edctimas, Roland Weber, supone que la cifra podr\u00eda aumentar a\u00fan m\u00e1s. El elevado n\u00famero de v\u00edctimas puede explicarse por el hecho de que estas estad\u00edsticas incluyen tambi\u00e9n a las personas que quedaron conmocionadas, tanto en calidad de transe\u00fantes como de familiares. \u00abAqu\u00ed tenemos una ley de protecci\u00f3n de las v\u00edctimas que tambi\u00e9n incluye a los afectados indirectos, y de ah\u00ed procede este elevado n\u00famero\u00bb, explica el profesor Winfried Kluth, del Centro de Investigaci\u00f3n sobre Derecho de Migraci\u00f3n de la Universidad Martin Luther de Halle-Wittenberg .<\/p>\n<p>Adem\u00e1s de los que perdieron a sus seres queridos o resultaron heridos, tambi\u00e9n se trata de los testigos presenciales, cada vez m\u00e1s agobiados por los acontecimientos, y de los primeros intervinientes, como bomberos, personal de rescate y agentes de polic\u00eda. Ellos tambi\u00e9n se ven afectados por los acontecimientos, afirma Weber. Hasta ahora, m\u00e1s de 600 personas se han presentado. \u00abQueremos estar y estaremos ah\u00ed para todas estas personas\u00bb, asegur\u00f3 el comisario federal de v\u00edctimas.<\/p>\n<figure class=\"placeholder-image master_landscape big\"><img data-format=\"MASTER_LANDSCAPE\" data-id=\"71132533\" data-url=\"https:\/\/static.dw.com\/image\/71132533_${formatId}.jpg\" data-aspect-ratio=\"16\/9\" alt=\"Mercado navide\u00f1o tras el ataque con coche.\" style=\"padding-bottom: 56.25%; height: 0; max-height: 0;\"\/><figcaption class=\"img-caption\">Escombros y puestos cerrados en el lugar del ataque con un coche a un mercado navide\u00f1o en Magdeburgo, el 21 de diciembre de 2024.<small class=\"copyright\">Imagen: Ronny Hartmann\/AFP<\/small><\/figcaption><\/figure>\n<p>El agresor, de 50 a\u00f1os, procede de Arabia Saud\u00ed, trabajaba como especialista en psiquiatr\u00eda y psicoterapia y \u00e9l mismo padec\u00eda una enfermedad mental.<\/p>\n<h2>Caso at\u00edpico<\/h2>\n<p>\u00abSigue siendo dif\u00edcil comprender cu\u00e1l es el motivo real, porque se trata de un caso at\u00edpico. A\u00fan no he visto un an\u00e1lisis que pueda ofrecer una explicaci\u00f3n concluyente y comprensible\u00bb, afirma el profesor Kluth.<\/p>\n<p>El asesino es de fe musulmana, pero hab\u00eda renunciado aparentemente al islam. Sin embargo, al atacar un mercado navide\u00f1o poco antes de la importante festividad cristiana, recurri\u00f3 a m\u00e9todos t\u00edpicos utilizados por atacantes islamistas.<\/p>\n<p>En Alemania, las autoridades y los pol\u00edticos se esfuerzan ahora por averiguar c\u00f3mo pudo producirse el ataque. El hombre saud\u00ed figuraba en los archivos de seis estados federales, seg\u00fan un informe confidencial al Bundestag, al que ha tenido acceso a la revista semanal Der Spiegel.<\/p>\n<p>Tambi\u00e9n hubo advertencias de su pa\u00eds de origen a las autoridades alemanas, que al parecer las pasaron por alto. <\/p>\n<p>Taleb A. atrajo repetidamente la atenci\u00f3n en Internet y en las redes sociales con amenazas expl\u00edcitas de violencia. El informe de la Oficina Federal de Polic\u00eda Criminal (BKA) enumera un total de 105 incidentes relacionados con \u00e9l desde 2013.<\/p>\n<p>Adem\u00e1s de las autoridades de 6 estados federados, incluso la BKA, el Servicio Federal de Inteligencia e incluso la Canciller\u00eda supieron de \u00e9l. Contra Taleb A. se llev\u00f3 a cabo un total de catorce investigaciones. Aunque la mayor\u00eda de ellas fueron archivadas, fue sentenciado en dos ocasiones, seg\u00fan la BKA. La m\u00e1s reciente, el d\u00eda antes del ataque, fue multado con 600 euros por uso indebido de los n\u00fameros de emergencia.<\/p>\n<p>Seg\u00fan Der Spiegel, al parecer Taleb A. tambi\u00e9n se puso en contacto con el ministerio Federal del Interior a trav\u00e9s del formulario de contacto en l\u00ednea y amenaz\u00f3 descaradamente con frases como \u00ab\u00bfEs necesario matar a 20 personas en las calles de Berl\u00edn para que se \u00bfHaga justicia?\u00bb Pero nadie le detuvo, el Ministerio del Interior ignor\u00f3 su correo electr\u00f3nico.<\/p>\n<p>(gg\/ers)<\/p>\n<\/div>\n\n","protected":false},"excerpt":{"rendered":"<p>Cuando Taleb A. condujo un pesado BMWa trav\u00e9s del mercado navide\u00f1o de Magdeburgo la tarde del 20 de diciembre, matando a seis personas e hiriendo a unas 300, el mundo en Magdeburgo cambi\u00f3. Han pasado casi cuatro semanas, pero los habitantes de la ciudad est\u00e1n traumatizados, conmocionados, muchos lloran. El presidente federal alem\u00e1n Frank-Walter Steinmeier &hellip;<\/p>\n","protected":false},"author":1,"featured_media":10896,"comment_status":"open","ping_status":"open","sticky":false,"template":"","format":"standard","meta":{"fifu_image_url":"https:\/\/static.dw.com\/image\/71320079_6.jpg","fifu_image_alt":"","footnotes":""},"categories":[13],"tags":[],"class_list":["post-10895","post","type-post","status-publish","format-standard","has-post-thumbnail","","category-mundo"],"_links":{"self":[{"href":"https:\/\/noticiasveraces.com\/index.php?rest_route=\/wp\/v2\/posts\/10895","targetHints":{"allow":["GET"]}}],"collection":[{"href":"https:\/\/noticiasveraces.com\/index.php?rest_route=\/wp\/v2\/posts"}],"about":[{"href":"https:\/\/noticiasveraces.com\/index.php?rest_route=\/wp\/v2\/types\/post"}],"author":[{"embeddable":true,"href":"https:\/\/noticiasveraces.com\/index.php?rest_route=\/wp\/v2\/users\/1"}],"replies":[{"embeddable":true,"href":"https:\/\/noticiasveraces.com\/index.php?rest_route=%2Fwp%2Fv2%2Fcomments&post=10895"}],"version-history":[{"count":0,"href":"https:\/\/noticiasveraces.com\/index.php?rest_route=\/wp\/v2\/posts\/10895\/revisions"}],"wp:featuredmedia":[{"embeddable":true,"href":"https:\/\/noticiasveraces.com\/index.php?rest_route=\/wp\/v2\/media\/10896"}],"wp:attachment":[{"href":"https:\/\/noticiasveraces.com\/index.php?rest_route=%2Fwp%2Fv2%2Fmedia&parent=10895"}],"wp:term":[{"taxonomy":"category","embeddable":true,"href":"https:\/\/noticiasveraces.com\/index.php?rest_route=%2Fwp%2Fv2%2Fcategories&post=10895"},{"taxonomy":"post_tag","embeddable":true,"href":"https:\/\/noticiasveraces.com\/index.php?rest_route=%2Fwp%2Fv2%2Ftags&post=10895"}],"curies":[{"name":"wp","href":"https:\/\/api.w.org\/{rel}","templated":true}]}}