{"id":10890,"date":"2025-01-17T23:10:46","date_gmt":"2025-01-18T03:10:46","guid":{"rendered":"https:\/\/noticiasveraces.com\/?p=10890"},"modified":"2025-01-17T23:10:46","modified_gmt":"2025-01-18T03:10:46","slug":"la-rajada-de-simeone-por-el-real-madrid","status":"publish","type":"post","link":"https:\/\/noticiasveraces.com\/?p=10890","title":{"rendered":"La rajada de Simeone por el Real Madrid"},"content":{"rendered":"<p> \n<\/p>\n<div id=\"intext\">\n<p>Diego Pablo Simeone no ha desaprovechado la ocasi\u00f3n para comentar la <b>eliminatoria entre Real Madrid y Celta de Vigo en octavos de Copa del Rey (5-2)<\/b>: \u00abEl partido de ayer no lo vi. Me comentaron que hubo episodios del partido, pero como los hay desde hace 100 a\u00f1os, as\u00ed que no s\u00e9 qu\u00e9 les sorprende. Pero todos los equipos llevan compitiendo con Real Madrid y Barcelona todo ese tiempo, as\u00ed que s\u00ed que se puede competir con ellos\u00bb, coment\u00f3 el t\u00e9cnico argentino del Atl\u00e9tico de Madrid.<\/p>\n<p>El Cholo hace referencia as\u00ed al posible penalti de Lunin sobre Swedberg que precedi\u00f3 al 1-0 de Kylian Mbapp\u00e9. El guardameta ucraniano parece derribar dentro del \u00e1rea al centrocampista sueco, pero el VAR ni siquiera llam\u00f3 al colegiado para que revisara la jugada en la pantalla.<\/p>\n<h2 class=\"title-h2\">Buscan la 16\u00aa victoria consecutiva<\/h2>\n<p>Simeone ha comparado en rueda de prensa antes del partido liguero que enfrenta a los colchoneros ante el Legan\u00e9s en Butarque y ha querido incidir en la idea de que el objetivo es tener a todos los jugadores de la plantilla \u00abbien\u00bb y que para ello trabajan: \u00abNo valoro la palabra &#8216;unidad b&#8217; porque hay futbolistas que han empezado a jugar y pueden terminar jugando\u00bb.<\/p>\n<p>Sobre Thomas Lemar, que volvi\u00f3 a disputar minutos en el partido copero ante el Elche, el t\u00e9cnico argentino dijo que est\u00e1 \u00abmuy contento\u00bb por \u00e9l porque les ense\u00f1a continuamente lo que es \u00abvolver a empezar\u00bb. \u00abLas lesiones no lo dejaron progresar, pero lo necesitamos y est\u00e1 mejorando. A ver si lo podemos ayudar a \u00e9l para que \u00e9l nos ayude a nosotros\u00bb, agreg\u00f3.<\/p>\n<p>\u00abTenemos que vivir el momento y m\u00e1s nosotros, que vivimos el partido a partido. Tenemos que disfrutar la situaci\u00f3n que estamos atravesando sabiendo nuestras virtudes y nuestros defectos y, a partir de ah\u00ed, trabajar en consecuencia de lo que se necesitamos\u00bb, dijo el entrenador del Atl\u00e9tico de Madrid sobre la situaci\u00f3n que atraviesa el equipo, con 15 triunfos consecutivos.<\/p>\n<h2 class=\"title-h2\">Visita al Legan\u00e9s en Liga<\/h2>\n<p>Un Atl\u00e9tico que se mide al Legan\u00e9s este fin de semana, un equipo que en el partido en casa les cost\u00f3 \u00abmucho esfuerzo\u00bb vencer. \u00abT\u00e1cticamente trabaja muy bien el entrenador y eso es valorable porque se ve dentro de lo que propone su equipo. Viene de un triunfo importante en Copa que seguramente les alentar\u00e1. Todo lo que sea ganar siempre decimos que es positivo\u00bb, abund\u00f3 el Cholo.<\/p>\n<p>Por \u00faltimo, el preparador colchonero valor\u00f3 la situaci\u00f3n de Reinildo. \u00abDe la misma manera que Javi Gal\u00e1n no ten\u00eda minutos antes, el f\u00fatbol es as\u00ed. Es un chico muy noble que siempre est\u00e1 preparado para lo que se le pida. Ya sabes lo que es esta situaci\u00f3n porque le ha tocado vivir tambi\u00e9n en otros lugares y est\u00e1 comprometido con el equipo al cien por cien, as\u00ed que estoy tranquilo. S\u00e9 que en el momento en que lo necesitemos, seguramente nos ayudar\u00e1\u00bb, apostill\u00f3.<\/p>\n<p><i>S\u00edguenos en nuestro canal de WhatsApp y no te pierdas la \u00faltima hora y toda la actualidad de antena3noticias.com<\/i><\/p>\n<div class=\"recirculation-video\" data-mod=\"a3mod_recirculation_video\">\n<div class=\"recirculation-video-wrapper\">\n<div>\n<div class=\"video-wrapper\">\n  <picture class=\"video-main-picture\"><source media=\"(min-width: 481px)\" srcset=\"https:\/\/fotografias.antena3.com\/clipping\/cmsimages02\/2025\/01\/16\/C7F2BB56-8EB6-4009-981F-714FAF7F31F8\/isabel-calvo-laboratorio-campeona-mma_94.jpg?crop=1280,720,x0,y0&amp;width=800&amp;height=450&amp;optimize=medium&amp;format=webply\" width=\"800\" height=\"450\"><source media=\"(min-width: 391px) and (max-width: 480px)\" srcset=\"https:\/\/fotografias.antena3.com\/clipping\/cmsimages02\/2025\/01\/16\/C7F2BB56-8EB6-4009-981F-714FAF7F31F8\/isabel-calvo-laboratorio-campeona-mma_70.jpg?crop=1280,720,x0,y0&amp;width=480&amp;height=270&amp;optimize=high&amp;format=webply\" width=\"480\" height=\"270\"><source media=\"(min-width: 321px) and (max-width: 390px)\" srcset=\"https:\/\/fotografias.antena3.com\/clipping\/cmsimages02\/2025\/01\/16\/C7F2BB56-8EB6-4009-981F-714FAF7F31F8\/isabel-calvo-laboratorio-campeona-mma_92.jpg?crop=1280,719,x0,y1&amp;width=390&amp;height=219&amp;optimize=high&amp;format=webply\" width=\"390\" height=\"219\"><source media=\"(max-width: 320px)\" srcset=\"https:\/\/fotografias.antena3.com\/clipping\/cmsimages02\/2025\/01\/16\/C7F2BB56-8EB6-4009-981F-714FAF7F31F8\/isabel-calvo-laboratorio-campeona-mma_52.jpg?crop=1280,720,x0,y0&amp;width=320&amp;height=180&amp;optimize=high&amp;format=webply\" width=\"320\" height=\"180\"><img decoding=\"async\" title=\"Isabel Calvo, del laboratorio a campeona de MMA\" alt=\"Isabel Calvo, del laboratorio a campeona de MMA\" width=\"480\" height=\"270\" src=\"https:\/\/fotografias.antena3.com\/clipping\/cmsimages02\/2025\/01\/16\/C7F2BB56-8EB6-4009-981F-714FAF7F31F8\/isabel-calvo-laboratorio-campeona-mma_70.jpg?crop=1280,720,x0,y0&amp;width=480&amp;height=270&amp;optimize=high&amp;format=webply\" loading=\"lazy\" class=\"lazy\"\/><br \/>\n  <\/source><\/source><\/source><\/source><\/picture>\n <\/div>\n<\/div><\/div>\n<\/p><\/div>\n<\/div>\n\n","protected":false},"excerpt":{"rendered":"<p>Diego Pablo Simeone no ha desaprovechado la ocasi\u00f3n para comentar la eliminatoria entre Real Madrid y Celta de Vigo en octavos de Copa del Rey (5-2): \u00abEl partido de ayer no lo vi. Me comentaron que hubo episodios del partido, pero como los hay desde hace 100 a\u00f1os, as\u00ed que no s\u00e9 qu\u00e9 les sorprende. &hellip;<\/p>\n","protected":false},"author":1,"featured_media":10892,"comment_status":"open","ping_status":"open","sticky":false,"template":"","format":"standard","meta":{"fifu_image_url":"https:\/\/fotografias.antena3.com\/clipping\/cmsimages01\/2025\/01\/17\/4AD5FC39-D9DE-495B-AD03-5CD75D0ADCC1\/diego-pablo-simeone-rueda-prensa_69.jpg?crop=1920,1080,x0,y126&width=1280&height=720&optimize=low&format=jpg","fifu_image_alt":"","footnotes":""},"categories":[6],"tags":[],"class_list":["post-10890","post","type-post","status-publish","format-standard","has-post-thumbnail","","category-deportes"],"_links":{"self":[{"href":"https:\/\/noticiasveraces.com\/index.php?rest_route=\/wp\/v2\/posts\/10890","targetHints":{"allow":["GET"]}}],"collection":[{"href":"https:\/\/noticiasveraces.com\/index.php?rest_route=\/wp\/v2\/posts"}],"about":[{"href":"https:\/\/noticiasveraces.com\/index.php?rest_route=\/wp\/v2\/types\/post"}],"author":[{"embeddable":true,"href":"https:\/\/noticiasveraces.com\/index.php?rest_route=\/wp\/v2\/users\/1"}],"replies":[{"embeddable":true,"href":"https:\/\/noticiasveraces.com\/index.php?rest_route=%2Fwp%2Fv2%2Fcomments&post=10890"}],"version-history":[{"count":0,"href":"https:\/\/noticiasveraces.com\/index.php?rest_route=\/wp\/v2\/posts\/10890\/revisions"}],"wp:featuredmedia":[{"embeddable":true,"href":"https:\/\/noticiasveraces.com\/index.php?rest_route=\/wp\/v2\/media\/10892"}],"wp:attachment":[{"href":"https:\/\/noticiasveraces.com\/index.php?rest_route=%2Fwp%2Fv2%2Fmedia&parent=10890"}],"wp:term":[{"taxonomy":"category","embeddable":true,"href":"https:\/\/noticiasveraces.com\/index.php?rest_route=%2Fwp%2Fv2%2Fcategories&post=10890"},{"taxonomy":"post_tag","embeddable":true,"href":"https:\/\/noticiasveraces.com\/index.php?rest_route=%2Fwp%2Fv2%2Ftags&post=10890"}],"curies":[{"name":"wp","href":"https:\/\/api.w.org\/{rel}","templated":true}]}}