{"id":10856,"date":"2025-01-17T18:47:49","date_gmt":"2025-01-17T22:47:49","guid":{"rendered":"https:\/\/noticiasveraces.com\/?p=10856"},"modified":"2025-01-17T18:47:49","modified_gmt":"2025-01-17T22:47:49","slug":"lo-que-hay-que-saber-sobre-los-rehenes-para-el-acuerdo-de-alto-el-fuego-entre-israel-y-hamas-que-comenzara-el-domingo","status":"publish","type":"post","link":"https:\/\/noticiasveraces.com\/?p=10856","title":{"rendered":"Lo que hay que saber sobre los rehenes para el acuerdo de alto el fuego entre Israel y Ham\u00e1s que comenzar\u00e1 el domingo"},"content":{"rendered":"<p> \n<\/p>\n<div>\n<div class=\"article-gating gated-overlay\">\n<div class=\"article-gating-wrapper\">\n<p>\u00danase a Fox News para acceder a este contenido<\/p>\n<p>Adem\u00e1s, acceso especial a art\u00edculos seleccionados y otro contenido premium con su cuenta, sin cargo.<\/p>\n<div class=\"article-gating-legal tablet-desktop\">Al ingresar su correo electr\u00f3nico y presionar Continuar, acepta los T\u00e9rminos de uso y la Pol\u00edtica de privacidad de Fox News, que incluye nuestro Aviso de incentivo financiero.\n    <\/div>\n<p><span>Por favor, introduce una direcci\u00f3n de correo electr\u00f3nico v\u00e1lida.<\/span><\/p>\n<footer class=\"article-gating-footer\">\u00bfTienes problemas? Haga clic aqu\u00ed.<\/footer>\n<\/div>\n<\/div>\n<p class=\"speakable\">El gobierno israel\u00ed est\u00e1 ultimando un acuerdo hist\u00f3rico de alto el fuego y liberaci\u00f3n de rehenes con Hamas, lo que marca un paso cr\u00edtico en la guerra desde el ataque terrorista del 7 de octubre de 2023. Aprobado por el gabinete de seguridad israel\u00ed, el acuerdo entrar\u00e1 en vigor el domingo y se espera que los tres primeros rehenes sean liberados. Este acuerdo sigue a semanas de intensas negociaciones mediadas por Estados Unidos, Qatar y Egipto.<\/p>\n<p class=\"speakable\">El primer ministro israel\u00ed, Benjamin Netanyahu, elogi\u00f3 al presidente estadounidense Biden y al presidente electo Trump por su papel en el avance de las negociaciones. Netanyahu agradeci\u00f3 a Biden por su compromiso y elogi\u00f3 la afirmaci\u00f3n de Trump de que Gaza nunca m\u00e1s deber\u00eda convertirse en un \u00abrefugio del terrorismo\u00bb. <\/p>\n<p>Trump, en una entrevista en un podcast, afirm\u00f3 que su participaci\u00f3n aceler\u00f3 el proceso y dijo: \u00abCambiamos el curso y lo cambiamos r\u00e1pidamente\u00bb.<\/p>\n<p>Seg\u00fan el acuerdo, Ham\u00e1s liberar\u00e1 a 33 rehenes en la primera fase, entre ellos mujeres, ni\u00f1os, ancianos e individuos con necesidades m\u00e9dicas cr\u00edticas. Entre ellos se encuentran Rumi Gonen, de 24 a\u00f1os, secuestrada en el festival de m\u00fasica Nova, y Shiri Bibas con sus dos hijos peque\u00f1os, Ariel y el beb\u00e9 Kfir. Se ha notificado a las familias sobre las liberaciones iniciales, mientras que los detalles de las fases posteriores se compartir\u00e1n 24 horas antes de la implementaci\u00f3n.<\/p>\n<p><strong>ALTO AL FUEGO ISRAEL-HAMAS Y ACUERDO DE LIBERACI\u00d3N DE REhenES: &#8216;LOS ESTADOUNIDENSES SER\u00c1N PARTE DE ESO&#8217;<\/strong><\/p>\n<div class=\"image-ct inline\">\n<div class=\"m\"><picture><source media=\"(max-width: 767px)\" srcset=\"https:\/\/a57.foxnews.com\/static.foxnews.com\/foxnews.com\/content\/uploads\/2025\/01\/343\/192\/whatsapp-image-2025-01-17-at-11.55.47.jpeg?ve=1&amp;tl=1, https:\/\/a57.foxnews.com\/static.foxnews.com\/foxnews.com\/content\/uploads\/2025\/01\/686\/384\/whatsapp-image-2025-01-17-at-11.55.47.jpeg?ve=1&amp;tl=1 2x\" height=\"192\" width=\"343\"><source media=\"(min-width: 768px) and (max-width: 1023px)\" srcset=\"https:\/\/a57.foxnews.com\/static.foxnews.com\/foxnews.com\/content\/uploads\/2025\/01\/672\/378\/whatsapp-image-2025-01-17-at-11.55.47.jpeg?ve=1&amp;tl=1, https:\/\/a57.foxnews.com\/static.foxnews.com\/foxnews.com\/content\/uploads\/2025\/01\/1344\/756\/whatsapp-image-2025-01-17-at-11.55.47.jpeg?ve=1&amp;tl=1 2x\" height=\"378\" width=\"672\"><source media=\"(min-width: 1024px) and (max-width: 1279px)\" srcset=\"https:\/\/a57.foxnews.com\/static.foxnews.com\/foxnews.com\/content\/uploads\/2025\/01\/931\/523\/whatsapp-image-2025-01-17-at-11.55.47.jpeg?ve=1&amp;tl=1, https:\/\/a57.foxnews.com\/static.foxnews.com\/foxnews.com\/content\/uploads\/2025\/01\/1862\/1046\/whatsapp-image-2025-01-17-at-11.55.47.jpeg?ve=1&amp;tl=1 2x\" height=\"523\" width=\"931\"><source media=\"(min-width: 1280px)\" srcset=\"https:\/\/a57.foxnews.com\/static.foxnews.com\/foxnews.com\/content\/uploads\/2025\/01\/720\/405\/whatsapp-image-2025-01-17-at-11.55.47.jpeg?ve=1&amp;tl=1, https:\/\/a57.foxnews.com\/static.foxnews.com\/foxnews.com\/content\/uploads\/2025\/01\/1440\/810\/whatsapp-image-2025-01-17-at-11.55.47.jpeg?ve=1&amp;tl=1 2x\" height=\"405\" width=\"720\"><img loading=\"lazy\" decoding=\"async\" src=\"https:\/\/a57.foxnews.com\/static.foxnews.com\/foxnews.com\/content\/uploads\/2025\/01\/1200\/675\/whatsapp-image-2025-01-17-at-11.55.47.jpeg?ve=1&amp;tl=1\" alt=\"Netanyahu y su gabinete\" width=\"1200\" height=\"675\"\/><\/source><\/source><\/source><\/source><\/picture><\/div>\n<div class=\"info\">\n<div class=\"caption\">\n<p><span>Netanyahu y su gabinete discuten sobre los rehenes para un acuerdo de alto el fuego en la oficina del primer ministro en Jerusal\u00e9n. 17 de enero de 2025.<\/span> <span>(Cortes\u00eda de GPO)<\/span><\/p>\n<\/div>\n<\/div>\n<\/div>\n<p>De los tres estadounidenses que se cree que est\u00e1n vivos en Gaza, s\u00f3lo dos (Keith Siegel y Sagui Dekel-Chen) est\u00e1n incluidos en la primera fase. La esposa de Sagui dio a luz a su tercer hijo mientras \u00e9l estaba en cautiverio. Edan Alexander, un soldado israel\u00ed-estadounidense, no est\u00e1 en la lista.<\/p>\n<p>Richard Goldberg, asesor principal del FDD y exfuncionario del NSC de Trump, dijo a Fox News la semana pasada que dejar a Alexander fuera de la lista inicial \u00abser\u00eda un gran error estrat\u00e9gico\u00bb.<\/p>\n<p>A cambio, Israel liberar\u00e1 a cientos de prisioneros de seguridad palestinos, incluidos menores, mujeres y personas con problemas de salud. Algunos de los prisioneros notables incluyen a Nawal Abd Fattah, un joven de 24 a\u00f1os condenado por intentar apu\u00f1alar a un israel\u00ed en 2020, e Ibrahim Zmar, un joven de 15 a\u00f1os involucrado en un tiroteo en 2023 en Jerusal\u00e9n. Los condenados por liderar importantes ataques terroristas siguen excluidos del acuerdo.<\/p>\n<div class=\"image-ct inline\">\n<div class=\"m\"><picture><source media=\"(max-width: 767px)\" srcset=\"https:\/\/a57.foxnews.com\/static.foxnews.com\/foxnews.com\/content\/uploads\/2025\/01\/343\/192\/gettyimages-2193458839-scaled.jpg?ve=1&amp;tl=1, https:\/\/a57.foxnews.com\/static.foxnews.com\/foxnews.com\/content\/uploads\/2025\/01\/686\/384\/gettyimages-2193458839-scaled.jpg?ve=1&amp;tl=1 2x\" height=\"192\" width=\"343\"><source media=\"(min-width: 768px) and (max-width: 1023px)\" srcset=\"https:\/\/a57.foxnews.com\/static.foxnews.com\/foxnews.com\/content\/uploads\/2025\/01\/672\/378\/gettyimages-2193458839-scaled.jpg?ve=1&amp;tl=1, https:\/\/a57.foxnews.com\/static.foxnews.com\/foxnews.com\/content\/uploads\/2025\/01\/1344\/756\/gettyimages-2193458839-scaled.jpg?ve=1&amp;tl=1 2x\" height=\"378\" width=\"672\"><source media=\"(min-width: 1024px) and (max-width: 1279px)\" srcset=\"https:\/\/a57.foxnews.com\/static.foxnews.com\/foxnews.com\/content\/uploads\/2025\/01\/931\/523\/gettyimages-2193458839-scaled.jpg?ve=1&amp;tl=1, https:\/\/a57.foxnews.com\/static.foxnews.com\/foxnews.com\/content\/uploads\/2025\/01\/1862\/1046\/gettyimages-2193458839-scaled.jpg?ve=1&amp;tl=1 2x\" height=\"523\" width=\"931\"><source media=\"(min-width: 1280px)\" srcset=\"https:\/\/a57.foxnews.com\/static.foxnews.com\/foxnews.com\/content\/uploads\/2025\/01\/720\/405\/gettyimages-2193458839-scaled.jpg?ve=1&amp;tl=1, https:\/\/a57.foxnews.com\/static.foxnews.com\/foxnews.com\/content\/uploads\/2025\/01\/1440\/810\/gettyimages-2193458839-scaled.jpg?ve=1&amp;tl=1 2x\" height=\"405\" width=\"720\"><img loading=\"lazy\" decoding=\"async\" src=\"https:\/\/a57.foxnews.com\/static.foxnews.com\/foxnews.com\/content\/uploads\/2025\/01\/1200\/675\/gettyimages-2193458839-scaled.jpg?ve=1&amp;tl=1\" alt=\"corredor en jerusal\u00e9n\" width=\"1200\" height=\"675\"\/><\/source><\/source><\/source><\/source><\/picture><\/div>\n<div class=\"info\">\n<div class=\"caption\">\n<p><span>Un hombre corre en Jerusal\u00e9n el 15 de enero de 2025, pasando junto a un cartel con retratos de rehenes israel\u00edes retenidos en la Franja de Gaza desde el ataque del 7 de octubre de 2023 por parte de terroristas de Hamas.<\/span> <span>(Hazem Bader\/AFP v\u00eda Getty Images)<\/span><\/p>\n<\/div>\n<\/div>\n<\/div>\n<p>El acuerdo estipula que los presos liberados no pueden ser arrestados nuevamente por los mismos cargos y no est\u00e1n obligados a firmar ninguna declaraci\u00f3n tras su liberaci\u00f3n. Cada mujer o ni\u00f1o reh\u00e9n corresponde a la liberaci\u00f3n de 30 prisioneros palestinos, mientras que la liberaci\u00f3n de soldados implica 30 presos condenados a cadena perpetua y 20 que cumplen penas de larga duraci\u00f3n.<\/p>\n<p><strong>EL ALTO EL FUEGO ENTRE ISRAEL Y HAMAS SE ACERCA EN MEDIO DE LAS PREOCUPACIONES POR EL REARMADO DEL GRUPO TERRORISTA EN GAZA<\/strong><\/p>\n<p>El acuerdo tambi\u00e9n facilita la ayuda humanitaria, permitiendo la entrada diaria de 600 camiones de suministros a Gaza. Para el d\u00eda 22, a los desplazados de Gaza se les permitir\u00e1 regresar a las zonas del norte, y las inspecciones de seguridad se limitar\u00e1n a los veh\u00edculos bajo supervisi\u00f3n qatar\u00ed-egipcia. El ej\u00e9rcito israel\u00ed reducir\u00e1 su presencia en determinadas zonas manteniendo el control de rutas clave.<\/p>\n<p>El calendario de liberaci\u00f3n comienza con tres rehenes el primer d\u00eda, seguidos de cuatro el s\u00e9ptimo d\u00eda. Durante las pr\u00f3ximas cinco semanas, grupos de tres rehenes ser\u00e1n liberados semanalmente hasta el d\u00eda 35. Entre los d\u00edas 35 y 42, se liberar\u00e1n 12 rehenes m\u00e1s, entre ellos Avera Mengistu, cautiva en Gaza durante una d\u00e9cada, y Hisham al-Sayed, un enfermo mental que cruz\u00f3 a Gaza por su cuenta. propio y ha estado detenido all\u00ed desde antes del 7 de octubre.<\/p>\n<div class=\"image-ct inline\">\n<div class=\"m\"><picture><source media=\"(max-width: 767px)\" srcset=\"https:\/\/a57.foxnews.com\/static.foxnews.com\/foxnews.com\/content\/uploads\/2023\/10\/343\/192\/Hamas-fighter.jpg?ve=1&amp;tl=1, https:\/\/a57.foxnews.com\/static.foxnews.com\/foxnews.com\/content\/uploads\/2023\/10\/686\/384\/Hamas-fighter.jpg?ve=1&amp;tl=1 2x\" height=\"192\" width=\"343\"><source media=\"(min-width: 768px) and (max-width: 1023px)\" srcset=\"https:\/\/a57.foxnews.com\/static.foxnews.com\/foxnews.com\/content\/uploads\/2023\/10\/672\/378\/Hamas-fighter.jpg?ve=1&amp;tl=1, https:\/\/a57.foxnews.com\/static.foxnews.com\/foxnews.com\/content\/uploads\/2023\/10\/1344\/756\/Hamas-fighter.jpg?ve=1&amp;tl=1 2x\" height=\"378\" width=\"672\"><source media=\"(min-width: 1024px) and (max-width: 1279px)\" srcset=\"https:\/\/a57.foxnews.com\/static.foxnews.com\/foxnews.com\/content\/uploads\/2023\/10\/931\/523\/Hamas-fighter.jpg?ve=1&amp;tl=1, https:\/\/a57.foxnews.com\/static.foxnews.com\/foxnews.com\/content\/uploads\/2023\/10\/1862\/1046\/Hamas-fighter.jpg?ve=1&amp;tl=1 2x\" height=\"523\" width=\"931\"><source media=\"(min-width: 1280px)\" srcset=\"https:\/\/a57.foxnews.com\/static.foxnews.com\/foxnews.com\/content\/uploads\/2023\/10\/720\/405\/Hamas-fighter.jpg?ve=1&amp;tl=1, https:\/\/a57.foxnews.com\/static.foxnews.com\/foxnews.com\/content\/uploads\/2023\/10\/1440\/810\/Hamas-fighter.jpg?ve=1&amp;tl=1 2x\" height=\"405\" width=\"720\"><img loading=\"lazy\" decoding=\"async\" src=\"https:\/\/a57.foxnews.com\/static.foxnews.com\/foxnews.com\/content\/uploads\/2023\/10\/1200\/675\/Hamas-fighter.jpg?ve=1&amp;tl=1\" alt=\"Terroristas de Ham\u00e1s dentro de Israel durante el ataque\" width=\"1200\" height=\"675\"\/><\/source><\/source><\/source><\/source><\/picture><\/div>\n<div class=\"info\">\n<div class=\"caption\">\n<p><span>Esta imagen de un video sin fecha de una c\u00e1mara corporal tomada por un terrorista de Ham\u00e1s derribado y publicada por las Fuerzas de Defensa de Israel muestra a un terrorista de Ham\u00e1s caminando por un vecindario residencial en un lugar no revelado en el sur de Israel. El ej\u00e9rcito de Israel reuni\u00f3 a un grupo de corresponsales extranjeros el 16 de octubre de 2023 para proyectar un carrete de 40 minutos de im\u00e1genes horripilantes compiladas del ataque de Hamas el 7 de octubre de 2023.<\/span> <span>(Fuerzas de Defensa de Israel v\u00eda AP)<\/span><\/p>\n<\/div>\n<\/div>\n<\/div>\n<p>Las negociaciones para la segunda fase comenzar\u00e1n el d\u00eda 16 de la primera etapa, centr\u00e1ndose en la liberaci\u00f3n de j\u00f3venes y soldados y la devoluci\u00f3n de los cuerpos. Esta fase comenzar\u00e1 el d\u00eda 43 y durar\u00e1 42 d\u00edas, con discusiones dirigidas a los cautivos restantes.<\/p>\n<p>\u00abCuando comience la segunda fase, habr\u00e1 un intercambio de los rehenes vivos restantes, incluidos soldados varones, y todas las fuerzas israel\u00edes restantes ser\u00e1n retiradas de Gaza, haciendo que el alto el fuego temporal sea permanente\u00bb, afirm\u00f3 el presidente Biden durante una conferencia de prensa el mi\u00e9rcoles. Tambi\u00e9n se\u00f1al\u00f3 que la tercera fase implicar\u00eda la devoluci\u00f3n de los restos de los rehenes muertos en cautiverio y el inicio de un plan integral de reconstrucci\u00f3n para Gaza.<\/p>\n<p>Netanyahu, por otro lado, hablando durante una reuni\u00f3n de gabinete, enfatiz\u00f3 que en sus conversaciones tanto con el presidente Biden como con el presidente electo Trump, un punto qued\u00f3 expl\u00edcitamente claro: si las negociaciones para la segunda fase del acuerdo fracasan, Israel reanudar\u00e1 el ej\u00e9rcito. operaciones.<\/p>\n<p><strong>HAGA CLIC AQU\u00cd PARA OBTENER LA APLICACI\u00d3N FOX NEWS<\/strong><\/p>\n<div class=\"image-ct inline\">\n<div class=\"m\"><picture><source media=\"(max-width: 767px)\" srcset=\"https:\/\/a57.foxnews.com\/static.foxnews.com\/foxnews.com\/content\/uploads\/2024\/05\/343\/192\/IDF-operating-in-Rafah.jpeg?ve=1&amp;tl=1, https:\/\/a57.foxnews.com\/static.foxnews.com\/foxnews.com\/content\/uploads\/2024\/05\/686\/384\/IDF-operating-in-Rafah.jpeg?ve=1&amp;tl=1 2x\" height=\"192\" width=\"343\"><source media=\"(min-width: 768px) and (max-width: 1023px)\" srcset=\"https:\/\/a57.foxnews.com\/static.foxnews.com\/foxnews.com\/content\/uploads\/2024\/05\/672\/378\/IDF-operating-in-Rafah.jpeg?ve=1&amp;tl=1, https:\/\/a57.foxnews.com\/static.foxnews.com\/foxnews.com\/content\/uploads\/2024\/05\/1344\/756\/IDF-operating-in-Rafah.jpeg?ve=1&amp;tl=1 2x\" height=\"378\" width=\"672\"><source media=\"(min-width: 1024px) and (max-width: 1279px)\" srcset=\"https:\/\/a57.foxnews.com\/static.foxnews.com\/foxnews.com\/content\/uploads\/2024\/05\/931\/523\/IDF-operating-in-Rafah.jpeg?ve=1&amp;tl=1, https:\/\/a57.foxnews.com\/static.foxnews.com\/foxnews.com\/content\/uploads\/2024\/05\/1862\/1046\/IDF-operating-in-Rafah.jpeg?ve=1&amp;tl=1 2x\" height=\"523\" width=\"931\"><source media=\"(min-width: 1280px)\" srcset=\"https:\/\/a57.foxnews.com\/static.foxnews.com\/foxnews.com\/content\/uploads\/2024\/05\/720\/405\/IDF-operating-in-Rafah.jpeg?ve=1&amp;tl=1, https:\/\/a57.foxnews.com\/static.foxnews.com\/foxnews.com\/content\/uploads\/2024\/05\/1440\/810\/IDF-operating-in-Rafah.jpeg?ve=1&amp;tl=1 2x\" height=\"405\" width=\"720\"><img loading=\"lazy\" decoding=\"async\" src=\"https:\/\/a57.foxnews.com\/static.foxnews.com\/foxnews.com\/content\/uploads\/2024\/05\/1200\/675\/IDF-operating-in-Rafah.jpeg?ve=1&amp;tl=1\" alt=\"Fuerzas de las FDI en Rafah\" width=\"1200\" height=\"675\"\/><\/source><\/source><\/source><\/source><\/picture><\/div>\n<div class=\"info\">\n<div class=\"caption\">\n<p><span>Fuerzas de las FDI operando en Rafah, una ciudad de la Franja de Gaza.<\/span> <span>(Oficina del Portavoz de las FDI)<\/span><\/p>\n<\/div>\n<\/div>\n<\/div>\n<p>Para las familias de los rehenes, el acuerdo representa al mismo tiempo esperanza y angustia. Ronen y Orna Neutra, cuyo hijo estadounidense-israel\u00ed, Omer, fue asesinado por Ham\u00e1s y cuyo cuerpo permanece en Gaza, calificaron el acuerdo de agridulce. <\/p>\n<p>\u00abEs un momento dif\u00edcil. Por un lado, estamos felices y entusiasmados por las familias que, con suerte, podr\u00e1n ver a sus seres queridos despu\u00e9s de tanto tiempo\u00bb, dijo Orna Neutra a Fox News. <\/p>\n<p>\u00abTenemos muchas esperanzas de que esta nueva administraci\u00f3n pueda hacer realidad el acuerdo y tendr\u00e1 toda la seriedad necesaria para que los diferentes partidos de la regi\u00f3n lo cumplan. Confiamos en el presidente Trump en que, ya sabes, esto \u00abEs importante para \u00e9l y se asegurar\u00e1 de que esto suceda\u00bb. <\/p>\n<\/div>\n\n","protected":false},"excerpt":{"rendered":"<p>\u00danase a Fox News para acceder a este contenido Adem\u00e1s, acceso especial a art\u00edculos seleccionados y otro contenido premium con su cuenta, sin cargo. Al ingresar su correo electr\u00f3nico y presionar Continuar, acepta los T\u00e9rminos de uso y la Pol\u00edtica de privacidad de Fox News, que incluye nuestro Aviso de incentivo financiero. Por favor, introduce &hellip;<\/p>\n","protected":false},"author":1,"featured_media":10858,"comment_status":"open","ping_status":"open","sticky":false,"template":"","format":"standard","meta":{"fifu_image_url":"https:\/\/static.foxnews.com\/foxnews.com\/content\/uploads\/2025\/01\/gettyimages-2193458839-scaled.jpg","fifu_image_alt":"","footnotes":""},"categories":[13],"tags":[],"class_list":["post-10856","post","type-post","status-publish","format-standard","has-post-thumbnail","","category-mundo"],"_links":{"self":[{"href":"https:\/\/noticiasveraces.com\/index.php?rest_route=\/wp\/v2\/posts\/10856","targetHints":{"allow":["GET"]}}],"collection":[{"href":"https:\/\/noticiasveraces.com\/index.php?rest_route=\/wp\/v2\/posts"}],"about":[{"href":"https:\/\/noticiasveraces.com\/index.php?rest_route=\/wp\/v2\/types\/post"}],"author":[{"embeddable":true,"href":"https:\/\/noticiasveraces.com\/index.php?rest_route=\/wp\/v2\/users\/1"}],"replies":[{"embeddable":true,"href":"https:\/\/noticiasveraces.com\/index.php?rest_route=%2Fwp%2Fv2%2Fcomments&post=10856"}],"version-history":[{"count":0,"href":"https:\/\/noticiasveraces.com\/index.php?rest_route=\/wp\/v2\/posts\/10856\/revisions"}],"wp:featuredmedia":[{"embeddable":true,"href":"https:\/\/noticiasveraces.com\/index.php?rest_route=\/wp\/v2\/media\/10858"}],"wp:attachment":[{"href":"https:\/\/noticiasveraces.com\/index.php?rest_route=%2Fwp%2Fv2%2Fmedia&parent=10856"}],"wp:term":[{"taxonomy":"category","embeddable":true,"href":"https:\/\/noticiasveraces.com\/index.php?rest_route=%2Fwp%2Fv2%2Fcategories&post=10856"},{"taxonomy":"post_tag","embeddable":true,"href":"https:\/\/noticiasveraces.com\/index.php?rest_route=%2Fwp%2Fv2%2Ftags&post=10856"}],"curies":[{"name":"wp","href":"https:\/\/api.w.org\/{rel}","templated":true}]}}