{"id":10853,"date":"2025-01-17T17:45:16","date_gmt":"2025-01-17T21:45:16","guid":{"rendered":"https:\/\/noticiasveraces.com\/?p=10853"},"modified":"2025-01-17T17:45:16","modified_gmt":"2025-01-17T21:45:16","slug":"expertos-en-seguridad-israelies-argumentan-que-hay-un-mal-acuerdo-con-hamas-pero-que-no-hay-otra-forma-de-liberar-a-los-rehenes","status":"publish","type":"post","link":"https:\/\/noticiasveraces.com\/?p=10853","title":{"rendered":"Expertos en seguridad israel\u00edes argumentan que hay un \u00abmal acuerdo\u00bb con Hamas pero que \u00abno hay otra forma\u00bb de liberar a los rehenes"},"content":{"rendered":"<p> \n<\/p>\n<div>\n<p class=\"speakable\">La noticia de que Israel y Hamas finalmente firmaron un acuerdo fue recibida con un suspiro de alivio internacional el viernes, ya que podr\u00eda significar el regreso de todos los rehenes restantes que han estado retenidos durante mucho tiempo en condiciones desmedidas, as\u00ed como poner fin a los brutales 15- campa\u00f1a de un mes en Gaza.<\/p>\n<p class=\"speakable\">La primera fase de 42 d\u00edas del acuerdo de alto el fuego e intercambio de rehenes comenzar\u00e1 el domingo, cuando tres de los 33 rehenes cuya liberaci\u00f3n est\u00e1 prevista ser\u00e1n devueltos a Israel.<\/p>\n<p>El intercambio de los 65 rehenes restantes, vivos y muertos, se negociar\u00e1 el d\u00eda 16 del alto el fuego. Sin embargo, el regreso de esos rehenes no comenzar\u00e1 hasta el d\u00eda 43 del acuerdo, lo que marcar\u00e1 la segunda fase del alto el fuego. <\/p>\n<div class=\"image-ct inline\">\n<div class=\"m\"><picture><source media=\"(max-width: 767px)\" srcset=\"https:\/\/a57.foxnews.com\/static.foxnews.com\/foxnews.com\/content\/uploads\/2025\/01\/343\/192\/deal.jpg?ve=1&amp;tl=1, https:\/\/a57.foxnews.com\/static.foxnews.com\/foxnews.com\/content\/uploads\/2025\/01\/686\/384\/deal.jpg?ve=1&amp;tl=1 2x\" height=\"192\" width=\"343\"><source media=\"(min-width: 768px) and (max-width: 1023px)\" srcset=\"https:\/\/a57.foxnews.com\/static.foxnews.com\/foxnews.com\/content\/uploads\/2025\/01\/672\/378\/deal.jpg?ve=1&amp;tl=1, https:\/\/a57.foxnews.com\/static.foxnews.com\/foxnews.com\/content\/uploads\/2025\/01\/1344\/756\/deal.jpg?ve=1&amp;tl=1 2x\" height=\"378\" width=\"672\"><source media=\"(min-width: 1024px) and (max-width: 1279px)\" srcset=\"https:\/\/a57.foxnews.com\/static.foxnews.com\/foxnews.com\/content\/uploads\/2025\/01\/931\/523\/deal.jpg?ve=1&amp;tl=1, https:\/\/a57.foxnews.com\/static.foxnews.com\/foxnews.com\/content\/uploads\/2025\/01\/1862\/1046\/deal.jpg?ve=1&amp;tl=1 2x\" height=\"523\" width=\"931\"><source media=\"(min-width: 1280px)\" srcset=\"https:\/\/a57.foxnews.com\/static.foxnews.com\/foxnews.com\/content\/uploads\/2025\/01\/720\/405\/deal.jpg?ve=1&amp;tl=1, https:\/\/a57.foxnews.com\/static.foxnews.com\/foxnews.com\/content\/uploads\/2025\/01\/1440\/810\/deal.jpg?ve=1&amp;tl=1 2x\" height=\"405\" width=\"720\"><img loading=\"lazy\" decoding=\"async\" src=\"https:\/\/a57.foxnews.com\/static.foxnews.com\/foxnews.com\/content\/uploads\/2025\/01\/1200\/675\/deal.jpg?ve=1&amp;tl=1\" alt=\"Israel toma como rehenes a Bibas\" width=\"1200\" height=\"675\"\/><\/source><\/source><\/source><\/source><\/picture><\/div>\n<div class=\"info\">\n<div class=\"caption\">\n<p><span>Se encienden velas de Hanukkah en los lugares dispuestos en la mesa del festival para la familia Bibas, una familia israel\u00ed que incluye al beb\u00e9 Kfir, de 11 meses, su hermano Ariel, de cuatro a\u00f1os, y sus padres, Shiri y Yarden, que est\u00e1n rehenes por Ham\u00e1s en la Franja de Gaza, en la Plaza de los Rehenes y Desaparecidos, el 9 de diciembre de 2023, en Tel Aviv, Israel. <\/span> <span>(Foto de David Silverman\/Getty Images)<\/span><\/p>\n<\/div>\n<\/div>\n<\/div>\n<p><strong>ACUERDO DE ALTO EL FUEGO ISRAEL-HAMAS: EL GABINETE ISRAEL\u00cd APRUEBA EL ACUERDO FIRMADO POR LOS NEGOCIADORES<\/strong><\/p>\n<p>Pero los familiares de los rehenes que a\u00fan se encuentran en Gaza a\u00fan no se han alegrado plenamente y, aunque muchos ven el avance con cauteloso optimismo, otros creen que el acuerdo no es lo suficientemente bueno. <\/p>\n<p>\u00abEstamos lidiando con este acuerdo [for] m\u00e1s de un a\u00f1o, y ambas partes intentaron lograr el mejor acuerdo para ellas mismas\u00bb, dijo el mayor general retirado de las Fuerzas de Defensa de Israel (FDI), Yaakov Amidror, en una conversaci\u00f3n con periodistas el jueves por la tarde. <\/p>\n<p>Amidror dej\u00f3 en claro que no hab\u00eda manera de lograr una soluci\u00f3n perfecta, dadas las inmensas complejidades y la necesidad de equilibrar el valor de la vida humana con el de lograr un objetivo estrat\u00e9gico de seguridad.<\/p>\n<p>\u00abEste es el acuerdo. Es malo. Pero es el \u00fanico mediante el cual podemos sacar a 33 rehenes\u00bb, dijo. \u00abY creo que, moralmente, deber\u00eda hacerse\u00bb.<\/p>\n<p>Amidror se\u00f1al\u00f3 las objeciones que han planteado al acuerdo quienes sostienen que la primera fase deber\u00eda haber incluido a todos los rehenes retenidos por Hamas, as\u00ed como otros que argumentan que es malo para la seguridad israel\u00ed.<\/p>\n<p>Se informa que parte del acuerdo de alto el fuego incluye un plan que obliga a Israel a retirar sus fuerzas a lo largo de la franja hasta un per\u00edmetro de seguridad que rodea a las comunidades israel\u00edes en la frontera con Gaza.<\/p>\n<div class=\"image-ct inline\">\n<div class=\"m\"><picture><source media=\"(max-width: 767px)\" srcset=\"https:\/\/a57.foxnews.com\/static.foxnews.com\/foxnews.com\/content\/uploads\/2025\/01\/343\/192\/deal-2.jpg?ve=1&amp;tl=1, https:\/\/a57.foxnews.com\/static.foxnews.com\/foxnews.com\/content\/uploads\/2025\/01\/686\/384\/deal-2.jpg?ve=1&amp;tl=1 2x\" height=\"192\" width=\"343\"><source media=\"(min-width: 768px) and (max-width: 1023px)\" srcset=\"https:\/\/a57.foxnews.com\/static.foxnews.com\/foxnews.com\/content\/uploads\/2025\/01\/672\/378\/deal-2.jpg?ve=1&amp;tl=1, https:\/\/a57.foxnews.com\/static.foxnews.com\/foxnews.com\/content\/uploads\/2025\/01\/1344\/756\/deal-2.jpg?ve=1&amp;tl=1 2x\" height=\"378\" width=\"672\"><source media=\"(min-width: 1024px) and (max-width: 1279px)\" srcset=\"https:\/\/a57.foxnews.com\/static.foxnews.com\/foxnews.com\/content\/uploads\/2025\/01\/931\/523\/deal-2.jpg?ve=1&amp;tl=1, https:\/\/a57.foxnews.com\/static.foxnews.com\/foxnews.com\/content\/uploads\/2025\/01\/1862\/1046\/deal-2.jpg?ve=1&amp;tl=1 2x\" height=\"523\" width=\"931\"><source media=\"(min-width: 1280px)\" srcset=\"https:\/\/a57.foxnews.com\/static.foxnews.com\/foxnews.com\/content\/uploads\/2025\/01\/720\/405\/deal-2.jpg?ve=1&amp;tl=1, https:\/\/a57.foxnews.com\/static.foxnews.com\/foxnews.com\/content\/uploads\/2025\/01\/1440\/810\/deal-2.jpg?ve=1&amp;tl=1 2x\" height=\"405\" width=\"720\"><img loading=\"lazy\" decoding=\"async\" src=\"https:\/\/a57.foxnews.com\/static.foxnews.com\/foxnews.com\/content\/uploads\/2025\/01\/1200\/675\/deal-2.jpg?ve=1&amp;tl=1\" alt=\"Israel\" width=\"1200\" height=\"675\"\/><\/source><\/source><\/source><\/source><\/picture><\/div>\n<div class=\"info\">\n<div class=\"caption\">\n<p><span>El primer ministro israel\u00ed, Benjamin Netanyahu, preside una reuni\u00f3n mientras el Gabinete de Seguridad israel\u00ed se re\u00fane para aprobar un acuerdo de alto el fuego y un acuerdo de intercambio de prisioneros con Ham\u00e1s, en Jerusal\u00e9n Occidental el 17 de enero de 2025. El acuerdo propuesto, dise\u00f1ado para poner fin a la guerra en curso en Gaza, incluye un intercambio de rehenes retenidos por Hamas por prisioneros palestinos detenidos en c\u00e1rceles israel\u00edes. <\/span> <span>(Foto de Koby Gideon (GPO)\/Handout\/Anadolu v\u00eda Getty Images)<\/span><\/p>\n<\/div>\n<\/div>\n<\/div>\n<p>Los detalles sobre la retirada de las FDI siguen sin estar claros en este momento, particularmente en lo que se refiere a las fases del acuerdo y corredores de seguridad espec\u00edficos en toda la Franja de Gaza, aunque The Times of Israel inform\u00f3 esta semana que las FDI tienen la intenci\u00f3n de permanecer en la Franja de Gaza hasta el El \u00faltimo reh\u00e9n es liberado. <\/p>\n<p>\u00abIsrael est\u00e1 perdiendo la capacidad de destruir totalmente a Ham\u00e1s\u00bb, afirm\u00f3 Amidror. \u00abIsrael est\u00e1 perdiendo la capacidad de continuar con el impulso y nadie sabe lo que suceder\u00e1 despu\u00e9s de los 42 d\u00edas\u00bb.<\/p>\n<p>El mayor general retirado se\u00f1al\u00f3 que como los t\u00e9rminos del acuerdo no se han hecho p\u00fablicos, no est\u00e1 claro qu\u00e9 acuerdo de seguridad ha firmado Israel con los EE.UU. en lo que respecta a Ir\u00e1n y la continua amenaza de que Hamas \u2013a pesar de perder aproximadamente el 80% de sus capacidades militares, con un estimado de al menos 20.000 militantes muertos, plantea un posible reagrupamiento en Gaza. <\/p>\n<p>Dadas estas preocupaciones, el Ministro de Seguridad Nacional israel\u00ed de extrema derecha, Itamar Ben-Gvir, habr\u00eda amenazado esta semana con renunciar a su cargo si Israel aceptaba el acuerdo negociado. <\/p>\n<p><strong>ISRAEL Y HAMAS DETENGAN EL ALTO EL FUEGO POR EL RENOVADO DEBATE SOBRE EL CORREDOR DE SEGURIDAD DE FILADELFIA Y EL INTERCAMBIO TERRORISMO<\/strong><\/p>\n<p>\u00abA mucha gente no le gusta, porque est\u00e1 claro que Israel est\u00e1 perdiendo la capacidad de destruir a Ham\u00e1s, como prometimos\u00bb, dijo Amidror. \u00abPero nos encontramos en una situaci\u00f3n que es la \u00fanica manera de llevar a los rehenes a casa\u00bb.<\/p>\n<div class=\"image-ct inline\">\n<div class=\"m\"><picture><source media=\"(max-width: 767px)\" srcset=\"https:\/\/a57.foxnews.com\/static.foxnews.com\/foxnews.com\/content\/uploads\/2025\/01\/343\/192\/deal-3.jpg?ve=1&amp;tl=1, https:\/\/a57.foxnews.com\/static.foxnews.com\/foxnews.com\/content\/uploads\/2025\/01\/686\/384\/deal-3.jpg?ve=1&amp;tl=1 2x\" height=\"192\" width=\"343\"><source media=\"(min-width: 768px) and (max-width: 1023px)\" srcset=\"https:\/\/a57.foxnews.com\/static.foxnews.com\/foxnews.com\/content\/uploads\/2025\/01\/672\/378\/deal-3.jpg?ve=1&amp;tl=1, https:\/\/a57.foxnews.com\/static.foxnews.com\/foxnews.com\/content\/uploads\/2025\/01\/1344\/756\/deal-3.jpg?ve=1&amp;tl=1 2x\" height=\"378\" width=\"672\"><source media=\"(min-width: 1024px) and (max-width: 1279px)\" srcset=\"https:\/\/a57.foxnews.com\/static.foxnews.com\/foxnews.com\/content\/uploads\/2025\/01\/931\/523\/deal-3.jpg?ve=1&amp;tl=1, https:\/\/a57.foxnews.com\/static.foxnews.com\/foxnews.com\/content\/uploads\/2025\/01\/1862\/1046\/deal-3.jpg?ve=1&amp;tl=1 2x\" height=\"523\" width=\"931\"><source media=\"(min-width: 1280px)\" srcset=\"https:\/\/a57.foxnews.com\/static.foxnews.com\/foxnews.com\/content\/uploads\/2025\/01\/720\/405\/deal-3.jpg?ve=1&amp;tl=1, https:\/\/a57.foxnews.com\/static.foxnews.com\/foxnews.com\/content\/uploads\/2025\/01\/1440\/810\/deal-3.jpg?ve=1&amp;tl=1 2x\" height=\"405\" width=\"720\"><img loading=\"lazy\" decoding=\"async\" src=\"https:\/\/a57.foxnews.com\/static.foxnews.com\/foxnews.com\/content\/uploads\/2025\/01\/1200\/675\/deal-3.jpg?ve=1&amp;tl=1\" alt=\"rehenes de israel\" width=\"1200\" height=\"675\"\/><\/source><\/source><\/source><\/source><\/picture><\/div>\n<div class=\"info\">\n<div class=\"caption\">\n<p><span>Una pared cubierta con fotograf\u00edas de rehenes retenidos en la Franja de Gaza despu\u00e9s del mortal ataque de Ham\u00e1s del 7 de octubre que ped\u00eda la liberaci\u00f3n de los rehenes el 17 de enero de 2025 en Tel Aviv, Israel. El mi\u00e9rcoles, los mediadores del conflicto anunciaron un acuerdo de alto el fuego entre Israel y Ham\u00e1s. Se esperaba la aprobaci\u00f3n formal del gabinete de Israel el jueves, pero se retras\u00f3 hasta el viernes, aunque los mediadores insistieron en que a\u00fan se esperaba que el acuerdo entrara en vigor el domingo. <\/span> <span>(Foto de Amir Levy\/Getty Images)<\/span><\/p>\n<\/div>\n<\/div>\n<\/div>\n<p>Amidror explic\u00f3 que se hizo innegablemente evidente que tan pronto como las fuerzas israel\u00edes avanzaron en las zonas cercanas a donde se encontraban los rehenes, fueron asesinados por los guardias de Ham\u00e1s.<\/p>\n<p>\u00abEntendimos que no hay manera militar de capturarlos. Y tuvimos que tomar una decisi\u00f3n, muy dif\u00edcil: \u00bfentregamos a los rehenes?\u00bb [lives]o estamos haciendo un trato?\u00bb<\/p>\n<p>John Hannah, ex asesor de seguridad nacional de Dick Cheney y miembro senior de JINSA Randi &#038; Charles Wax, dijo que era una \u00abdecisi\u00f3n tortuosa, enormemente dolorosa, pero que el pueblo israel\u00ed tiene que tomar\u00bb.<\/p>\n<p>Hannah dijo que si bien la decisi\u00f3n es \u00abincre\u00edblemente divisiva\u00bb, las encuestas muestran que la mayor\u00eda de los israel\u00edes apoyan la devoluci\u00f3n de los rehenes en lugar de destruir completamente a Hamas. <\/p>\n<p>\u00abHam\u00e1s podr\u00e1 afirmar que sobrevivi\u00f3\u00bb, dijo Hannah. \u00abIsrael lograr\u00e1 uno de sus principales objetivos de guerra, si Dios quiere, con el regreso de los rehenes, pero a un precio&#8230; [of] la aniquilaci\u00f3n de Ham\u00e1s, tanto en su componente militar como en su gobierno\u00bb.<\/p>\n<div class=\"image-ct inline\">\n<div class=\"m\"><picture><source media=\"(max-width: 767px)\" srcset=\"https:\/\/a57.foxnews.com\/static.foxnews.com\/foxnews.com\/content\/uploads\/2023\/11\/343\/192\/Israel-strikes-Gaza.jpg?ve=1&amp;tl=1, https:\/\/a57.foxnews.com\/static.foxnews.com\/foxnews.com\/content\/uploads\/2023\/11\/686\/384\/Israel-strikes-Gaza.jpg?ve=1&amp;tl=1 2x\" height=\"192\" width=\"343\"><source media=\"(min-width: 768px) and (max-width: 1023px)\" srcset=\"https:\/\/a57.foxnews.com\/static.foxnews.com\/foxnews.com\/content\/uploads\/2023\/11\/672\/378\/Israel-strikes-Gaza.jpg?ve=1&amp;tl=1, https:\/\/a57.foxnews.com\/static.foxnews.com\/foxnews.com\/content\/uploads\/2023\/11\/1344\/756\/Israel-strikes-Gaza.jpg?ve=1&amp;tl=1 2x\" height=\"378\" width=\"672\"><source media=\"(min-width: 1024px) and (max-width: 1279px)\" srcset=\"https:\/\/a57.foxnews.com\/static.foxnews.com\/foxnews.com\/content\/uploads\/2023\/11\/931\/523\/Israel-strikes-Gaza.jpg?ve=1&amp;tl=1, https:\/\/a57.foxnews.com\/static.foxnews.com\/foxnews.com\/content\/uploads\/2023\/11\/1862\/1046\/Israel-strikes-Gaza.jpg?ve=1&amp;tl=1 2x\" height=\"523\" width=\"931\"><source media=\"(min-width: 1280px)\" srcset=\"https:\/\/a57.foxnews.com\/static.foxnews.com\/foxnews.com\/content\/uploads\/2023\/11\/720\/405\/Israel-strikes-Gaza.jpg?ve=1&amp;tl=1, https:\/\/a57.foxnews.com\/static.foxnews.com\/foxnews.com\/content\/uploads\/2023\/11\/1440\/810\/Israel-strikes-Gaza.jpg?ve=1&amp;tl=1 2x\" height=\"405\" width=\"720\"><img loading=\"lazy\" decoding=\"async\" src=\"https:\/\/a57.foxnews.com\/static.foxnews.com\/foxnews.com\/content\/uploads\/2023\/11\/1200\/675\/Israel-strikes-Gaza.jpg?ve=1&amp;tl=1\" alt=\"Ataque a\u00e9reo israel\u00ed en la Franja de Gaza\" width=\"1200\" height=\"675\"\/><\/source><\/source><\/source><\/source><\/picture><\/div>\n<div class=\"info\">\n<div class=\"caption\">\n<p><span>El humo y las llamas se elevan tras un ataque a\u00e9reo israel\u00ed en la Franja de Gaza el 2 de noviembre de 2023. <\/span> <span>(Ali Jadallah\/Anadolu)<\/span><\/p>\n<\/div>\n<\/div>\n<\/div>\n<p><strong>HAGA CLIC AQU\u00cd PARA OBTENER LA APLICACI\u00d3N FOX NEWS<\/strong><\/p>\n<p>\u00abEl mejor acuerdo es el que no se logr\u00f3\u00bb, afirm\u00f3 Amidror. \u00ab\u00c9ste es el trato\u00bb.<\/p>\n<p>\u00abNo hay otra manera de liberar a los rehenes, y desde dentro de la sociedad israel\u00ed, eso era muy importante\u00bb, dijo el general de divisi\u00f3n retirado. \u00abIsrael es una democracia, el gobierno deber\u00eda escuchar lo que dice la gente\u00bb.<\/p>\n<p> <!----> <\/p>\n<div class=\"article-meta\">\n<div class=\"author-bio\">\n<p>Caitlin McFall es reportera de Fox News Digital y cubre noticias de pol\u00edtica, Estados Unidos y el mundo.<\/p>\n<\/div>\n<\/div><\/div>\n\n","protected":false},"excerpt":{"rendered":"<p>La noticia de que Israel y Hamas finalmente firmaron un acuerdo fue recibida con un suspiro de alivio internacional el viernes, ya que podr\u00eda significar el regreso de todos los rehenes restantes que han estado retenidos durante mucho tiempo en condiciones desmedidas, as\u00ed como poner fin a los brutales 15- campa\u00f1a de un mes en &hellip;<\/p>\n","protected":false},"author":1,"featured_media":10855,"comment_status":"open","ping_status":"open","sticky":false,"template":"","format":"standard","meta":{"fifu_image_url":"https:\/\/static.foxnews.com\/foxnews.com\/content\/uploads\/2025\/01\/deal.jpg","fifu_image_alt":"","footnotes":""},"categories":[13],"tags":[],"class_list":["post-10853","post","type-post","status-publish","format-standard","has-post-thumbnail","","category-mundo"],"_links":{"self":[{"href":"https:\/\/noticiasveraces.com\/index.php?rest_route=\/wp\/v2\/posts\/10853","targetHints":{"allow":["GET"]}}],"collection":[{"href":"https:\/\/noticiasveraces.com\/index.php?rest_route=\/wp\/v2\/posts"}],"about":[{"href":"https:\/\/noticiasveraces.com\/index.php?rest_route=\/wp\/v2\/types\/post"}],"author":[{"embeddable":true,"href":"https:\/\/noticiasveraces.com\/index.php?rest_route=\/wp\/v2\/users\/1"}],"replies":[{"embeddable":true,"href":"https:\/\/noticiasveraces.com\/index.php?rest_route=%2Fwp%2Fv2%2Fcomments&post=10853"}],"version-history":[{"count":0,"href":"https:\/\/noticiasveraces.com\/index.php?rest_route=\/wp\/v2\/posts\/10853\/revisions"}],"wp:featuredmedia":[{"embeddable":true,"href":"https:\/\/noticiasveraces.com\/index.php?rest_route=\/wp\/v2\/media\/10855"}],"wp:attachment":[{"href":"https:\/\/noticiasveraces.com\/index.php?rest_route=%2Fwp%2Fv2%2Fmedia&parent=10853"}],"wp:term":[{"taxonomy":"category","embeddable":true,"href":"https:\/\/noticiasveraces.com\/index.php?rest_route=%2Fwp%2Fv2%2Fcategories&post=10853"},{"taxonomy":"post_tag","embeddable":true,"href":"https:\/\/noticiasveraces.com\/index.php?rest_route=%2Fwp%2Fv2%2Ftags&post=10853"}],"curies":[{"name":"wp","href":"https:\/\/api.w.org\/{rel}","templated":true}]}}