{"id":10846,"date":"2025-01-17T16:43:40","date_gmt":"2025-01-17T20:43:40","guid":{"rendered":"https:\/\/noticiasveraces.com\/?p=10846"},"modified":"2025-01-17T16:43:40","modified_gmt":"2025-01-17T20:43:40","slug":"investidura-de-trump-se-hara-en-el-capitolio-debido-al-frio-dw-17-01-2025","status":"publish","type":"post","link":"https:\/\/noticiasveraces.com\/?p=10846","title":{"rendered":"Investidura de Trump se har\u00e1 en el Capitolio debido al fr\u00edo \u2013 DW \u2013 17\/01\/2025"},"content":{"rendered":"<p> \n<\/p>\n<div>\n<p>Donald Trump dijo este viernes (17.01.2025) que su toma de posesi\u00f3n como presidente de Estados Unidos se celebrar\u00e1 en el interior del Capitolio debido a las bajas temperaturas anunciadas.<\/p>\n<p>\u00abHay una r\u00e1faga \u00e1rtica barriendo el pa\u00eds\u00bb, escribi\u00f3 Trump en su red Truth Social. \u00abPor lo tanto, orden\u00e9 que el discurso de investidura, adem\u00e1s de las oraciones y otros discursos, se pronuncien en la rotonda del Capitolio de Estados Unidos\u00bb, agreg\u00f3.<\/p>\n<p>El l\u00edder republicano de 78 a\u00f1os se prepara para su segunda toma de posesi\u00f3n el lunes, ocho a\u00f1os despu\u00e9s de la primera. Para este d\u00eda, se prev\u00e9n temperaturas inferiores a -10 \u00b0C y un viento fr\u00edo en la capital federal.<\/p>\n<p>Son \u00abcondiciones peligrosas para las decenas de millas\u00bb de polic\u00edas y fuerzas de seguridad, \u00abe incluso para los caballos\u00bb, as\u00ed como para los \u00abcientos de millas\u00bb de espectadores \u00abque estar\u00e1n fuera durante muchas horas\u00bb, apunt\u00f3.<\/p>\n<p>Para compensar, Trump anunci\u00f3 que el Capital One Arena, el recinto que acoger\u00e1 su mitin el domingo en el centro de Washington, estar\u00e1 \u00ababierto el lunes para presenciar en directo este acontecimiento hist\u00f3rico\u00bb. Tambi\u00e9n tendr\u00e1 lugar ah\u00ed el tradicional desfile posterior a la investidura, organizado habitualmente a lo largo de la inmensa explanada del Mall.<\/p>\n<p>\u00abMe reunir\u00e9 all\u00ed con el p\u00fablico despu\u00e9s de jurar el cargo\u00bb, prometi\u00f3. La ceremonia trasladada al interior del Capitolio \u00abser\u00e1 una experiencia maravillosa para todos, especialmente para los numerosos telespectadores\u00bb, afirm\u00f3.<\/p>\n<p>rr (afp\/ap)<\/p>\n<\/div>\n\n","protected":false},"excerpt":{"rendered":"<p>Donald Trump dijo este viernes (17.01.2025) que su toma de posesi\u00f3n como presidente de Estados Unidos se celebrar\u00e1 en el interior del Capitolio debido a las bajas temperaturas anunciadas. \u00abHay una r\u00e1faga \u00e1rtica barriendo el pa\u00eds\u00bb, escribi\u00f3 Trump en su red Truth Social. \u00abPor lo tanto, orden\u00e9 que el discurso de investidura, adem\u00e1s de las &hellip;<\/p>\n","protected":false},"author":1,"featured_media":10847,"comment_status":"open","ping_status":"open","sticky":false,"template":"","format":"standard","meta":{"fifu_image_url":"https:\/\/static.dw.com\/image\/71242406_6.jpg","fifu_image_alt":"","footnotes":""},"categories":[13],"tags":[],"class_list":["post-10846","post","type-post","status-publish","format-standard","has-post-thumbnail","","category-mundo"],"_links":{"self":[{"href":"https:\/\/noticiasveraces.com\/index.php?rest_route=\/wp\/v2\/posts\/10846","targetHints":{"allow":["GET"]}}],"collection":[{"href":"https:\/\/noticiasveraces.com\/index.php?rest_route=\/wp\/v2\/posts"}],"about":[{"href":"https:\/\/noticiasveraces.com\/index.php?rest_route=\/wp\/v2\/types\/post"}],"author":[{"embeddable":true,"href":"https:\/\/noticiasveraces.com\/index.php?rest_route=\/wp\/v2\/users\/1"}],"replies":[{"embeddable":true,"href":"https:\/\/noticiasveraces.com\/index.php?rest_route=%2Fwp%2Fv2%2Fcomments&post=10846"}],"version-history":[{"count":0,"href":"https:\/\/noticiasveraces.com\/index.php?rest_route=\/wp\/v2\/posts\/10846\/revisions"}],"wp:featuredmedia":[{"embeddable":true,"href":"https:\/\/noticiasveraces.com\/index.php?rest_route=\/wp\/v2\/media\/10847"}],"wp:attachment":[{"href":"https:\/\/noticiasveraces.com\/index.php?rest_route=%2Fwp%2Fv2%2Fmedia&parent=10846"}],"wp:term":[{"taxonomy":"category","embeddable":true,"href":"https:\/\/noticiasveraces.com\/index.php?rest_route=%2Fwp%2Fv2%2Fcategories&post=10846"},{"taxonomy":"post_tag","embeddable":true,"href":"https:\/\/noticiasveraces.com\/index.php?rest_route=%2Fwp%2Fv2%2Ftags&post=10846"}],"curies":[{"name":"wp","href":"https:\/\/api.w.org\/{rel}","templated":true}]}}