{"id":10837,"date":"2025-01-17T15:03:53","date_gmt":"2025-01-17T19:03:53","guid":{"rendered":"https:\/\/noticiasveraces.com\/?p=10837"},"modified":"2025-01-17T15:03:53","modified_gmt":"2025-01-17T19:03:53","slug":"stephen-king-provoca-division-mientras-lidera-el-boicot-a-los-oscar-en-medio-de-un-incendio-forestal-en-los-angeles-noticias-de-celebridades-mundo-del-espectaculo-y-television","status":"publish","type":"post","link":"https:\/\/noticiasveraces.com\/?p=10837","title":{"rendered":"Stephen King provoca divisi\u00f3n mientras lidera el boicot a los Oscar en medio de un incendio forestal en Los \u00c1ngeles | Noticias de celebridades | Mundo del espect\u00e1culo y televisi\u00f3n"},"content":{"rendered":"<p> \n<\/p>\n<div>\n<p>Stephen King ha recurrido a las redes sociales para expresar su oposici\u00f3n al procedimiento de los Oscar. El autor de bestsellers, de 77 a\u00f1os, ha pedido que se cancele la ceremonia anual mientras los incendios forestales contin\u00faan arrasando California. <\/p>\n<p>Conocido por sus cl\u00e1sicos de terror como El resplandor, Stephen ha confirmado que no votar\u00e1 en los pr\u00f3ximos premios Oscar de este a\u00f1o. La ceremonia repleta de estrellas tendr\u00e1 lugar en marzo en Los \u00c1ngeles.<\/p>\n<p>El novelista escribi\u00f3 en l\u00ednea en Bluesky: \u00abNo votar\u00e9 en los Oscar este a\u00f1o. En mi humilde opini\u00f3n, deber\u00edan cancelarlos. Nada de ostentaci\u00f3n con Los \u00c1ngeles en llamas\u00bb.<\/p>\n<p>Sus comentarios han provocado reacciones encontradas entre los fans, y algunos dijeron que los Oscar podr\u00edan \u00ablevantar el \u00e1nimo\u00bb y que la ceremonia \u00abgenera ingresos\u00bb para la industria del entretenimiento. Algunos han comentado que los Premios de la Academia ser\u00edan una \u00abbuena distracci\u00f3n\u00bb y que \u00abel espect\u00e1culo debe continuar\u00bb.<\/p>\n<p>Sin embargo, algunos estuvieron de acuerdo con King, y un fan dijo: \u00abEstoy de acuerdo. Hay cosas m\u00e1s importantes a considerar de inmediato que una entrega de premios, y he o\u00eddo que donar el tiempo y el dinero a tales causas es igualmente gratificante y satisfactorio, si no m\u00e1s a\u00fan, como montar un espect\u00e1culo para el mundo\u00bb.<\/p>\n<\/div>\n<div>\n<p>Se produce despu\u00e9s de que la Academia se enfrenta a una creciente presi\u00f3n sobre la cancelaci\u00f3n o no de la ceremonia n\u00famero 97 de los premios Oscar, mientras el sur de California contin\u00faa lidiando con el destructivo desastre natural.<\/p>\n<p>Los Critics Choice Awards originalmente deb\u00edan tener lugar el 12 de enero, pero despu\u00e9s de que el Palisades Fire se saliera de control el 7 de enero, se pospuso hasta el 26 de enero por respeto a aquellos que hab\u00edan sido afectados por los devastadores infiernos.<\/p>\n<p>El incendio ya se ha cobrado 25 vidas y se ha extendido a otras \u00e1reas de Los \u00c1ngeles. El programa ahora se retras\u00f3 hasta febrero, con una fecha exacta por confirmar, informa Variety.<u\/><u\/><\/p>\n<p>Las nominaciones a los Oscar se han retrasado dos d\u00edas hasta el 19 de enero despu\u00e9s de que la Academia de Artes y Ciencias Cinematogr\u00e1ficas optara por ampliar el periodo de votaci\u00f3n, porque \u00abmuchos\u00bb de sus miembros viven donde comenzaron los incendios en Palisades.<\/p>\n<p>Seg\u00fan The Hollywood Reporter, en una carta sobre la votaci\u00f3n para los Premios de la Academia, la organizaci\u00f3n dijo: \u00abQueremos ofrecer nuestro m\u00e1s sentido p\u00e9same a aquellos que se han visto afectados por los devastadores incendios en el sur de California.<u\/><u\/><\/p>\n<\/div>\n<div>\n<p>\u00abMuchos de nuestros miembros y colegas de la industria viven y trabajan en el \u00e1rea de Los \u00c1ngeles y estamos pensando en ustedes\u00bb.<u\/><u\/><\/p>\n<p>Una gran cantidad de celebridades han perdido devastadoramente sus hogares, incluidas Paris Hilton, Sir Anthony Hopkins, Billy Crystal y Mandy Moore.<u\/><u\/><\/p>\n<p>Tras la p\u00e9rdida de su casa en la playa de Malib\u00fa, Paris recaud\u00f3 800.000 d\u00f3lares para las labores de ayuda en Los \u00c1ngeles en 72 horas. Ella donar\u00e1 $150,000 del dinero al Fondo de Ayuda para Incendios Forestales de GoFundMe y planea ofrecer a 150 familias de Altadena asistencia en efectivo para reconstruir sus vidas.<\/p>\n<\/div>\n\n","protected":false},"excerpt":{"rendered":"<p>Stephen King ha recurrido a las redes sociales para expresar su oposici\u00f3n al procedimiento de los Oscar. El autor de bestsellers, de 77 a\u00f1os, ha pedido que se cancele la ceremonia anual mientras los incendios forestales contin\u00faan arrasando California. Conocido por sus cl\u00e1sicos de terror como El resplandor, Stephen ha confirmado que no votar\u00e1 en &hellip;<\/p>\n","protected":false},"author":1,"featured_media":10838,"comment_status":"open","ping_status":"open","sticky":false,"template":"","format":"standard","meta":{"fifu_image_url":"https:\/\/cdn.images.express.co.uk\/img\/dynamic\/79\/1200x630\/5895517.jpg","fifu_image_alt":"","footnotes":""},"categories":[765],"tags":[],"class_list":["post-10837","post","type-post","status-publish","format-standard","has-post-thumbnail","","category-peliculas"],"_links":{"self":[{"href":"https:\/\/noticiasveraces.com\/index.php?rest_route=\/wp\/v2\/posts\/10837","targetHints":{"allow":["GET"]}}],"collection":[{"href":"https:\/\/noticiasveraces.com\/index.php?rest_route=\/wp\/v2\/posts"}],"about":[{"href":"https:\/\/noticiasveraces.com\/index.php?rest_route=\/wp\/v2\/types\/post"}],"author":[{"embeddable":true,"href":"https:\/\/noticiasveraces.com\/index.php?rest_route=\/wp\/v2\/users\/1"}],"replies":[{"embeddable":true,"href":"https:\/\/noticiasveraces.com\/index.php?rest_route=%2Fwp%2Fv2%2Fcomments&post=10837"}],"version-history":[{"count":0,"href":"https:\/\/noticiasveraces.com\/index.php?rest_route=\/wp\/v2\/posts\/10837\/revisions"}],"wp:featuredmedia":[{"embeddable":true,"href":"https:\/\/noticiasveraces.com\/index.php?rest_route=\/wp\/v2\/media\/10838"}],"wp:attachment":[{"href":"https:\/\/noticiasveraces.com\/index.php?rest_route=%2Fwp%2Fv2%2Fmedia&parent=10837"}],"wp:term":[{"taxonomy":"category","embeddable":true,"href":"https:\/\/noticiasveraces.com\/index.php?rest_route=%2Fwp%2Fv2%2Fcategories&post=10837"},{"taxonomy":"post_tag","embeddable":true,"href":"https:\/\/noticiasveraces.com\/index.php?rest_route=%2Fwp%2Fv2%2Ftags&post=10837"}],"curies":[{"name":"wp","href":"https:\/\/api.w.org\/{rel}","templated":true}]}}