{"id":10831,"date":"2025-01-17T14:40:19","date_gmt":"2025-01-17T18:40:19","guid":{"rendered":"https:\/\/noticiasveraces.com\/?p=10831"},"modified":"2025-01-17T14:40:19","modified_gmt":"2025-01-17T18:40:19","slug":"bundesliga-y-un-mercado-de-fichajes-con-nombres-propios-dw-17-01-2025","status":"publish","type":"post","link":"https:\/\/noticiasveraces.com\/?p=10831","title":{"rendered":"Bundesliga y un mercado de fichajes con nombres propios \u2013 DW \u2013 17\/01\/2025"},"content":{"rendered":"<p> \n<\/p>\n<div>\n<p>A falta dos semanas para que se cumpla el plazo de traspasos de invierno del campeonato 2024\/2025, los equipos ultiman fichajes que puedan llevarlos al liderato de la tabla o sacarlos del atolladero del descenso.<\/p>\n<p>A fecha del 17 de enero de 2025, 29 jugadores han salido de las filas de la Bundesliga. Por el contrario, la competici\u00f3n da la bienvenida a otras 26 nuevas caras. Aqu\u00ed un repaso de los traspasos que resuenan en el mercado alem\u00e1n hasta la fecha.<\/p>\n<h2>Bayern M\u00fanich<\/h2>\n<p>El equipo del belga Vincent Kompany ha encontrado la f\u00f3rmula para mostrarse competente tanto en la delantera como en l\u00edneas defensivas, por lo que los refuerzos parecieran innecesarios en un equipo que lleva 53 goles a favor y \u00fanicamente 13 en contra en 17 jornadas. <\/p>\n<p>Seg\u00fan el portal Transfermarkt, el lateral izquierdo alem\u00e1n Frans Kr\u00e4tzig -que ya estaba cedido en el Stuttgart donde disput\u00f3 cuatro partidos, march\u00f3 el pasado 3 de enero cedido al FC Heidenheim hasta finales de esta temporada. La jugada parece haberle salido bien al joven de 21 a\u00f1os: dos partidos y un gol en 14 d\u00edas en el club. Otro de los m\u00e1s j\u00f3venes, el mediocentro alem\u00e1n Arijon Ibrahimovic, tambi\u00e9n marcha cedido a la Serie A italiana y vestir\u00e1 la camiseta del Lazio de Roma.<\/p>\n<p>Otro de los nombres que suena con fuerza es el de Christopher Nkunku. Seg\u00fan varios medios alemanes, el Bayern estar\u00eda trabajando intensamente en el fichaje del delantero franc\u00e9s, procedente del FC Chelsea y un conocido ya de la Bundesliga tras jugar 4 temporadas con los \u00abtoros rojos\u00bb del RB Leipzig. El jugador ya habr\u00eda llegado a un acuerdo con el club muniqu\u00e9s, se\u00f1ala el portal alem\u00e1n <em>Pateador<\/em>. A cambio, el mediocentro franc\u00e9s Mathys Tel se marchar\u00eda a Stamford Bridge.<\/p>\n<figure class=\"placeholder-image master_landscape big\"><img data-format=\"MASTER_LANDSCAPE\" data-id=\"71333122\" data-url=\"https:\/\/static.dw.com\/image\/71333122_${formatId}.jpg\" data-aspect-ratio=\"16\/9\" alt=\"Alejo Sarco\" style=\"padding-bottom: 56.25%; height: 0; max-height: 0;\"\/><figcaption class=\"img-caption\">Alejo Sarco se incorpora al Bayer Leverkusen procedente del Club Atl\u00e9tico V\u00e9lez Sarsfield, en la primera divisi\u00f3n argentina. <small class=\"copyright\">Imagen: Joaqu\u00edn Camiletti\/Getty Images<\/small><\/figcaption><\/figure>\n<h2>Bayer 04 Leverkusen<\/h2>\n<p>El conjunto de Xabi Alonso ha ganado sus 10 \u00faltimos partidos oficiales, siete de los cuales fueron en competici\u00f3n dom\u00e9stica, lo que supone un r\u00e9cord de la temporada. Sumando las dos \u00faltimas competiciones dom\u00e9sticas, los n\u00fameros tambi\u00e9n son de esc\u00e1ndalo: 39 victorias y 11 empates, y una sola derrota.<\/p>\n<p>El equipo es un bloque compacto de jugadores, por lo que mejor no dar pie a experimentos de \u00faltima hora. Ahora, con la ventana de fichajes de invierno, abre y cierra puertas a partes iguales.<\/p>\n<p>Su incorporaci\u00f3n ya estaba sellada desde hac\u00eda tiempo, pero el Bayer se hizo oficial a inicios de 2025 el traspaso como agente libre de Alejo Sarco procedente del Club Atl\u00e9tico V\u00e9lez Sarsfield, en la primera divisi\u00f3n de Argentina. El internacional juvenil, de tan solo 19 a\u00f1os, ha firmado contrato con la <em>yo mismo <\/em>hasta 2029 y lucir\u00e1 el dorsal 18.<\/p>\n<p>En cuanto a salidas, Sadik Fofana se marcha libre al Grazer Athletik-Sport Klub del f\u00fatbol austr\u00edaco. La defensa central con nacionalidad togolesa y alemana tambi\u00e9n lleg\u00f3 cedida al Leverkusen hace seis meses procedente del Fortuna Sittard holand\u00e9s.<\/p>\n<p>Aunque no se incorporar\u00eda en esta ventana de fichajes, otro nombre propio que ya resuena como futura salida de la <em>yo mismo<\/em> es el internacional alem\u00e1n Jonathan Tah. Seg\u00fan el diario espa\u00f1ol Mundo Deportivo, el FC Barcelona tiene muy avanzada la incorporaci\u00f3n del central del Bayer, y podr\u00eda ser la primera fichaje del club catal\u00e1n de la temporada 2025\/26.<\/p>\n<figure class=\"placeholder-image master_landscape big\"><img data-format=\"MASTER_LANDSCAPE\" data-id=\"71274896\" data-url=\"https:\/\/static.dw.com\/image\/71274896_${formatId}.jpg\" data-aspect-ratio=\"16\/9\" alt=\"Omar Marmoush con los brazos levantados en el partido del FC St. Pauli frente al Eintracht Frankfurt. \" style=\"padding-bottom: 56.25%; height: 0; max-height: 0;\"\/><figcaption class=\"img-caption\">Omar Marmoush, del Eintracht Frankfurt, es un paso de ser jugador del Manchester City hasta 2029.<small class=\"copyright\">Imagen: Burghard Schreyer\/kolbert-press\/IMAGO<\/small><\/figcaption><\/figure>\n<h2>Eintracht Fr\u00e1ncfort<\/h2>\n<p>Sin duda, el nombre propio que m\u00e1s resuena en el conjunto de las \u00ab\u00e1guilas\u00bb es el de Omar Marmoush. Con 20 goles en lo que va de temporada, el delantero egipcio tiene las horas contadas en Frankfurt y pasar\u00eda a formar parte del elenco de Pep Guardiola en el Manchester City. Solo falta ultimar el acuerdo entre los dos clubes, que se espera inminente. Seg\u00fan varios medios, el traspaso del jugador podr\u00eda valer 80 millones de euros, con un contrato hasta 2029.<\/p>\n<p>Desde el portal <em>Pateador <\/em>ya habla del franc\u00e9s Arnaud Kalimuendo como sustituto de Marmoush, procedente del Stade Rennes.<\/p>\n<p>Otros nombres que tambi\u00e9n se van son el del extremo izquierdo noruego Jens Petter Hauge y el portero alban\u00e9s Simon Simoni, ambos cedidos al Bod\u00f8\/Glimt de Noruega y al FC Kaiserslautern de la segunda Bundesliga, respectivamente.<\/p>\n<h2>RB Leipzig<\/h2>\n<p>El conjunto de Marco Rose ha cosechado tantas victorias como derrotas en los \u00faltimos diez partidos, cinco, por lo que podr\u00edan mover los hilos para reforzar todas las l\u00edneas. De momento, los nombres propios confirmados para ingresar al club son la del lateral derecho Ridle Baku, procedente del VfL Wolgsburgo por 4,5 millones de euros. Mientras, marcha en cesi\u00f3n Yannick Eduardo al FC Emmem, de la segunda divisi\u00f3n holandesa.<\/p>\n<p>Por otro lado, el traspaso de Noah Okafor al Leipzig se ha detenido. El atacante de 24 a\u00f1os, procedente del AC Milan, ya hab\u00eda pasado el reconocimiento m\u00e9dico con los \u00abtoros rojos\u00bb, pero una lesi\u00f3n muscular ha paralizado el proceso, seg\u00fan inform\u00f3 <em>Pateador<\/em>.<\/p>\n<p><span data-slot-id=\"Article_InContent-1\" class=\"rich-text-ad\"\/><\/p>\n<h2>Stuttgart<\/h2>\n<p>Los \u00absuabos\u201d dieron la bienvenida a Jacoob Bruun Larsen procedente del Hoffenheim por 1,7 millones de euros. El extremo izquierdo dan\u00e9s vuelve a vestir la camiseta del Stuttgart despu\u00e9s de su paso por el Burnley y el RSC Anderlecht. Por lo pronto, dos apariciones y una diana en su cuenta personal.<\/p>\n<p>Del lado contrario, el serbio Jovan Milosevic, de 19 a\u00f1os, jugar\u00e1 en la segunda mitad de la temporada en su pa\u00eds de origen con el Partiz\u00e1n de Belgrado. La cesi\u00f3n es por un a\u00f1o y su contrato con el VfB es v\u00e1lido hasta mediados de 2027.<\/p>\n<p>Otros que marchan cedidos son el mediocentro Laurin Ulrich y el delantero Mohamed Sankoh.<\/p>\n<figure class=\"placeholder-image master_landscape big\"><img data-format=\"MASTER_LANDSCAPE\" data-id=\"59634496\" data-url=\"https:\/\/static.dw.com\/image\/59634496_${formatId}.jpg\" data-aspect-ratio=\"16\/9\" alt=\"Jonathan Burkardt celebra un gol con el FSV Mainz 05 contra Arminia Bielefeld.\" style=\"padding-bottom: 56.25%; height: 0; max-height: 0;\"\/><figcaption class=\"img-caption\">Jonathan Burkardt ha marcado 13 goles en 17 partidos con el Mainz esta temporada y se especulaba su traspaso al Frankfurt.<small class=\"copyright\">Imagen: Patrick Scheiber\/imago im\u00e1genes\/Jan Huebner<\/small><\/figcaption><\/figure>\n<h2>FSV Maguncia 05<\/h2>\n<p>Los de Maguncia son sin duda la revoluci\u00f3n del primer tiempo de la competici\u00f3n. De acabar salvando los papeles la temporada pasada a pisar puestos europeos en la presente. Un nombre propio suena con fuerza, el de Jonathan Burkardt. En las \u00faltimas semanas se hab\u00eda planteado su traspaso a Frankfurt, como remplazo de Omar Marmoush, pero tales especulaciones se han descartado. Burkardt juega en el Mainz desde 2014 y tiene contrato hasta 2027. Esta temporada ya ha marcado 13 goles en 17 partidos.<\/p>\n<p>Otros nombres que podr\u00edan formar parte de las filas renanas son el de Lennard Maloney, mediocentro del Heidenheim, cuyo contrato expira este verano; y el de Rayan Philippe, delantero del Eintracht Braunschweig, en la misma situaci\u00f3n.<\/p>\n<p>El perfil de Philippe ayudar\u00eda a suplir la marcha de Karim Onisiwo. El delantero deja el Mainz despu\u00e9s de casi una d\u00e9cada y 233 partidos para jugar con el RB Salzburg.<\/p>\n<h2>Borussia Dortmund<\/h2>\n<p>No marcha bien el equipo de Nuri Sahin. Del glamour de los fichajes veraniegos al golpe de realidad de afrontar la liga desde la d\u00e9cima plaza. Las abejas han desperdiciado muchos puntos y ahora urgen los cambios.<\/p>\n<p>El primer nombre propio es el de Donyell Malen. El jugador holand\u00e9s abandona el Borussia Dortmund despu\u00e9s de tres a\u00f1os y medio, con 132 apariciones y 39 goles, para incorporarse con efecto inmediato al Aston Villa, club de la Liga de Campeones por 25 millones de euros y cinco m\u00e1s en bonificaciones.<\/p>\n<p>Sobre la mesa tambi\u00e9n est\u00e1 el nombre de Renato Veiga para reforzar el flanco izquierdo de la defensa. Actualmente juega con el FC Chelsea y visti\u00f3 la camiseta del FC Augsburgo en la segunda mitad de la temporada 22\/23. De Inglaterra tambi\u00e9n podr\u00eda llegar Marcus Rashford. Algunos medios lo vinculan con el FC Barcelona. Mientras tanto, el periodista de Sky Florian Plettenberg asegura que hay conversaciones intensas entre el Dortmund y Rashford despu\u00e9s de la derrota del viernes en liga contra Leverkusen.<\/p>\n<figure class=\"placeholder-image master_landscape big\"><img data-format=\"MASTER_LANDSCAPE\" data-id=\"70008521\" data-url=\"https:\/\/static.dw.com\/image\/70008521_${formatId}.jpg\" data-aspect-ratio=\"16\/9\" alt=\"Christoph Kramer (el segundo por la izquierda) celebra el Campeonato del Mundo con Alemania.\" style=\"padding-bottom: 56.25%; height: 0; max-height: 0;\"\/><figcaption class=\"img-caption\">Christoph Kramer (el segundo por la izquierda), campe\u00f3n del mundo con Alemania en 2013\/14 y ahora mismo sin equipo, podr\u00eda unirse a las filas del Bochum.<small class=\"copyright\">Imagen: Sergey Dronyaev\/sampics\/picture Alliance <\/small><\/figcaption><\/figure>\n<h2>Holstein-Kiel<\/h2>\n<p>Por la parte baja de la tabla, uno de los reci\u00e9n ascendidos que pelea por la permanencia. Cuatro victorias y seis derrotas en los \u00faltimos diez partidos no auguran un escenario optimista para las \u201ccig\u00fce\u00f1as\u201d, con hasta 43 goles encajados en 17 jornadas. Los puntos positivos, la victoria en casa contra Dortmund para levantar el \u00e1nimo.<\/p>\n<p>Destaca el fichaje del lateral izquierdo John Tolkin por 3 millones de euros. El jugador de 22 a\u00f1os procede del New York Red Bulls, donde ha disputado 135 partidos desde 2020. El Kiel tambi\u00e9n refuerza las l\u00edneas defensivas con otro fichaje, el del internacional esloveno de 24 a\u00f1os David Zec, procedente del NK Celje.<\/p>\n<p>Del nido de las \u201ccig\u00fce\u00f1as\u201d parte cedido Tymoteusz Puchacz. El lateral izquierdo polaco jugar\u00e1 en Plymouth Argyle ingl\u00e9s.<\/p>\n<h2>VfL Bochum<\/h2>\n<p>Ni con dos cambios de entrenador parece que el Bochum encuentra una salida a la sangr\u00eda de puntos. Dos \u00fanicas victorias y tres empates en 17 jornadas que dejaron a los de Dieter Hecking en \u00faltima posici\u00f3n de la tabla. Y, por el momento, no se esperan entradas que supongan un revulsivo para el equipo. \u00danicamente resuena el nombre de Christoph Kramer, campe\u00f3n del mundo con Alemania en 2013\/14 y actualmente sin equipo despu\u00e9s de jugar hasta el verano de 2024 con el Borussia M\u00f6nchengladbach. <\/p>\n<p>Mientras, el club de la cuenca del Ruhr anunci\u00f3 la salida prematura del extremo izquierdo Aliou Bald\u00e9, que estaba cedido desde el Niza hasta final de temporada con el Bochum y que ahora vestir\u00e1 la camiseta del Lausanne-Sport suizo.<\/p>\n<p>Tambi\u00e9n destacan dos cesiones, el del mediocentro Agon Elezi al NHK Gorica croata y el de Moritz-Broni Kwarteng al Fortuna D\u00fcsseldorf de la segunda Bundesliga.<\/p>\n<p>(olmo)<\/p>\n<\/p>\n<\/div>\n\n","protected":false},"excerpt":{"rendered":"<p>A falta dos semanas para que se cumpla el plazo de traspasos de invierno del campeonato 2024\/2025, los equipos ultiman fichajes que puedan llevarlos al liderato de la tabla o sacarlos del atolladero del descenso. A fecha del 17 de enero de 2025, 29 jugadores han salido de las filas de la Bundesliga. Por el &hellip;<\/p>\n","protected":false},"author":1,"featured_media":10832,"comment_status":"open","ping_status":"open","sticky":false,"template":"","format":"standard","meta":{"fifu_image_url":"https:\/\/static.dw.com\/image\/68043324_6.jpg","fifu_image_alt":"","footnotes":""},"categories":[13],"tags":[],"class_list":["post-10831","post","type-post","status-publish","format-standard","has-post-thumbnail","","category-mundo"],"_links":{"self":[{"href":"https:\/\/noticiasveraces.com\/index.php?rest_route=\/wp\/v2\/posts\/10831","targetHints":{"allow":["GET"]}}],"collection":[{"href":"https:\/\/noticiasveraces.com\/index.php?rest_route=\/wp\/v2\/posts"}],"about":[{"href":"https:\/\/noticiasveraces.com\/index.php?rest_route=\/wp\/v2\/types\/post"}],"author":[{"embeddable":true,"href":"https:\/\/noticiasveraces.com\/index.php?rest_route=\/wp\/v2\/users\/1"}],"replies":[{"embeddable":true,"href":"https:\/\/noticiasveraces.com\/index.php?rest_route=%2Fwp%2Fv2%2Fcomments&post=10831"}],"version-history":[{"count":0,"href":"https:\/\/noticiasveraces.com\/index.php?rest_route=\/wp\/v2\/posts\/10831\/revisions"}],"wp:featuredmedia":[{"embeddable":true,"href":"https:\/\/noticiasveraces.com\/index.php?rest_route=\/wp\/v2\/media\/10832"}],"wp:attachment":[{"href":"https:\/\/noticiasveraces.com\/index.php?rest_route=%2Fwp%2Fv2%2Fmedia&parent=10831"}],"wp:term":[{"taxonomy":"category","embeddable":true,"href":"https:\/\/noticiasveraces.com\/index.php?rest_route=%2Fwp%2Fv2%2Fcategories&post=10831"},{"taxonomy":"post_tag","embeddable":true,"href":"https:\/\/noticiasveraces.com\/index.php?rest_route=%2Fwp%2Fv2%2Ftags&post=10831"}],"curies":[{"name":"wp","href":"https:\/\/api.w.org\/{rel}","templated":true}]}}