{"id":10812,"date":"2025-01-17T11:08:24","date_gmt":"2025-01-17T15:08:24","guid":{"rendered":"https:\/\/noticiasveraces.com\/?p=10812"},"modified":"2025-01-17T11:08:24","modified_gmt":"2025-01-17T15:08:24","slug":"ha-sido-la-historia-de-mi-vida","status":"publish","type":"post","link":"https:\/\/noticiasveraces.com\/?p=10812","title":{"rendered":"\u00abHa sido la historia de mi vida\u00bb"},"content":{"rendered":"<p> \n<\/p>\n<div id=\"intext\">\n<p>Fernando Alonso ha evocado sus inicios y analizado su trayectoria en la F\u00f3rmula 1 durante el programa &#8216;Decoded&#8217; de Dazn: \u00abDesde peque\u00f1o he tenido solamente un kart y, cuando empec\u00e9 a conducir, un juego de neum\u00e1ticos, y en Asturias llueve mucho. Cuando llov\u00eda, todos los ni\u00f1os pon\u00edan neum\u00e1ticos de lluvia y yo corr\u00eda con los de seco, porque no ten\u00edamos dinero para comprar unos de lluvia y eso se traslada hasta el d\u00eda de hoy\u00bb.<\/p>\n<p>En ese sentido, cree que el Gran Circo actual tambi\u00e9n atraviesa la misma situaci\u00f3n: \u00abAqu\u00ed todos tenemos los recursos para neum\u00e1ticos de lluvia, pero no tenemos ni los alerones que tiene Ferrari, ni los suelos que tiene McLaren, ni nada de eso. Ha \u00abHa sido un poco la historia de mi vida, competir con unas armas un poco inferiores a los dem\u00e1s y adaptarme a lo que pod\u00eda\u00bb, ha lamentado el piloto espa\u00f1ol de Aston Martin.<\/p>\n<h2 class=\"title-h2\">vida privada<\/h2>\n<p>El bicampe\u00f3n del mundo de F1 tambi\u00e9n quiso destacar la importancia de preservar la privacidad de su vida personal: \u00abTodo el mundo me conoce como piloto de carreras y muy poca gente como Fernando y quiero que sea as\u00ed, porque todos tenemos nuestra vida, nuestra intimidad\u00bb. , nuestros gustos, nuestro sentido del humor y es todo muy personal\u00bb.<\/p>\n<h2 class=\"title-h2\">Sus puntos fuertes<\/h2>\n<p>Sobre sus fortalezas en la pista, el piloto asturiano lo tiene claro: \u00ablas salidas, rendir bajo presi\u00f3n y sacar el m\u00e1ximo de cualquier coche, sea bueno o menos bueno\u00bb. Eso s\u00ed, cree que todav\u00eda puede crecer a sus 43 a\u00f1os: \u00abAunque lleva casi 40 a\u00f1os detr\u00e1s de un volante, me quedan much\u00edsimas cosas por aprender\u00bb.<\/p>\n<p>\u00abIncluso ahora, despu\u00e9s de veintipico a\u00f1os, si voy a un circuito de karts y me veo en la tabla de tiempos y estoy segundo a una d\u00e9cima o media d\u00e9cima del primero, tengo la misma rabia interior, la misma frustraci\u00f3n, el mismo cabreo y puede que ni cene esa noche No me gusta perder a nada y eso da igual que lo trabajar, siempre va a estar ah\u00ed\u00bb, a\u00f1adi\u00f3 Alonso.<\/p>\n<h2 class=\"title-h2\">plan de entrenamiento<\/h2>\n<p>Por \u00faltimo, Fernando revel\u00f3 su plan de entrenamiento para seguir en plena forma. \u00abHago deporte, descanso bien y conozco mi cuerpo y lo que me pide. Intento cuidar la alimentaci\u00f3n, pero no bas\u00e1ndome en mis sensaciones, sino en lo estudiado con nutricionistas y la gente de mi equipo. Este a\u00f1o hicimos hincapi\u00e9 bastante en la alimentaci\u00f3n siguiendo la parte vegetariana, o impidiendo tanta carne como com\u00eda en el pasado. Creo que ha mejorado el funcionamiento de mi cuerpo en general y me siento m\u00e1s fuerte\u201d, concluy\u00f3.<\/p>\n<p><i>S\u00edguenos en nuestro canal de WhatsApp y no te pierdas la \u00faltima hora y toda la actualidad de antena3noticias.com<\/i><\/p>\n<div class=\"recirculation-video\" data-mod=\"a3mod_recirculation_video\">\n<div class=\"recirculation-video-wrapper\">\n<div>\n<div class=\"video-wrapper\">\n  <picture class=\"video-main-picture\"><source media=\"(min-width: 481px)\" srcset=\"https:\/\/fotografias.antena3.com\/clipping\/cmsimages02\/2025\/01\/14\/10A21D9C-B989-4896-B95D-B98CCE295443\/medvedev-destroza-camara-fijada-red_94.jpg?crop=3789,2131,x0,y0&amp;width=800&amp;height=450&amp;optimize=medium&amp;format=webply\" width=\"800\" height=\"450\"><source media=\"(min-width: 391px) and (max-width: 480px)\" srcset=\"https:\/\/fotografias.antena3.com\/clipping\/cmsimages02\/2025\/01\/14\/10A21D9C-B989-4896-B95D-B98CCE295443\/medvedev-destroza-camara-fijada-red_70.jpg?crop=3789,2131,x0,y0&amp;width=480&amp;height=270&amp;optimize=high&amp;format=webply\" width=\"480\" height=\"270\"><source media=\"(min-width: 321px) and (max-width: 390px)\" srcset=\"https:\/\/fotografias.antena3.com\/clipping\/cmsimages02\/2025\/01\/14\/10A21D9C-B989-4896-B95D-B98CCE295443\/medvedev-destroza-camara-fijada-red_92.jpg?crop=3789,2128,x0,y0&amp;width=390&amp;height=219&amp;optimize=high&amp;format=webply\" width=\"390\" height=\"219\"><source media=\"(max-width: 320px)\" srcset=\"https:\/\/fotografias.antena3.com\/clipping\/cmsimages02\/2025\/01\/14\/10A21D9C-B989-4896-B95D-B98CCE295443\/medvedev-destroza-camara-fijada-red_52.jpg?crop=3789,2131,x0,y0&amp;width=320&amp;height=180&amp;optimize=high&amp;format=webply\" width=\"320\" height=\"180\"><img decoding=\"async\" title=\"Medvedev destroza la c\u00e1mara de TV fijada a la red\" alt=\"Medvedev destroza la c\u00e1mara de TV fijada a la red\" width=\"480\" height=\"270\" src=\"https:\/\/fotografias.antena3.com\/clipping\/cmsimages02\/2025\/01\/14\/10A21D9C-B989-4896-B95D-B98CCE295443\/medvedev-destroza-camara-fijada-red_70.jpg?crop=3789,2131,x0,y0&amp;width=480&amp;height=270&amp;optimize=high&amp;format=webply\" loading=\"lazy\" class=\"lazy\"\/><br \/>\n  <\/source><\/source><\/source><\/source><\/picture>\n <\/div>\n<\/div><\/div>\n<\/p><\/div>\n<\/div>\n\n","protected":false},"excerpt":{"rendered":"<p>Fernando Alonso ha evocado sus inicios y analizado su trayectoria en la F\u00f3rmula 1 durante el programa &#8216;Decoded&#8217; de Dazn: \u00abDesde peque\u00f1o he tenido solamente un kart y, cuando empec\u00e9 a conducir, un juego de neum\u00e1ticos, y en Asturias llueve mucho. Cuando llov\u00eda, todos los ni\u00f1os pon\u00edan neum\u00e1ticos de lluvia y yo corr\u00eda con los &hellip;<\/p>\n","protected":false},"author":1,"featured_media":10814,"comment_status":"open","ping_status":"open","sticky":false,"template":"","format":"standard","meta":{"fifu_image_url":"https:\/\/fotografias.antena3.com\/clipping\/cmsimages02\/2024\/09\/22\/8F1631E2-6717-4A15-AE28-A761E5BE86A4\/fernando-alonso-singapur_69.jpg?crop=7113,4001,x0,y192&width=1280&height=720&optimize=low&format=jpg","fifu_image_alt":"","footnotes":""},"categories":[6],"tags":[],"class_list":["post-10812","post","type-post","status-publish","format-standard","has-post-thumbnail","","category-deportes"],"_links":{"self":[{"href":"https:\/\/noticiasveraces.com\/index.php?rest_route=\/wp\/v2\/posts\/10812","targetHints":{"allow":["GET"]}}],"collection":[{"href":"https:\/\/noticiasveraces.com\/index.php?rest_route=\/wp\/v2\/posts"}],"about":[{"href":"https:\/\/noticiasveraces.com\/index.php?rest_route=\/wp\/v2\/types\/post"}],"author":[{"embeddable":true,"href":"https:\/\/noticiasveraces.com\/index.php?rest_route=\/wp\/v2\/users\/1"}],"replies":[{"embeddable":true,"href":"https:\/\/noticiasveraces.com\/index.php?rest_route=%2Fwp%2Fv2%2Fcomments&post=10812"}],"version-history":[{"count":0,"href":"https:\/\/noticiasveraces.com\/index.php?rest_route=\/wp\/v2\/posts\/10812\/revisions"}],"wp:featuredmedia":[{"embeddable":true,"href":"https:\/\/noticiasveraces.com\/index.php?rest_route=\/wp\/v2\/media\/10814"}],"wp:attachment":[{"href":"https:\/\/noticiasveraces.com\/index.php?rest_route=%2Fwp%2Fv2%2Fmedia&parent=10812"}],"wp:term":[{"taxonomy":"category","embeddable":true,"href":"https:\/\/noticiasveraces.com\/index.php?rest_route=%2Fwp%2Fv2%2Fcategories&post=10812"},{"taxonomy":"post_tag","embeddable":true,"href":"https:\/\/noticiasveraces.com\/index.php?rest_route=%2Fwp%2Fv2%2Ftags&post=10812"}],"curies":[{"name":"wp","href":"https:\/\/api.w.org\/{rel}","templated":true}]}}