{"id":10797,"date":"2025-01-17T08:30:26","date_gmt":"2025-01-17T12:30:26","guid":{"rendered":"https:\/\/noticiasveraces.com\/?p=10797"},"modified":"2025-01-17T08:30:26","modified_gmt":"2025-01-17T12:30:26","slug":"intercambio-de-rehenes-por-presos-empieza-el-domingo-dw-17-01-2025","status":"publish","type":"post","link":"https:\/\/noticiasveraces.com\/?p=10797","title":{"rendered":"intercambio de rehenes por presos empieza el domingo \u2013 DW \u2013 17\/01\/2025"},"content":{"rendered":"<p> \n<\/p>\n<div>\n<p>La Oficina del primer ministro israel\u00ed, Benjamin Netanyahu, confirm\u00f3 este viernes (17.01.2025) que el intercambio de rehenes israel\u00edes por presos palestinos comenzar\u00e1 \u00abseg\u00fan el plan previsto\u00bb el domingo 19 de enero, mientras esta misma jornada se re\u00fane el gabinete de Seguridad que debe dar luz verde a la implementaci\u00f3n del alto al fuego en Gaza.<\/p>\n<p>\u00abUna vez el gabinete (de Seguridad) y el Gobierno dan su aprobaci\u00f3n y el acuerdo entre en vigor, la liberaci\u00f3n de los rehenes se llevar\u00e1 a cabo seg\u00fan el plan previsto, seg\u00fan el cual se espera que los (primeros) rehenes sean liberados el domingo\u00bb, este anunciado viernes la Oficina. No est\u00e1 prevista una votaci\u00f3n del acuerdo por parte de todo el Gobierno hasta el s\u00e1bado por la noche.<\/p>\n<p>Poco antes de la reuni\u00f3n del gabinete de Seguridad, Netanyahu realiz\u00f3 una evaluaci\u00f3n sobre la implementaci\u00f3n del acuerdo junto al equipo negociador israel\u00ed, que regres\u00f3 la noche del jueves desde Doha tras firmar el acuerdo de alto al fuego. Se esperaba que el acuerdo fuera aprobado por Israel el mismo jueves, pero Netanyahu acus\u00f3 a Ham\u00e1s de intentar lograr concesiones \u00abde \u00faltimo minuto\u00bb.<\/p>\n<h2>dos franco-israel\u00edes<\/h2>\n<p>La madrugada de este viernes, ante el temor de que el alto el fuego anunciado la noche del mi\u00e9rcoles por Qatar y Estados Unidos colapsase, la Oficina de Netanyahu asegur\u00f3 que las discrepancias con Ham\u00e1s hab\u00edan sido solucionadas por los mediadores, y que el acuerdo segu\u00eda adelante . \u00abEl equipo negociador inform\u00f3 al primer ministro que se hab\u00eda alcanzado un acuerdo para liberar a los rehenes\u201d, anunci\u00f3 la Oficina.<\/p>\n<p>Las familias de los rehenes ya fueron informadas de la liberaci\u00f3n de los primeros 33 rehenes y se estaban llevando a cabo los preparativos para recibirlos. Salvo alguna sorpresa, Netanyahu obtendr\u00e1 la mayor\u00eda para aprobar el acuerdo, pese al rechazo de algunos ministros de ultraderecha, que incluso amenazaron con abandonar el Ejecutivo si no se reanudaba la ofensiva contra Ham\u00e1s.<\/p>\n<p>En tanto, el presidente de Francia, Emmanuel Macron, anunci\u00f3 que dos franco-israel\u00edes, Ofer Kalderon y Ohad Yahalomi, figuran en la lista de rehenes que Ham\u00e1s debe liberar. \u00abEstamos trabajando sin descanso para que sus familias puedan reunirse de nuevo con ellos\u00bb, asegur\u00f3 el mandatario galo a trav\u00e9s de la red social X (Twitter).<\/p>\n<p>DZC (EFE, AFP)<\/p>\n<\/div>\n\n","protected":false},"excerpt":{"rendered":"<p>La Oficina del primer ministro israel\u00ed, Benjamin Netanyahu, confirm\u00f3 este viernes (17.01.2025) que el intercambio de rehenes israel\u00edes por presos palestinos comenzar\u00e1 \u00abseg\u00fan el plan previsto\u00bb el domingo 19 de enero, mientras esta misma jornada se re\u00fane el gabinete de Seguridad que debe dar luz verde a la implementaci\u00f3n del alto al fuego en Gaza. &hellip;<\/p>\n","protected":false},"author":1,"featured_media":10798,"comment_status":"open","ping_status":"open","sticky":false,"template":"","format":"standard","meta":{"fifu_image_url":"https:\/\/static.dw.com\/image\/70439367_6.jpg","fifu_image_alt":"","footnotes":""},"categories":[13],"tags":[],"class_list":["post-10797","post","type-post","status-publish","format-standard","has-post-thumbnail","","category-mundo"],"_links":{"self":[{"href":"https:\/\/noticiasveraces.com\/index.php?rest_route=\/wp\/v2\/posts\/10797","targetHints":{"allow":["GET"]}}],"collection":[{"href":"https:\/\/noticiasveraces.com\/index.php?rest_route=\/wp\/v2\/posts"}],"about":[{"href":"https:\/\/noticiasveraces.com\/index.php?rest_route=\/wp\/v2\/types\/post"}],"author":[{"embeddable":true,"href":"https:\/\/noticiasveraces.com\/index.php?rest_route=\/wp\/v2\/users\/1"}],"replies":[{"embeddable":true,"href":"https:\/\/noticiasveraces.com\/index.php?rest_route=%2Fwp%2Fv2%2Fcomments&post=10797"}],"version-history":[{"count":0,"href":"https:\/\/noticiasveraces.com\/index.php?rest_route=\/wp\/v2\/posts\/10797\/revisions"}],"wp:featuredmedia":[{"embeddable":true,"href":"https:\/\/noticiasveraces.com\/index.php?rest_route=\/wp\/v2\/media\/10798"}],"wp:attachment":[{"href":"https:\/\/noticiasveraces.com\/index.php?rest_route=%2Fwp%2Fv2%2Fmedia&parent=10797"}],"wp:term":[{"taxonomy":"category","embeddable":true,"href":"https:\/\/noticiasveraces.com\/index.php?rest_route=%2Fwp%2Fv2%2Fcategories&post=10797"},{"taxonomy":"post_tag","embeddable":true,"href":"https:\/\/noticiasveraces.com\/index.php?rest_route=%2Fwp%2Fv2%2Ftags&post=10797"}],"curies":[{"name":"wp","href":"https:\/\/api.w.org\/{rel}","templated":true}]}}