{"id":10777,"date":"2025-01-17T05:15:12","date_gmt":"2025-01-17T09:15:12","guid":{"rendered":"https:\/\/noticiasveraces.com\/?p=10777"},"modified":"2025-01-17T05:15:12","modified_gmt":"2025-01-17T09:15:12","slug":"taiwan-ejecuta-a-un-reo-por-primera-vez-en-casi-cinco-anos-dw-17-01-2025","status":"publish","type":"post","link":"https:\/\/noticiasveraces.com\/?p=10777","title":{"rendered":"Taiw\u00e1n ejecuta a un reo por primera vez en casi cinco a\u00f1os \u2013 DW \u2013 17\/01\/2025"},"content":{"rendered":"<p> \n<\/p>\n<div>\n<p>Un hombre de 32 a\u00f1os fue ejecutado en Taiw\u00e1n, en el primer ajuste de este tipo que se lleva a cabo en el pa\u00eds en casi cinco a\u00f1os. La medida fue rechazada este viernes (17.01.2025) por distintas ONG y tambi\u00e9n la Uni\u00f3n Europea, que consideran lo sucedido un \u00abenorme rev\u00e9s\u201d a los derechos humanos en esta isla que se felicita de su modelo democr\u00e1tico.<\/p>\n<p>Huang Lin-kai fue fusilado la noche del jueves, tras ser declarado culpable de violar y estrangular mortalmente a su exnovia ya la madre de esta en 2017. \u00abLos cr\u00edmenes en los que Huang estaba implicado eran crueles y desalmados\u00bb, se\u00f1al\u00f3 el Ministerio de Justicia tras la ejecuci\u00f3n, la primera que tiene lugar bajo el mandato de Lai Ching-te (William Lai), del Partido Progresista Democr\u00e1tico, en el poder desde mayo de 2024.<\/p>\n<p>Taiw\u00e1n evolucion\u00f3 de una dictadura a una de las democracias m\u00e1s progresistas de Asia, pero las encuestas revelan un apoyo mayoritario de la poblaci\u00f3n a la pena capital. Desde 2010, cuando termin\u00f3 una moratoria en estas penas, se han llevado a cabo 36 ejecuciones, la mayor\u00eda bajo el poder del partido de centroderecha Kuomintang, ahora en la oposici\u00f3n.<\/p>\n<h2>\u00abCruel e impactante\u00bb<\/h2>\n<p>\u00abLa sentencia concluye que los actos de Huang mostraron una falta total de humanidad, constituyendo una maldad extrema y una responsabilidad penal m\u00e1xima. Adem\u00e1s del tr\u00e1gico fallecimiento de las v\u00edctimas, el caso caus\u00f3 un dolor irreparable a sus familias y afect\u00f3 gravemente la seguridad social\u00bb , argument\u00f3 el Ministerio de Justicia.<\/p>\n<p>La directora para Taiw\u00e1n de Amnist\u00eda Internacional, E-Ling Chiu, dijo que la ejecuci\u00f3n del jueves fue \u00abun evento cruel e impactante\u00bb que representa \u00abun enorme rev\u00e9s para los derechos humanos\u00bb. La Uni\u00f3n Europea expres\u00f3 su rechazo a la pena de muerte \u00aben todas las circunstancias\u00bb y reclam\u00f3 a Taip\u00e9i \u00abuna moratoria de facto\u00bb. Tambi\u00e9n la Comisi\u00f3n Nacional de Derechos Humanos expres\u00f3 su \u00abprofundo\u00bb a pesar de la aplicaci\u00f3n de esta sentencia.<\/p>\n<p>En cambio, el opositor Kuomintang reclam\u00f3 al gobierno aplicar las sentencias de 36 presos en el corredor de la muerte cuyos procesos judiciales ya culminaron. La muerte de Huang tuvo lugar en el campo de ejecuci\u00f3n del Centro de Detenci\u00f3n de Taip\u00e9i y fue verificada conjuntamente por un fiscal y un m\u00e9dico forense.<\/p>\n<p>DZC (AFP, EFE)<\/p>\n<\/div>\n\n","protected":false},"excerpt":{"rendered":"<p>Un hombre de 32 a\u00f1os fue ejecutado en Taiw\u00e1n, en el primer ajuste de este tipo que se lleva a cabo en el pa\u00eds en casi cinco a\u00f1os. La medida fue rechazada este viernes (17.01.2025) por distintas ONG y tambi\u00e9n la Uni\u00f3n Europea, que consideran lo sucedido un \u00abenorme rev\u00e9s\u201d a los derechos humanos en &hellip;<\/p>\n","protected":false},"author":1,"featured_media":10778,"comment_status":"open","ping_status":"open","sticky":false,"template":"","format":"standard","meta":{"fifu_image_url":"https:\/\/static.dw.com\/image\/66347397_6.jpg","fifu_image_alt":"","footnotes":""},"categories":[13],"tags":[],"class_list":["post-10777","post","type-post","status-publish","format-standard","has-post-thumbnail","","category-mundo"],"_links":{"self":[{"href":"https:\/\/noticiasveraces.com\/index.php?rest_route=\/wp\/v2\/posts\/10777","targetHints":{"allow":["GET"]}}],"collection":[{"href":"https:\/\/noticiasveraces.com\/index.php?rest_route=\/wp\/v2\/posts"}],"about":[{"href":"https:\/\/noticiasveraces.com\/index.php?rest_route=\/wp\/v2\/types\/post"}],"author":[{"embeddable":true,"href":"https:\/\/noticiasveraces.com\/index.php?rest_route=\/wp\/v2\/users\/1"}],"replies":[{"embeddable":true,"href":"https:\/\/noticiasveraces.com\/index.php?rest_route=%2Fwp%2Fv2%2Fcomments&post=10777"}],"version-history":[{"count":0,"href":"https:\/\/noticiasveraces.com\/index.php?rest_route=\/wp\/v2\/posts\/10777\/revisions"}],"wp:featuredmedia":[{"embeddable":true,"href":"https:\/\/noticiasveraces.com\/index.php?rest_route=\/wp\/v2\/media\/10778"}],"wp:attachment":[{"href":"https:\/\/noticiasveraces.com\/index.php?rest_route=%2Fwp%2Fv2%2Fmedia&parent=10777"}],"wp:term":[{"taxonomy":"category","embeddable":true,"href":"https:\/\/noticiasveraces.com\/index.php?rest_route=%2Fwp%2Fv2%2Fcategories&post=10777"},{"taxonomy":"post_tag","embeddable":true,"href":"https:\/\/noticiasveraces.com\/index.php?rest_route=%2Fwp%2Fv2%2Ftags&post=10777"}],"curies":[{"name":"wp","href":"https:\/\/api.w.org\/{rel}","templated":true}]}}