{"id":10762,"date":"2025-01-17T02:05:27","date_gmt":"2025-01-17T06:05:27","guid":{"rendered":"https:\/\/noticiasveraces.com\/?p=10762"},"modified":"2025-01-17T02:05:27","modified_gmt":"2025-01-17T06:05:27","slug":"el-presidente-surcoreano-mantiene-el-silencio-en-su-arresto-dw-17-01-2025","status":"publish","type":"post","link":"https:\/\/noticiasveraces.com\/?p=10762","title":{"rendered":"El presidente surcoreano mantiene el silencio en su arresto \u2013 DW \u2013 17\/01\/2025"},"content":{"rendered":"<p> \n<\/p>\n<div>\n<p>El presidente de Corea del Sur, Yoon Suk Yeol, suspendido de sus funciones, se neg\u00f3 nuevamente a declarar este viernes (17.01.2025) ante los agentes que lo arrestaron en relaci\u00f3n a la imposici\u00f3n de una ley marcial en diciembre.<\/p>\n<p>Los investigadores de la Oficina para los Casos de Corrupci\u00f3n de Altos Funcionarios (CIO) citaron a Yoon a declarar a las 10:00 hora local (2:00 CET), aunque sus abogados adelantaron que el mandatario no tiene intenci\u00f3n de presentarse.<\/p>\n<p>\u00abEl presidente no comparar\u00e1 hoy ante el ministerio p\u00fablico porque explic\u00f3 suficientemente su postura a los investigadores en el primer d\u00eda de interrogatorio y no vemos motivos ni necesidad de responder a las preguntas en un interrogatorio\u00bb, dijo el equipo legal de Yoon en un comunicado remitido a la prensa.<\/p>\n<p>La ley marcial que fue derogada horas despu\u00e9s y sumi\u00f3 al pa\u00eds en una grave crisis pol\u00edtica, provoc\u00f3 una moci\u00f3n de destituci\u00f3n ahora estudiada por el Tribunal Constitucional y convirti\u00f3 a Yoon en el primer presidente surcoreano arrestado en el cargo.<\/p>\n<h2>Orden que permiti\u00f3 detenci\u00f3n expira este viernes<\/h2>\n<p>La orden judicial que permiti\u00f3 su captura expira este viernes, 48 \u200b\u200bhoras despu\u00e9s de su detenci\u00f3n el mi\u00e9rcoles. Pero los investigadores pueden solicitar a la justicia extender el plazo hasta 20 d\u00edas para tener tiempo de imputarlo formalmente.<\/p>\n<p>\u00abSe espera que la Oficina de Investigaci\u00f3n de la Corrupci\u00f3n solicite una nueva orden de detenci\u00f3n\u00bb, reconoci\u00f3 el equipo de defensa de Yoon el viernes.<\/p>\n<p>Tras su arresto el mi\u00e9rcoles, Yoon fue interrogado durante varias horas pero se acogi\u00f3 a su derecho a guardar silencio.<\/p>\n<p>Durante semanas, el dirigente conservador evit\u00f3 ser arrestado, encerr\u00e1ndose en su residencia en Se\u00fal protegido por los servicios de seguridad de la presidencia y cientos de seguidores.<\/p>\n<p>Miembros armados de la guardia presidencial impidieron un primer arresto el 3 de enero. El mi\u00e9rcoles, cientos de agentes de la polic\u00eda y la agencia anticorrupci\u00f3n allanaron su residencia y consiguieron detenerlo.<\/p>\n<p>El dirigente tambi\u00e9n es objeto de un proceso en el Tribunal Constitucional, que debe decidir si ratifica o descarta la moci\u00f3n de destituci\u00f3n aprobada por la Asamblea Nacional.<\/p>\n<p>jc (afp, efe, dpa, reuters)<\/p>\n<\/p>\n<\/div>\n\n","protected":false},"excerpt":{"rendered":"<p>El presidente de Corea del Sur, Yoon Suk Yeol, suspendido de sus funciones, se neg\u00f3 nuevamente a declarar este viernes (17.01.2025) ante los agentes que lo arrestaron en relaci\u00f3n a la imposici\u00f3n de una ley marcial en diciembre. Los investigadores de la Oficina para los Casos de Corrupci\u00f3n de Altos Funcionarios (CIO) citaron a Yoon &hellip;<\/p>\n","protected":false},"author":1,"featured_media":10763,"comment_status":"open","ping_status":"open","sticky":false,"template":"","format":"standard","meta":{"fifu_image_url":"https:\/\/static.dw.com\/image\/71305211_6.jpg","fifu_image_alt":"","footnotes":""},"categories":[13],"tags":[],"class_list":["post-10762","post","type-post","status-publish","format-standard","has-post-thumbnail","","category-mundo"],"_links":{"self":[{"href":"https:\/\/noticiasveraces.com\/index.php?rest_route=\/wp\/v2\/posts\/10762","targetHints":{"allow":["GET"]}}],"collection":[{"href":"https:\/\/noticiasveraces.com\/index.php?rest_route=\/wp\/v2\/posts"}],"about":[{"href":"https:\/\/noticiasveraces.com\/index.php?rest_route=\/wp\/v2\/types\/post"}],"author":[{"embeddable":true,"href":"https:\/\/noticiasveraces.com\/index.php?rest_route=\/wp\/v2\/users\/1"}],"replies":[{"embeddable":true,"href":"https:\/\/noticiasveraces.com\/index.php?rest_route=%2Fwp%2Fv2%2Fcomments&post=10762"}],"version-history":[{"count":0,"href":"https:\/\/noticiasveraces.com\/index.php?rest_route=\/wp\/v2\/posts\/10762\/revisions"}],"wp:featuredmedia":[{"embeddable":true,"href":"https:\/\/noticiasveraces.com\/index.php?rest_route=\/wp\/v2\/media\/10763"}],"wp:attachment":[{"href":"https:\/\/noticiasveraces.com\/index.php?rest_route=%2Fwp%2Fv2%2Fmedia&parent=10762"}],"wp:term":[{"taxonomy":"category","embeddable":true,"href":"https:\/\/noticiasveraces.com\/index.php?rest_route=%2Fwp%2Fv2%2Fcategories&post=10762"},{"taxonomy":"post_tag","embeddable":true,"href":"https:\/\/noticiasveraces.com\/index.php?rest_route=%2Fwp%2Fv2%2Ftags&post=10762"}],"curies":[{"name":"wp","href":"https:\/\/api.w.org\/{rel}","templated":true}]}}