{"id":10752,"date":"2025-01-16T23:04:52","date_gmt":"2025-01-17T03:04:52","guid":{"rendered":"https:\/\/noticiasveraces.com\/?p=10752"},"modified":"2025-01-16T23:04:52","modified_gmt":"2025-01-17T03:04:52","slug":"soy-la-empollona-que-pega-hostias","status":"publish","type":"post","link":"https:\/\/noticiasveraces.com\/?p=10752","title":{"rendered":"\u00abSoy la empollona que pega hostias\u00bb"},"content":{"rendered":"<p> \n<\/p>\n<div id=\"intext\">\n<p><b>Isabel Calvo<\/b> se convierte en la primera espa\u00f1ola en ganar un campeonato mundial de <b>artes marciales mixtas<\/b>. Esta madrile\u00f1a de 29 a\u00f1os viaj\u00f3 hasta <b>Uzbekist\u00e1n <\/b>para pelear en este torneo. Una competici\u00f3n en la que la espa\u00f1ola ansiaba participar: \u00abYo le dije a mi madre que iba a ganar\u00bb, comentaba.<\/p>\n<blockquote class=\"blockquote \">\n<p class=\"blockquote__quote\">\u00abSiempre he sido muy brutita; con mis amigos jug\u00e1bamos a pegarnos\u00bb<\/p>\n<\/blockquote>\n<p>La <b>biomedicina <\/b>es su profesi\u00f3n, pero desde que las artes marciales mixtas se cruzaron en su camino y le obligaron a decidir, tuvo claro a lo que quer\u00eda dedicarse en un futuro. Desde peque\u00f1a siempre mostr\u00f3 un esp\u00edritu competitivo: \u00abSiempre he sido muy brutita; con mis amigos jug\u00e1bamos a pegarnos. Vi lo del MMA y <b>me gust\u00f3 mucho<\/b>. Me enamor\u00e9 locamente de este deporte\u00bb, recuerda. Isabel ha logrado equilibrar sus estudios con su pasi\u00f3n por las MMA.<\/p>\n<p>Su formaci\u00f3n acad\u00e9mica es igualmente impresionante. Isabel se gradu\u00f3 con honores en <b>ciencias biol\u00f3gicas<\/b> y realiz\u00f3 su tesis sobre reprogramaci\u00f3n celular, obteniendo un <b>sobresaliente <\/b><b style=\"\">cum laude<\/b>. \u00abCon una bata puesta y as\u00ed hice mi tesis, era la empollona que pega ostias\u00bb, bromea, mostrando su capacidad para combinar su vida intelectual con su lado m\u00e1s combativo.<\/p>\n<h2 class=\"title-h2\">Se acerca su debut profesional.<\/h2>\n<p>A medida que se acerca a su<b> debut profesional<\/b>Isabel no oculta su emoci\u00f3n por subir al oct\u00e1gono. \u00abLa adrenalina cuando sales a la jaula, todas esas sensaciones&#8230; eso me gusta\u00bb, dice. Su dedicaci\u00f3n es evidente, y sus padres la apoyan incondicionalmente en esta nueva etapa de su vida. \u00abSoy muy competitiva y muy trabajadora\u00bb, a\u00f1ade.<\/p>\n<p>Isabel Calvo representa una nueva generaci\u00f3n de atletas que desafiaban las normas y <b>rompe estereotipos<\/b> en un deporte que sigue creciendo en popularidad. Con su mezcla de inteligencia y fuerza f\u00edsica, est\u00e1 lista para demostrar que puede alcanzar grandes logros en el mundo de las artes marciales mixtas. Su sue\u00f1o de llegar a la <b>UFC <\/b>Est\u00e1 m\u00e1s cerca que nunca.<\/p>\n<p><i>>S\u00edguenos en nuestro canal de WhatsApp y no te pierdas la \u00faltima hora y toda la actualidad de antena3noticias.com<\/i><\/p>\n<div class=\"recirculation-video\" data-mod=\"a3mod_recirculation_video\">\n<div class=\"recirculation-video-wrapper\">\n<div>\n<div class=\"video-wrapper\">\n  <picture class=\"video-main-picture\"><source media=\"(min-width: 481px)\" srcset=\"https:\/\/fotografias.antena3.com\/clipping\/cmsimages01\/2025\/01\/15\/0C6ADA4F-A595-4285-91D4-437D1BAD7420\/antena-3-deportes-15-01-25-alcaraz-arrasa-nishioka-firma-set-mas-rapido-grand-slam_94.jpg?crop=1920,1080,x0,y0&amp;width=800&amp;height=450&amp;optimize=medium&amp;format=webply\" width=\"800\" height=\"450\"><source media=\"(min-width: 391px) and (max-width: 480px)\" srcset=\"https:\/\/fotografias.antena3.com\/clipping\/cmsimages01\/2025\/01\/15\/0C6ADA4F-A595-4285-91D4-437D1BAD7420\/antena-3-deportes-15-01-25-alcaraz-arrasa-nishioka-firma-set-mas-rapido-grand-slam_70.jpg?crop=1920,1080,x0,y0&amp;width=480&amp;height=270&amp;optimize=high&amp;format=webply\" width=\"480\" height=\"270\"><source media=\"(min-width: 321px) and (max-width: 390px)\" srcset=\"https:\/\/fotografias.antena3.com\/clipping\/cmsimages01\/2025\/01\/15\/0C6ADA4F-A595-4285-91D4-437D1BAD7420\/antena-3-deportes-15-01-25-alcaraz-arrasa-nishioka-firma-set-mas-rapido-grand-slam_92.jpg?crop=1920,1078,x0,y0&amp;width=390&amp;height=219&amp;optimize=high&amp;format=webply\" width=\"390\" height=\"219\"><source media=\"(max-width: 320px)\" srcset=\"https:\/\/fotografias.antena3.com\/clipping\/cmsimages01\/2025\/01\/15\/0C6ADA4F-A595-4285-91D4-437D1BAD7420\/antena-3-deportes-15-01-25-alcaraz-arrasa-nishioka-firma-set-mas-rapido-grand-slam_52.jpg?crop=1920,1080,x0,y0&amp;width=320&amp;height=180&amp;optimize=high&amp;format=webply\" width=\"320\" height=\"180\"><img decoding=\"async\" title=\"Antena 3 Deportes (15-01-25) Alcaraz arrasa a Nishioka y firma su set m\u00e1s r\u00e1pido en un Grand Slam\" alt=\"Antena 3 Deportes (15-01-25) Alcaraz arrasa a Nishioka y firma su set m\u00e1s r\u00e1pido en un Grand Slam\" width=\"480\" height=\"270\" src=\"https:\/\/fotografias.antena3.com\/clipping\/cmsimages01\/2025\/01\/15\/0C6ADA4F-A595-4285-91D4-437D1BAD7420\/antena-3-deportes-15-01-25-alcaraz-arrasa-nishioka-firma-set-mas-rapido-grand-slam_70.jpg?crop=1920,1080,x0,y0&amp;width=480&amp;height=270&amp;optimize=high&amp;format=webply\" loading=\"lazy\" class=\"lazy\"\/><br \/>\n  <\/source><\/source><\/source><\/source><\/picture>\n <\/div>\n<\/div><\/div>\n<\/p><\/div>\n<\/div>\n\n","protected":false},"excerpt":{"rendered":"<p>Isabel Calvo se convierte en la primera espa\u00f1ola en ganar un campeonato mundial de artes marciales mixtas. Esta madrile\u00f1a de 29 a\u00f1os viaj\u00f3 hasta Uzbekist\u00e1n para pelear en este torneo. Una competici\u00f3n en la que la espa\u00f1ola ansiaba participar: \u00abYo le dije a mi madre que iba a ganar\u00bb, comentaba. \u00abSiempre he sido muy brutita; &hellip;<\/p>\n","protected":false},"author":1,"featured_media":10754,"comment_status":"open","ping_status":"open","sticky":false,"template":"","format":"standard","meta":{"fifu_image_url":"https:\/\/fotografias.antena3.com\/clipping\/cmsimages02\/2025\/01\/16\/C7F2BB56-8EB6-4009-981F-714FAF7F31F8\/isabel-calvo-laboratorio-campeona-mma_69.jpg?crop=1280,720,x0,y0&width=1280&height=720&optimize=low&format=jpg","fifu_image_alt":"","footnotes":""},"categories":[6],"tags":[],"class_list":["post-10752","post","type-post","status-publish","format-standard","has-post-thumbnail","","category-deportes"],"_links":{"self":[{"href":"https:\/\/noticiasveraces.com\/index.php?rest_route=\/wp\/v2\/posts\/10752","targetHints":{"allow":["GET"]}}],"collection":[{"href":"https:\/\/noticiasveraces.com\/index.php?rest_route=\/wp\/v2\/posts"}],"about":[{"href":"https:\/\/noticiasveraces.com\/index.php?rest_route=\/wp\/v2\/types\/post"}],"author":[{"embeddable":true,"href":"https:\/\/noticiasveraces.com\/index.php?rest_route=\/wp\/v2\/users\/1"}],"replies":[{"embeddable":true,"href":"https:\/\/noticiasveraces.com\/index.php?rest_route=%2Fwp%2Fv2%2Fcomments&post=10752"}],"version-history":[{"count":0,"href":"https:\/\/noticiasveraces.com\/index.php?rest_route=\/wp\/v2\/posts\/10752\/revisions"}],"wp:featuredmedia":[{"embeddable":true,"href":"https:\/\/noticiasveraces.com\/index.php?rest_route=\/wp\/v2\/media\/10754"}],"wp:attachment":[{"href":"https:\/\/noticiasveraces.com\/index.php?rest_route=%2Fwp%2Fv2%2Fmedia&parent=10752"}],"wp:term":[{"taxonomy":"category","embeddable":true,"href":"https:\/\/noticiasveraces.com\/index.php?rest_route=%2Fwp%2Fv2%2Fcategories&post=10752"},{"taxonomy":"post_tag","embeddable":true,"href":"https:\/\/noticiasveraces.com\/index.php?rest_route=%2Fwp%2Fv2%2Ftags&post=10752"}],"curies":[{"name":"wp","href":"https:\/\/api.w.org\/{rel}","templated":true}]}}