{"id":10722,"date":"2025-01-16T19:44:14","date_gmt":"2025-01-16T23:44:14","guid":{"rendered":"https:\/\/noticiasveraces.com\/?p=10722"},"modified":"2025-01-16T19:44:14","modified_gmt":"2025-01-16T23:44:14","slug":"china-e-israel-los-paises-con-mas-periodistas-encarcelados-dw-16-01-2025","status":"publish","type":"post","link":"https:\/\/noticiasveraces.com\/?p=10722","title":{"rendered":"China e Israel, los pa\u00edses con m\u00e1s periodistas encarcelados \u2013 DW \u2013 16\/01\/2025"},"content":{"rendered":"<p> \n<\/p>\n<div>\n<p>Un total de 361 trabajadores de prensa estaban encarcelados a finales de 2024, inform\u00f3 este jueves (16.01.2025) el Comit\u00e9 de Protecci\u00f3n de los Periodistas (CPJ).<\/p>\n<p>China, Israel y Birmania, con 50, 43 y 35 periodistas detenidos respectivamente, \u00abemergieron como los tres peores infractores del mundo en otro a\u00f1o r\u00e9cord para los periodistas encarcelados a causa de su trabajo\u00bb, precisa el CPJ. A estos le siguen Bielorrusia (31) y Rusia (30).<\/p>\n<p>La organizaci\u00f3n denuncia que la \u00abcensura omnipresente\u00bb de China dificulta la determinaci\u00f3n del n\u00famero exacto de periodistas encarcelados en ese pa\u00eds y destaca el aumento de casos en Hong Kong.<\/p>\n<p>\u00abUn aumento de los ataques a periodistas precede casi siempre a un aumento de los ataques a otras libertades: la libertad de dar y recibir informaci\u00f3n, la libertad de reunirse y circular libremente, la libertad de protestar\u00bb, advirti\u00f3 Jodie Ginsberg, directora ejecutiva del CPJ.<\/p>\n<p>Israel, una democracia multipartidista, rara vez hab\u00eda aparecido en la lista anual de condenas a prisi\u00f3n antes del estallido del conflicto en Gaza contra el grupo terrorista palestino Ham\u00e1s.<\/p>\n<p>No obstante, \u00abse catapult\u00f3 al segundo puesto el a\u00f1o pasado al tratar de silenciar la cobertura desde los territorios palestinos ocupados\u00bb, se\u00f1ala el informe. en el que recuerda que todos los periodistas detenidos por Israel son palestinos.<\/p>\n<p>Asia sigui\u00f3 siendo la regi\u00f3n con mayor n\u00famero de periodistas encarcelados, con Vietnam (16), Afganist\u00e1n (2), Bangladesh (4), India (3) y Filipinas (1).<\/p>\n<p>En Am\u00e9rica Latina y el Caribe, Venezuela encabeza la lista, con tres periodistas detenidos a finales del a\u00f1o pasado. Nicaragua, Cuba y Guatemala, con uno cada uno, integran el grupo.<\/p>\n<p>rr (afp\/efe\/cpj)<\/p>\n<\/div>\n\n","protected":false},"excerpt":{"rendered":"<p>Un total de 361 trabajadores de prensa estaban encarcelados a finales de 2024, inform\u00f3 este jueves (16.01.2025) el Comit\u00e9 de Protecci\u00f3n de los Periodistas (CPJ). China, Israel y Birmania, con 50, 43 y 35 periodistas detenidos respectivamente, \u00abemergieron como los tres peores infractores del mundo en otro a\u00f1o r\u00e9cord para los periodistas encarcelados a causa &hellip;<\/p>\n","protected":false},"author":1,"featured_media":10723,"comment_status":"open","ping_status":"open","sticky":false,"template":"","format":"standard","meta":{"fifu_image_url":"https:\/\/static.dw.com\/image\/69494752_6.jpg","fifu_image_alt":"","footnotes":""},"categories":[13],"tags":[],"class_list":["post-10722","post","type-post","status-publish","format-standard","has-post-thumbnail","","category-mundo"],"_links":{"self":[{"href":"https:\/\/noticiasveraces.com\/index.php?rest_route=\/wp\/v2\/posts\/10722","targetHints":{"allow":["GET"]}}],"collection":[{"href":"https:\/\/noticiasveraces.com\/index.php?rest_route=\/wp\/v2\/posts"}],"about":[{"href":"https:\/\/noticiasveraces.com\/index.php?rest_route=\/wp\/v2\/types\/post"}],"author":[{"embeddable":true,"href":"https:\/\/noticiasveraces.com\/index.php?rest_route=\/wp\/v2\/users\/1"}],"replies":[{"embeddable":true,"href":"https:\/\/noticiasveraces.com\/index.php?rest_route=%2Fwp%2Fv2%2Fcomments&post=10722"}],"version-history":[{"count":0,"href":"https:\/\/noticiasveraces.com\/index.php?rest_route=\/wp\/v2\/posts\/10722\/revisions"}],"wp:featuredmedia":[{"embeddable":true,"href":"https:\/\/noticiasveraces.com\/index.php?rest_route=\/wp\/v2\/media\/10723"}],"wp:attachment":[{"href":"https:\/\/noticiasveraces.com\/index.php?rest_route=%2Fwp%2Fv2%2Fmedia&parent=10722"}],"wp:term":[{"taxonomy":"category","embeddable":true,"href":"https:\/\/noticiasveraces.com\/index.php?rest_route=%2Fwp%2Fv2%2Fcategories&post=10722"},{"taxonomy":"post_tag","embeddable":true,"href":"https:\/\/noticiasveraces.com\/index.php?rest_route=%2Fwp%2Fv2%2Ftags&post=10722"}],"curies":[{"name":"wp","href":"https:\/\/api.w.org\/{rel}","templated":true}]}}