{"id":10719,"date":"2025-01-16T18:40:28","date_gmt":"2025-01-16T22:40:28","guid":{"rendered":"https:\/\/noticiasveraces.com\/?p=10719"},"modified":"2025-01-16T18:40:28","modified_gmt":"2025-01-16T22:40:28","slug":"tribunal-brasileno-rechaza-peticion-de-bolsonaro-de-viajar-a-la-toma-de-posesion-de-trump","status":"publish","type":"post","link":"https:\/\/noticiasveraces.com\/?p=10719","title":{"rendered":"Tribunal brasile\u00f1o rechaza petici\u00f3n de Bolsonaro de viajar a la toma de posesi\u00f3n de Trump"},"content":{"rendered":"<p> \n<\/p>\n<div>\n<p class=\"speakable\">La Corte Suprema de Brasil deneg\u00f3 el jueves una solicitud del expresidente Jair Bolsonaro para restaurar temporalmente su pasaporte para poder asistir a la toma de posesi\u00f3n en Washington del presidente electo de Estados Unidos, Donald Trump, la pr\u00f3xima semana.<\/p>\n<p class=\"speakable\">El juez Alexandre de Moraes, a quien Bolsonaro ha llamado frecuentemente su enemigo personal, dijo en el fallo que Bolsonaro actualmente no ocupa ning\u00fan cargo que le permita representar a Brasil en el evento y que el expresidente no demostr\u00f3 adecuadamente ante el tribunal que hab\u00eda sido invitado.<\/p>\n<p><strong>C\u00d3MO DICE LA POLIC\u00cdA BRASILE\u00d1A QUE BOLSONARO ORGANIZ\u00d3 UN GOLPE PARA PERMANECER EN EL CARGO<\/strong><\/p>\n<p>A Bolsonaro, sometido a varias investigaciones de amplio alcance, incluido un presunto intento de permanecer en el cargo a pesar de su derrota electoral, la polic\u00eda federal le confisc\u00f3 el pasaporte en febrero pasado porque se consideraba que corr\u00eda riesgo de fuga. Niega las acusaciones en su contra.<\/p>\n<p>Bolsonaro respondi\u00f3 al veredicto del jueves acusando al sistema judicial brasile\u00f1o de persecuci\u00f3n pol\u00edtica en su contra, comparando su situaci\u00f3n con casos legales en Estados Unidos contra Trump. Dijo que Trump \u00absuper\u00f3 el activismo judicial. Yo tambi\u00e9n lo superar\u00e9\u00bb.<\/p>\n<p>El expresidente brasile\u00f1o hab\u00eda solicitado permiso para salir del pa\u00eds del 17 al 22 de enero para asistir a la ceremonia de toma de posesi\u00f3n del 20 de enero y a un baile inaugural hispano. Bolsonaro, un abierto admirador de Trump, dijo en sus canales de redes sociales el 8 de enero que estaba \u00abmuy contento con esta invitaci\u00f3n\u00bb.<\/p>\n<div class=\"image-ct inline\">\n<div class=\"m\"><picture><source media=\"(max-width: 767px)\" srcset=\"https:\/\/a57.foxnews.com\/static.foxnews.com\/foxnews.com\/content\/uploads\/2024\/03\/343\/192\/Jair-Bolsonaro.jpg?ve=1&amp;tl=1, https:\/\/a57.foxnews.com\/static.foxnews.com\/foxnews.com\/content\/uploads\/2024\/03\/686\/384\/Jair-Bolsonaro.jpg?ve=1&amp;tl=1 2x\" height=\"192\" width=\"343\"><source media=\"(min-width: 768px) and (max-width: 1023px)\" srcset=\"https:\/\/a57.foxnews.com\/static.foxnews.com\/foxnews.com\/content\/uploads\/2024\/03\/672\/378\/Jair-Bolsonaro.jpg?ve=1&amp;tl=1, https:\/\/a57.foxnews.com\/static.foxnews.com\/foxnews.com\/content\/uploads\/2024\/03\/1344\/756\/Jair-Bolsonaro.jpg?ve=1&amp;tl=1 2x\" height=\"378\" width=\"672\"><source media=\"(min-width: 1024px) and (max-width: 1279px)\" srcset=\"https:\/\/a57.foxnews.com\/static.foxnews.com\/foxnews.com\/content\/uploads\/2024\/03\/931\/523\/Jair-Bolsonaro.jpg?ve=1&amp;tl=1, https:\/\/a57.foxnews.com\/static.foxnews.com\/foxnews.com\/content\/uploads\/2024\/03\/1862\/1046\/Jair-Bolsonaro.jpg?ve=1&amp;tl=1 2x\" height=\"523\" width=\"931\"><source media=\"(min-width: 1280px)\" srcset=\"https:\/\/a57.foxnews.com\/static.foxnews.com\/foxnews.com\/content\/uploads\/2024\/03\/720\/405\/Jair-Bolsonaro.jpg?ve=1&amp;tl=1, https:\/\/a57.foxnews.com\/static.foxnews.com\/foxnews.com\/content\/uploads\/2024\/03\/1440\/810\/Jair-Bolsonaro.jpg?ve=1&amp;tl=1 2x\" height=\"405\" width=\"720\"><img loading=\"lazy\" decoding=\"async\" src=\"https:\/\/a57.foxnews.com\/static.foxnews.com\/foxnews.com\/content\/uploads\/2024\/03\/1200\/675\/Jair-Bolsonaro.jpg?ve=1&amp;tl=1\" alt=\"Jair Bolsonaro\" width=\"1200\" height=\"675\"\/><\/source><\/source><\/source><\/source><\/picture><\/div>\n<div class=\"info\">\n<div class=\"caption\">\n<p><span>El presidente de Brasil, Jair Bolsonaro, habla durante un evento para lanzar un nuevo registro para trabajadores profesionales de la industria pesquera en el Palacio de Gobierno de Planalto el 29 de junio de 2021 en Brasilia, Brasil.<\/span> <span>(Andressa Anholete\/Getty Images)<\/span><\/p>\n<\/div>\n<\/div>\n<\/div>\n<p>\u00abRepresentar\u00e9 al pueblo conservador, a la derecha, al bueno, al pueblo brasile\u00f1o en Estados Unidos, si Dios quiere\u00bb, dijo Bolsonaro.<\/p>\n<p>Cuando de Moraes pidi\u00f3 a los abogados de Bolsonaro pruebas de su invitaci\u00f3n el s\u00e1bado, estos le enviaron una carta de invitaci\u00f3n firmada por los copresidentes del comit\u00e9 de toma de posesi\u00f3n, Steve Witkoff y Kelly Loeffler.<\/p>\n<p>A\u00fan as\u00ed, de Moraes argument\u00f3 que Bolsonaro no hab\u00eda demostrado adecuadamente que fue invitado a la toma de posesi\u00f3n. En el fallo, de Moraes sigui\u00f3 la recomendaci\u00f3n del fiscal general Paulo Gonet, quien dijo el mi\u00e9rcoles que el inter\u00e9s privado de Bolsonaro en el viaje no superaba el inter\u00e9s p\u00fablico en prohibirle viajar al extranjero.<\/p>\n<p>De Moraes dijo que Bolsonaro sigue teniendo riesgo de fuga y a\u00f1adi\u00f3 que el expresidente ha abogado por que sus partidarios que enfrentan problemas legales en casos relacionados con su lealtad pol\u00edtica deber\u00edan abandonar el pa\u00eds y buscar asilo. Cientos de partidarios de Bolsonaro involucrados en los disturbios del 8 de enero de 2023 en la capital Brasilia abandonaron Brasil para evitar ser procesados.<\/p>\n<p>El presidente de Brasil, Luiz In\u00e1cio Lula da Silva, no asistir\u00e1 a la toma de posesi\u00f3n de Trump.<\/p>\n<p>La polic\u00eda federal confisc\u00f3 el pasaporte de Bolsonaro en febrero de 2024, durante una redada relacionada con la investigaci\u00f3n sobre si \u00e9l y sus principales asesores planearon ignorar los resultados de las elecciones de 2022 y organizar un levantamiento para mantener en el poder al derrotado l\u00edder de derecha.<\/p>\n<p>La Corte Suprema de Brasil deneg\u00f3 anteriormente una solicitud de Bolsonaro para recuperar su pasaporte, en marzo de 2024, tras una invitaci\u00f3n del primer ministro de Israel, Benjam\u00edn Netanyahu.<\/p>\n<p>En noviembre pasado, la polic\u00eda federal acus\u00f3 formalmente a Bolsonaro y a otras 36 personas, incluidos oficiales militares de alto rango, de intentar un golpe de estado. Gonet, el fiscal general, decidir\u00e1 si acusa a Bolsonaro o desestima la investigaci\u00f3n.<\/p>\n<p>Los expertos legales creen que Bolsonaro podr\u00eda ser acusado y juzgado en la segunda mitad de 2025 en la Corte Suprema por supuestamente falsificar su estado de vacunaci\u00f3n contra el COVID-19. Los analistas tambi\u00e9n dicen que existe una posibilidad razonable de que sea juzgado antes de 2026 por presunta malversaci\u00f3n de joyas regaladas por las autoridades de Arabia Saudita.<\/p>\n<p>El expresidente niega haber intentado permanecer en el cargo tras su estrecha derrota electoral en 2022 ante su oponente de izquierda, Lula.<\/p>\n<p><strong><u>HAGA CLIC AQU\u00cd PARA OBTENER LA APLICACI\u00d3N FOX NEWS<\/u><\/strong><\/p>\n<p>La embajadora de Brasil en Estados Unidos, Mar\u00eda Luiza Viotti, asistir\u00e1 a la toma de posesi\u00f3n de Trump, dijo el gobierno a The Associated Press el jueves. El presidente Lula no fue invitado oficialmente a la ceremonia.<\/p>\n<p>Trump ha invitado a algunos l\u00edderes mundiales a su toma de posesi\u00f3n, incluidos el presidente de China, Xi Jinping, y el presidente de Argentina, Javier Milei.<\/p>\n<p> <!----> <!----> <\/div>\n\n","protected":false},"excerpt":{"rendered":"<p>La Corte Suprema de Brasil deneg\u00f3 el jueves una solicitud del expresidente Jair Bolsonaro para restaurar temporalmente su pasaporte para poder asistir a la toma de posesi\u00f3n en Washington del presidente electo de Estados Unidos, Donald Trump, la pr\u00f3xima semana. El juez Alexandre de Moraes, a quien Bolsonaro ha llamado frecuentemente su enemigo personal, dijo &hellip;<\/p>\n","protected":false},"author":1,"featured_media":10721,"comment_status":"open","ping_status":"open","sticky":false,"template":"","format":"standard","meta":{"fifu_image_url":"https:\/\/static.foxnews.com\/foxnews.com\/content\/uploads\/2024\/03\/Jair-Bolsonaro.jpg","fifu_image_alt":"","footnotes":""},"categories":[13],"tags":[],"class_list":["post-10719","post","type-post","status-publish","format-standard","has-post-thumbnail","","category-mundo"],"_links":{"self":[{"href":"https:\/\/noticiasveraces.com\/index.php?rest_route=\/wp\/v2\/posts\/10719","targetHints":{"allow":["GET"]}}],"collection":[{"href":"https:\/\/noticiasveraces.com\/index.php?rest_route=\/wp\/v2\/posts"}],"about":[{"href":"https:\/\/noticiasveraces.com\/index.php?rest_route=\/wp\/v2\/types\/post"}],"author":[{"embeddable":true,"href":"https:\/\/noticiasveraces.com\/index.php?rest_route=\/wp\/v2\/users\/1"}],"replies":[{"embeddable":true,"href":"https:\/\/noticiasveraces.com\/index.php?rest_route=%2Fwp%2Fv2%2Fcomments&post=10719"}],"version-history":[{"count":0,"href":"https:\/\/noticiasveraces.com\/index.php?rest_route=\/wp\/v2\/posts\/10719\/revisions"}],"wp:featuredmedia":[{"embeddable":true,"href":"https:\/\/noticiasveraces.com\/index.php?rest_route=\/wp\/v2\/media\/10721"}],"wp:attachment":[{"href":"https:\/\/noticiasveraces.com\/index.php?rest_route=%2Fwp%2Fv2%2Fmedia&parent=10719"}],"wp:term":[{"taxonomy":"category","embeddable":true,"href":"https:\/\/noticiasveraces.com\/index.php?rest_route=%2Fwp%2Fv2%2Fcategories&post=10719"},{"taxonomy":"post_tag","embeddable":true,"href":"https:\/\/noticiasveraces.com\/index.php?rest_route=%2Fwp%2Fv2%2Ftags&post=10719"}],"curies":[{"name":"wp","href":"https:\/\/api.w.org\/{rel}","templated":true}]}}