{"id":10714,"date":"2025-01-16T17:00:41","date_gmt":"2025-01-16T21:00:41","guid":{"rendered":"https:\/\/noticiasveraces.com\/?p=10714"},"modified":"2025-01-16T17:00:41","modified_gmt":"2025-01-16T21:00:41","slug":"marta-mansito-historia-de-la-vela-tras-ganar-el-mundial-de-optimist-a-los-14-anos","status":"publish","type":"post","link":"https:\/\/noticiasveraces.com\/?p=10714","title":{"rendered":"Marta Mansito, historia de la vela tras ganar el Mundial de Optimist a los 14 a\u00f1os"},"content":{"rendered":"<p> \n<\/p>\n<div id=\"intext\">\n<p><b>Marta Mansito<\/b>una joven rematista de tan solo <b>14 a\u00f1os<\/b>ha hecho historia al proclamarse campeona del mundo en la categor\u00eda femenina de la clase <b>Optimista <\/b>durante el <b>Mundial de Vela <\/b>celebrado en<b> Mar de Plata<\/b>,Argentina. Un logro que no solo resalta su talento sino que tambi\u00e9n marca un <b>hecho memorable<\/b> para la vela espa\u00f1ola y, en particular, para la comunidad del<b> Real Club N\u00e1utico de Gran Canaria<\/b>donde Marta ha desarrollado su carrera.<\/p>\n<blockquote class=\"blockquote \">\n<p class=\"blockquote__quote\">\u00abA\u00fan no lo he asimilado del todo, pero s\u00faper contenta\u00bb<\/p>\n<\/blockquote>\n<p>Su comienzo en este deporte viene por una<b> pasi\u00f3n familiar <\/b>por la vela. Arranc\u00f3 su <b>hermana mayor<\/b> y ella misma fue la que incit\u00f3 a sus padres a que, tanto Marta como su hermano mellizo, se adentraran en el mundo de este deporte. \u00abSin ellos no ser\u00eda posible, adem\u00e1s han puesto muchos sacrificios que no todos est\u00e1n dispuestos\u00bb, comenta la tinerfe\u00f1a.<\/p>\n<p>Su primer contacto con la vela fue a los<b> 6 a\u00f1os<\/b> y desde ese momento no se ha separado de ella. Con una rutina semanal muy completa, la joven ha conseguido llegar a lo m\u00e1s alto: entre semana colegio y los fines de semana a entrenar.<\/p>\n<p>Pasado <b>un mes de la competici\u00f3n<\/b>Marta no es consciente del premio que ha conseguido: <b>\u00abA\u00fan no lo he asimilado del todo, pero s\u00faper contenta\u00bb<\/b>afirma. La competencia era muy dura, ya que en estos \u00faltimos a\u00f1os el nivel femenino ha subido. La espa\u00f1ola no esperaba este resultado: \u00abMi objetivo era quedar Top 3, no primera\u00bb, comentaba.<\/p>\n<h2 class=\"title-h2\">Los Juegos Ol\u00edmpicos, su objetivo<\/h2>\n<p>Con 14 a\u00f1os, la joven tinerfe\u00f1a tiene un largo camino por delante tanto en el mundo del deporte como con los estudios. \u00abMe encantar\u00eda<b> estudiar medicina<\/b>pero aguantar\u00e9 con la vela todo lo que pueda. Y si puedo conseguir ir a unas <b>Olimpiadas<\/b>que ser\u00eda el sue\u00f1o de todo deportista, pues encantada\u00bb, comentaba Marta.<\/p>\n<p>Con este triunfo, Marta Mansito no solo entra en <b>la historia del deporte espa\u00f1ol<\/b>sino que tambi\u00e9n siembra las semillas para futuras generaciones de regatistas. Sin duda, este es solo el inicio de una prometedora carrera en la vela.<\/p>\n<h2 class=\"title-h2\">Una oportunidad para los j\u00f3venes<\/h2>\n<p>El Mundial Optimist de Vela es una competici\u00f3n que naci\u00f3 en <b>Estados Unidos <\/b>con la finalidad de darles una oportunidad a los m\u00e1s j\u00f3venes para que se adentren en el mundo del deporte acu\u00e1tico. Est\u00e1 enfocada en ni\u00f1os de entre <b>6 y 15 a\u00f1os.<\/b><\/p>\n<p><i>>S\u00edguenos en nuestro canal de WhatsApp y no te pierdas la \u00faltima hora y toda la actualidad de antena3noticias.com<\/i><\/p>\n<div class=\"recirculation-video\" data-mod=\"a3mod_recirculation_video\">\n<div class=\"recirculation-video-wrapper\">\n<div>\n<div class=\"video-wrapper\">\n  <picture class=\"video-main-picture\"><source media=\"(min-width: 481px)\" srcset=\"https:\/\/fotografias.antena3.com\/clipping\/cmsimages02\/2025\/01\/14\/8A75D97B-3EA6-4D46-99BD-51F00568F8E7\/valenciano-carlos-inarejos-hace-hueco-como-entrenador-liga-asiatica_94.jpg?crop=853,480,x0,y0&amp;width=800&amp;height=450&amp;optimize=medium&amp;format=webply\" width=\"800\" height=\"450\"><source media=\"(min-width: 391px) and (max-width: 480px)\" srcset=\"https:\/\/fotografias.antena3.com\/clipping\/cmsimages02\/2025\/01\/14\/8A75D97B-3EA6-4D46-99BD-51F00568F8E7\/valenciano-carlos-inarejos-hace-hueco-como-entrenador-liga-asiatica_70.jpg?crop=853,480,x0,y0&amp;width=480&amp;height=270&amp;optimize=high&amp;format=webply\" width=\"480\" height=\"270\"><source media=\"(min-width: 321px) and (max-width: 390px)\" srcset=\"https:\/\/fotografias.antena3.com\/clipping\/cmsimages02\/2025\/01\/14\/8A75D97B-3EA6-4D46-99BD-51F00568F8E7\/valenciano-carlos-inarejos-hace-hueco-como-entrenador-liga-asiatica_92.jpg?crop=854,480,x0,y0&amp;width=390&amp;height=219&amp;optimize=high&amp;format=webply\" width=\"390\" height=\"219\"><source media=\"(max-width: 320px)\" srcset=\"https:\/\/fotografias.antena3.com\/clipping\/cmsimages02\/2025\/01\/14\/8A75D97B-3EA6-4D46-99BD-51F00568F8E7\/valenciano-carlos-inarejos-hace-hueco-como-entrenador-liga-asiatica_52.jpg?crop=853,480,x0,y0&amp;width=320&amp;height=180&amp;optimize=high&amp;format=webply\" width=\"320\" height=\"180\"><img decoding=\"async\" title=\"El valenciano Carlos Inarejos se hace hueco como entrenador en la liga asi\u00e1tica\" alt=\"El valenciano Carlos Inarejos se hace hueco como entrenador en la liga asi\u00e1tica\" width=\"480\" height=\"270\" src=\"https:\/\/fotografias.antena3.com\/clipping\/cmsimages02\/2025\/01\/14\/8A75D97B-3EA6-4D46-99BD-51F00568F8E7\/valenciano-carlos-inarejos-hace-hueco-como-entrenador-liga-asiatica_70.jpg?crop=853,480,x0,y0&amp;width=480&amp;height=270&amp;optimize=high&amp;format=webply\" loading=\"lazy\" class=\"lazy\"\/><br \/>\n  <\/source><\/source><\/source><\/source><\/picture>\n <\/div>\n<\/div><\/div>\n<\/p><\/div>\n<\/div>\n\n","protected":false},"excerpt":{"rendered":"<p>Marta Mansitouna joven rematista de tan solo 14 a\u00f1osha hecho historia al proclamarse campeona del mundo en la categor\u00eda femenina de la clase Optimista durante el Mundial de Vela celebrado en Mar de Plata,Argentina. Un logro que no solo resalta su talento sino que tambi\u00e9n marca un hecho memorable para la vela espa\u00f1ola y, en &hellip;<\/p>\n","protected":false},"author":1,"featured_media":10716,"comment_status":"open","ping_status":"open","sticky":false,"template":"","format":"standard","meta":{"fifu_image_url":"https:\/\/fotografias.antena3.com\/clipping\/cmsimages02\/2025\/01\/16\/AB428C5E-F60C-495F-AF33-4BA3CFD9CA94\/marta-mansito-campeona-mundial-optimist-solo-14-anos_69.jpg?crop=853,480,x0,y0&width=1280&height=720&optimize=low&format=jpg","fifu_image_alt":"","footnotes":""},"categories":[6],"tags":[],"class_list":["post-10714","post","type-post","status-publish","format-standard","has-post-thumbnail","","category-deportes"],"_links":{"self":[{"href":"https:\/\/noticiasveraces.com\/index.php?rest_route=\/wp\/v2\/posts\/10714","targetHints":{"allow":["GET"]}}],"collection":[{"href":"https:\/\/noticiasveraces.com\/index.php?rest_route=\/wp\/v2\/posts"}],"about":[{"href":"https:\/\/noticiasveraces.com\/index.php?rest_route=\/wp\/v2\/types\/post"}],"author":[{"embeddable":true,"href":"https:\/\/noticiasveraces.com\/index.php?rest_route=\/wp\/v2\/users\/1"}],"replies":[{"embeddable":true,"href":"https:\/\/noticiasveraces.com\/index.php?rest_route=%2Fwp%2Fv2%2Fcomments&post=10714"}],"version-history":[{"count":0,"href":"https:\/\/noticiasveraces.com\/index.php?rest_route=\/wp\/v2\/posts\/10714\/revisions"}],"wp:featuredmedia":[{"embeddable":true,"href":"https:\/\/noticiasveraces.com\/index.php?rest_route=\/wp\/v2\/media\/10716"}],"wp:attachment":[{"href":"https:\/\/noticiasveraces.com\/index.php?rest_route=%2Fwp%2Fv2%2Fmedia&parent=10714"}],"wp:term":[{"taxonomy":"category","embeddable":true,"href":"https:\/\/noticiasveraces.com\/index.php?rest_route=%2Fwp%2Fv2%2Fcategories&post=10714"},{"taxonomy":"post_tag","embeddable":true,"href":"https:\/\/noticiasveraces.com\/index.php?rest_route=%2Fwp%2Fv2%2Ftags&post=10714"}],"curies":[{"name":"wp","href":"https:\/\/api.w.org\/{rel}","templated":true}]}}