{"id":10695,"date":"2025-01-16T14:45:26","date_gmt":"2025-01-16T18:45:26","guid":{"rendered":"https:\/\/noticiasveraces.com\/?p=10695"},"modified":"2025-01-16T14:45:26","modified_gmt":"2025-01-16T18:45:26","slug":"la-nueva-e-innovadora-pelicula-documental-sobre-auschwitz-sobre-la-segunda-guerra-mundial-tiene-fecha-de-estreno-y-trailer-peliculas-entretenimiento","status":"publish","type":"post","link":"https:\/\/noticiasveraces.com\/?p=10695","title":{"rendered":"La nueva e innovadora pel\u00edcula documental sobre Auschwitz sobre la Segunda Guerra Mundial tiene fecha de estreno y tr\u00e1iler | Pel\u00edculas | Entretenimiento"},"content":{"rendered":"<p> \n<\/p>\n<div>\n<p>El pr\u00f3ximo lunes 20 de enero se cumple el 80 aniversario de la liberaci\u00f3n de Auschwitz-Birkenau. El campo de exterminio m\u00e1s infame de los nazis fue el hogar de al menos seis orquestas compuestas por prisioneros que las SS encargaron durante la Segunda Guerra Mundial.<\/p>\n<p>Y ahora, la pr\u00f3xima semana se estrenar\u00e1 un documental especial sobre el redescubrimiento de la m\u00fasica compuesta en medio de los horrores del Holocausto.<\/p>\n<p>Seg\u00fan Sky Arts: \u201cLa m\u00fasica perdida de Auschwitz, cuenta[s] La extraordinaria historia de la misi\u00f3n de ocho a\u00f1os del compositor y director de orquesta brit\u00e1nico Leo Geyer para reconstruir un tesoro de fragmentos olvidados de manuscritos musicales encontrados en los archivos del Museo Auschwitz-Birkenau.<\/p>\n<p>\u201cAhora, \u00e9l y su orquesta finalmente tocar\u00e1n la m\u00fasica que ha descubierto con tanto esfuerzo, exactamente como habr\u00eda sonado en Auschwitz, en algunos casos por primera vez en 80 a\u00f1os.<\/p>\n<p>\u201cLa pel\u00edcula sigue a Leo en este viaje musical mientras descubre c\u00f3mo los m\u00fasicos se rebelaron con actuaciones secretas y tejiendo melod\u00edas prohibidas en conciertos. [The 90 minute documentary] est\u00e1 entretejido con poderosas entrevistas con algunos de los \u00faltimos supervivientes y actuaciones especiales de la orquesta de Leo\u201d.<\/p>\n<\/div>\n<div>\n<p>Geyer comparti\u00f3: \u201cDespu\u00e9s de muchos a\u00f1os de investigaci\u00f3n, me complace poder compartir esta m\u00fasica con el p\u00fablico para conmemorar los 80 a\u00f1os de la liberaci\u00f3n de Auschwitz. El Holocausto nunca deber\u00eda olvidarse. A trav\u00e9s de esta m\u00fasica, espero reunir a todos para recordar no s\u00f3lo a aquellos cuyas vidas se salvaron gracias a su talento musical, sino tambi\u00e9n a todos aquellos que sufrieron y perecieron durante el Holocausto\u201d.<\/p>\n<p>Dan Kendall, productor ejecutivo de Windfall Films, a\u00f1adi\u00f3: \u00abEsta es una pel\u00edcula poderosa e importante, y estamos muy orgullosos de llevar una historia tan extraordinaria a la pantalla a trav\u00e9s de Sky Arts\u00bb.<\/p>\n<p><em><strong>The Lost Music of Auschwitz se transmitir\u00e1 en Sky Arts a las 9 p.m. el 20 de enero, que est\u00e1 disponible para todos en Freeview y casi se transmitir\u00e1. <\/strong><\/em><em><strong>en AHORA y Sky On Demand.<\/strong><\/em><\/p>\n<\/div>\n\n","protected":false},"excerpt":{"rendered":"<p>El pr\u00f3ximo lunes 20 de enero se cumple el 80 aniversario de la liberaci\u00f3n de Auschwitz-Birkenau. El campo de exterminio m\u00e1s infame de los nazis fue el hogar de al menos seis orquestas compuestas por prisioneros que las SS encargaron durante la Segunda Guerra Mundial. Y ahora, la pr\u00f3xima semana se estrenar\u00e1 un documental especial &hellip;<\/p>\n","protected":false},"author":1,"featured_media":10696,"comment_status":"open","ping_status":"open","sticky":false,"template":"","format":"standard","meta":{"fifu_image_url":"https:\/\/cdn.images.express.co.uk\/img\/dynamic\/36\/1200x630\/5892975.jpg","fifu_image_alt":"","footnotes":""},"categories":[766],"tags":[],"class_list":["post-10695","post","type-post","status-publish","format-standard","has-post-thumbnail","","category-musica"],"_links":{"self":[{"href":"https:\/\/noticiasveraces.com\/index.php?rest_route=\/wp\/v2\/posts\/10695","targetHints":{"allow":["GET"]}}],"collection":[{"href":"https:\/\/noticiasveraces.com\/index.php?rest_route=\/wp\/v2\/posts"}],"about":[{"href":"https:\/\/noticiasveraces.com\/index.php?rest_route=\/wp\/v2\/types\/post"}],"author":[{"embeddable":true,"href":"https:\/\/noticiasveraces.com\/index.php?rest_route=\/wp\/v2\/users\/1"}],"replies":[{"embeddable":true,"href":"https:\/\/noticiasveraces.com\/index.php?rest_route=%2Fwp%2Fv2%2Fcomments&post=10695"}],"version-history":[{"count":0,"href":"https:\/\/noticiasveraces.com\/index.php?rest_route=\/wp\/v2\/posts\/10695\/revisions"}],"wp:featuredmedia":[{"embeddable":true,"href":"https:\/\/noticiasveraces.com\/index.php?rest_route=\/wp\/v2\/media\/10696"}],"wp:attachment":[{"href":"https:\/\/noticiasveraces.com\/index.php?rest_route=%2Fwp%2Fv2%2Fmedia&parent=10695"}],"wp:term":[{"taxonomy":"category","embeddable":true,"href":"https:\/\/noticiasveraces.com\/index.php?rest_route=%2Fwp%2Fv2%2Fcategories&post=10695"},{"taxonomy":"post_tag","embeddable":true,"href":"https:\/\/noticiasveraces.com\/index.php?rest_route=%2Fwp%2Fv2%2Ftags&post=10695"}],"curies":[{"name":"wp","href":"https:\/\/api.w.org\/{rel}","templated":true}]}}