{"id":10690,"date":"2025-01-16T14:30:30","date_gmt":"2025-01-16T18:30:30","guid":{"rendered":"https:\/\/noticiasveraces.com\/?p=10690"},"modified":"2025-01-16T14:30:30","modified_gmt":"2025-01-16T18:30:30","slug":"el-papa-francisco-resulta-herido-mientras-el-vaticano-confirma-la-segunda-caida-en-cuestion-de-semanas","status":"publish","type":"post","link":"https:\/\/noticiasveraces.com\/?p=10690","title":{"rendered":"El Papa Francisco resulta herido mientras el Vaticano confirma la segunda ca\u00edda en cuesti\u00f3n de semanas"},"content":{"rendered":"<p> \n<\/p>\n<div>\n<p class=\"speakable\">El brazo del Papa Francisco est\u00e1 en cabestrillo el jueves despu\u00e9s de que el Vaticano confirmara que result\u00f3 herido en una ca\u00edda, el segundo incidente de este tipo en cuesti\u00f3n de semanas.<\/p>\n<p class=\"speakable\">El Vaticano dijo que Francisco cay\u00f3 dentro de su residencia el jueves por la ma\u00f1ana y dijo que ahora usa un cabestrillo de tela para sostener su brazo derecho. Francisco tambi\u00e9n se cay\u00f3 y se lastim\u00f3 la cara hace apenas seis semanas en diciembre.<\/p>\n<p>\u00abEsta ma\u00f1ana, a causa de una ca\u00edda en la casa de Santa Marta, el Papa Francisco sufri\u00f3 una contusi\u00f3n en el antebrazo derecho, sin fracturas. El brazo fue inmovilizado como medida de precauci\u00f3n\u00bb, se\u00f1ala un comunicado.<\/p>\n<p>Las ca\u00eddas son las \u00faltimas de una serie de problemas de salud que han afectado al Papa, incluidos problemas de rodilla de larga data y m\u00faltiples cirug\u00edas en 2021 y 2023.<\/p>\n<p><strong><u>LA MEDALLA DE LIBERTAD DE BIDEN MUESTRA QUE LOS DEM\u00d3CRATAS EST\u00c1N &#8216;FUERA DE CONTACTO&#8217; Y &#8216;TROLLANDO&#8217; A LOS REPUBLICANOS: COLUMNISTA<\/u><\/strong><\/p>\n<div class=\"image-ct inline\">\n<div class=\"m\"><picture><source media=\"(max-width: 767px)\" srcset=\"https:\/\/a57.foxnews.com\/static.foxnews.com\/foxnews.com\/content\/uploads\/2024\/06\/343\/192\/Pope-Francis-saint-peters-square.jpg?ve=1&amp;tl=1, https:\/\/a57.foxnews.com\/static.foxnews.com\/foxnews.com\/content\/uploads\/2024\/06\/686\/384\/Pope-Francis-saint-peters-square.jpg?ve=1&amp;tl=1 2x\" height=\"192\" width=\"343\"><source media=\"(min-width: 768px) and (max-width: 1023px)\" srcset=\"https:\/\/a57.foxnews.com\/static.foxnews.com\/foxnews.com\/content\/uploads\/2024\/06\/672\/378\/Pope-Francis-saint-peters-square.jpg?ve=1&amp;tl=1, https:\/\/a57.foxnews.com\/static.foxnews.com\/foxnews.com\/content\/uploads\/2024\/06\/1344\/756\/Pope-Francis-saint-peters-square.jpg?ve=1&amp;tl=1 2x\" height=\"378\" width=\"672\"><source media=\"(min-width: 1024px) and (max-width: 1279px)\" srcset=\"https:\/\/a57.foxnews.com\/static.foxnews.com\/foxnews.com\/content\/uploads\/2024\/06\/931\/523\/Pope-Francis-saint-peters-square.jpg?ve=1&amp;tl=1, https:\/\/a57.foxnews.com\/static.foxnews.com\/foxnews.com\/content\/uploads\/2024\/06\/1862\/1046\/Pope-Francis-saint-peters-square.jpg?ve=1&amp;tl=1 2x\" height=\"523\" width=\"931\"><source media=\"(min-width: 1280px)\" srcset=\"https:\/\/a57.foxnews.com\/static.foxnews.com\/foxnews.com\/content\/uploads\/2024\/06\/720\/405\/Pope-Francis-saint-peters-square.jpg?ve=1&amp;tl=1, https:\/\/a57.foxnews.com\/static.foxnews.com\/foxnews.com\/content\/uploads\/2024\/06\/1440\/810\/Pope-Francis-saint-peters-square.jpg?ve=1&amp;tl=1 2x\" height=\"405\" width=\"720\"><img loading=\"lazy\" decoding=\"async\" src=\"https:\/\/a57.foxnews.com\/static.foxnews.com\/foxnews.com\/content\/uploads\/2024\/06\/1200\/675\/Pope-Francis-saint-peters-square.jpg?ve=1&amp;tl=1\" alt=\"El Papa entrecierra los ojos bajo el sol durante la audiencia general semanal en la Plaza de San Pedro en el Vaticano.\" width=\"1200\" height=\"675\"\/><\/source><\/source><\/source><\/source><\/picture><\/div>\n<div class=\"info\">\n<div class=\"caption\">\n<p><span>El Papa Francisco es visto en la audiencia general semanal en la Plaza de San Pedro en el Vaticano.<\/span> <span>(Reuters\/Ciro De Luca\/Foto de archivo)<\/span><\/p>\n<\/div>\n<\/div>\n<\/div>\n<p>Francisco ha rechazado los murmullos sobre su renuncia. Escribi\u00f3 en una autobiograf\u00eda publicada el martes que se encuentra \u00abbien\u00bb.<\/p>\n<p>\u00abLa Iglesia se gobierna con la cabeza y el coraz\u00f3n, no con las piernas\u00bb, escribi\u00f3.<\/p>\n<p>La ca\u00edda se produce pocos d\u00edas despu\u00e9s de que el presidente Biden le entregara al Papa Francisco la Medalla de la Libertad, el mayor honor civil que se puede otorgar en los EE. UU. Sin embargo, el regalo se envi\u00f3 por tel\u00e9fono, ya que Biden cancel\u00f3 un viaje previamente planeado a Roma debido a la crisis de California. incendios forestales.<\/p>\n<div class=\"image-ct inline\">\n<div class=\"m\"><picture><source media=\"(max-width: 767px)\" srcset=\"https:\/\/a57.foxnews.com\/static.foxnews.com\/foxnews.com\/content\/uploads\/2024\/07\/343\/192\/Joe-Biden-Last-Photo_2.jpg?ve=1&amp;tl=1, https:\/\/a57.foxnews.com\/static.foxnews.com\/foxnews.com\/content\/uploads\/2024\/07\/686\/384\/Joe-Biden-Last-Photo_2.jpg?ve=1&amp;tl=1 2x\" height=\"192\" width=\"343\"><source media=\"(min-width: 768px) and (max-width: 1023px)\" srcset=\"https:\/\/a57.foxnews.com\/static.foxnews.com\/foxnews.com\/content\/uploads\/2024\/07\/672\/378\/Joe-Biden-Last-Photo_2.jpg?ve=1&amp;tl=1, https:\/\/a57.foxnews.com\/static.foxnews.com\/foxnews.com\/content\/uploads\/2024\/07\/1344\/756\/Joe-Biden-Last-Photo_2.jpg?ve=1&amp;tl=1 2x\" height=\"378\" width=\"672\"><source media=\"(min-width: 1024px) and (max-width: 1279px)\" srcset=\"https:\/\/a57.foxnews.com\/static.foxnews.com\/foxnews.com\/content\/uploads\/2024\/07\/931\/523\/Joe-Biden-Last-Photo_2.jpg?ve=1&amp;tl=1, https:\/\/a57.foxnews.com\/static.foxnews.com\/foxnews.com\/content\/uploads\/2024\/07\/1862\/1046\/Joe-Biden-Last-Photo_2.jpg?ve=1&amp;tl=1 2x\" height=\"523\" width=\"931\"><source media=\"(min-width: 1280px)\" srcset=\"https:\/\/a57.foxnews.com\/static.foxnews.com\/foxnews.com\/content\/uploads\/2024\/07\/720\/405\/Joe-Biden-Last-Photo_2.jpg?ve=1&amp;tl=1, https:\/\/a57.foxnews.com\/static.foxnews.com\/foxnews.com\/content\/uploads\/2024\/07\/1440\/810\/Joe-Biden-Last-Photo_2.jpg?ve=1&amp;tl=1 2x\" height=\"405\" width=\"720\"><img loading=\"lazy\" decoding=\"async\" src=\"https:\/\/a57.foxnews.com\/static.foxnews.com\/foxnews.com\/content\/uploads\/2024\/07\/1200\/675\/Joe-Biden-Last-Photo_2.jpg?ve=1&amp;tl=1\" alt=\"Joe Biden bajando del Air Force One\" width=\"1200\" height=\"675\"\/><\/source><\/source><\/source><\/source><\/picture><\/div>\n<div class=\"info\">\n<div class=\"caption\">\n<p><span>El presidente Joe Biden entreg\u00f3 una Medalla de la Libertad al Papa Francisco.<\/span> <span>(Susan Walsh\/AP)<\/span><\/p>\n<\/div>\n<\/div>\n<\/div>\n<p>En cambio, Biden otorg\u00f3 el premio al Papa durante una llamada telef\u00f3nica en la que tambi\u00e9n discutieron los esfuerzos para promover la paz y aliviar el sufrimiento en todo el mundo.<\/p>\n<p>\u00abEl Papa Francisco no se parece a ning\u00fan otro que lo haya precedido\u00bb, afirm\u00f3 <u>Casa Blanca <\/u><u>anuncio<\/u> lee. \u00abPor encima de todo, \u00e9l es el Papa del Pueblo: una luz de fe, esperanza y amor que brilla en todo el mundo\u00bb.<\/p>\n<p><strong><u>PRESIDENTE ELECTO TRUMP NOMBRA A UN CONSERVADOR COMO EMBAJADOR DEL VATICANO: &#8216;BENDICIONES Y RESPONSABILIDADES&#8217;<\/u><\/strong><\/p>\n<p>Fue la primera vez durante sus cuatro a\u00f1os en el cargo que <u>Biden <\/u><u>premiado<\/u> la medalla \u00abcon distinci\u00f3n\u00bb, dec\u00eda.<\/p>\n<div class=\"image-ct inline\">\n<div class=\"m\"><picture><source media=\"(max-width: 767px)\" srcset=\"https:\/\/a57.foxnews.com\/static.foxnews.com\/foxnews.com\/content\/uploads\/2025\/01\/343\/192\/hillary-clinton.jpg?ve=1&amp;tl=1, https:\/\/a57.foxnews.com\/static.foxnews.com\/foxnews.com\/content\/uploads\/2025\/01\/686\/384\/hillary-clinton.jpg?ve=1&amp;tl=1 2x\" height=\"192\" width=\"343\"><source media=\"(min-width: 768px) and (max-width: 1023px)\" srcset=\"https:\/\/a57.foxnews.com\/static.foxnews.com\/foxnews.com\/content\/uploads\/2025\/01\/672\/378\/hillary-clinton.jpg?ve=1&amp;tl=1, https:\/\/a57.foxnews.com\/static.foxnews.com\/foxnews.com\/content\/uploads\/2025\/01\/1344\/756\/hillary-clinton.jpg?ve=1&amp;tl=1 2x\" height=\"378\" width=\"672\"><source media=\"(min-width: 1024px) and (max-width: 1279px)\" srcset=\"https:\/\/a57.foxnews.com\/static.foxnews.com\/foxnews.com\/content\/uploads\/2025\/01\/931\/523\/hillary-clinton.jpg?ve=1&amp;tl=1, https:\/\/a57.foxnews.com\/static.foxnews.com\/foxnews.com\/content\/uploads\/2025\/01\/1862\/1046\/hillary-clinton.jpg?ve=1&amp;tl=1 2x\" height=\"523\" width=\"931\"><source media=\"(min-width: 1280px)\" srcset=\"https:\/\/a57.foxnews.com\/static.foxnews.com\/foxnews.com\/content\/uploads\/2025\/01\/720\/405\/hillary-clinton.jpg?ve=1&amp;tl=1, https:\/\/a57.foxnews.com\/static.foxnews.com\/foxnews.com\/content\/uploads\/2025\/01\/1440\/810\/hillary-clinton.jpg?ve=1&amp;tl=1 2x\" height=\"405\" width=\"720\"><img loading=\"lazy\" decoding=\"async\" src=\"https:\/\/a57.foxnews.com\/static.foxnews.com\/foxnews.com\/content\/uploads\/2025\/01\/1200\/675\/hillary-clinton.jpg?ve=1&amp;tl=1\" alt=\"Hillary Clinton sonr\u00ede\" width=\"1200\" height=\"675\"\/><\/source><\/source><\/source><\/source><\/picture><\/div>\n<div class=\"info\">\n<div class=\"caption\">\n<p><span>El presidente Joe Biden (derecha) entreg\u00f3 la Medalla Presidencial de la Libertad a varios destinatarios la semana pasada, incluida Hillary Clinton.<\/span> <span>(Foto AP\/Manuel Balce Ceneta)<\/span><\/p>\n<\/div>\n<\/div>\n<\/div>\n<p><strong><u>HAGA CLIC AQU\u00cd PARA OBTENER LA APLICACI\u00d3N FOX NEWS<\/u><\/strong><\/p>\n<p>Biden, de 82 a\u00f1os, dejar\u00e1 el cargo el 20 de enero. <u>cat\u00f3lico de toda la vida<\/u> Tambi\u00e9n ha recibido el premio con distinci\u00f3n, reconocido cuando era vicepresidente por el entonces presidente Barack Obama en una ceremonia sorpresa hace ocho a\u00f1os. Esa fue la \u00fanica vez en los dos mandatos de Obama que otorg\u00f3 esa versi\u00f3n de la medalla, seg\u00fan Associated Press.<\/p>\n<p> <!----> <\/p>\n<div class=\"article-meta\">\n<div class=\"author-bio\">\n<p>Anders Hagstrom es reportero de Fox News Digital que cubre la pol\u00edtica nacional y las principales noticias de \u00faltima hora. Env\u00ede sugerencias a Anders.Hagstrom@Fox.com, o en Twitter: @Hagstrom_Anders.<\/p>\n<\/div>\n<\/div><\/div>\n\n","protected":false},"excerpt":{"rendered":"<p>El brazo del Papa Francisco est\u00e1 en cabestrillo el jueves despu\u00e9s de que el Vaticano confirmara que result\u00f3 herido en una ca\u00edda, el segundo incidente de este tipo en cuesti\u00f3n de semanas. El Vaticano dijo que Francisco cay\u00f3 dentro de su residencia el jueves por la ma\u00f1ana y dijo que ahora usa un cabestrillo de &hellip;<\/p>\n","protected":false},"author":1,"featured_media":10692,"comment_status":"open","ping_status":"open","sticky":false,"template":"","format":"standard","meta":{"fifu_image_url":"https:\/\/static.foxnews.com\/foxnews.com\/content\/uploads\/2024\/06\/Pope-Francis-saint-peters-square.jpg","fifu_image_alt":"","footnotes":""},"categories":[13],"tags":[],"class_list":["post-10690","post","type-post","status-publish","format-standard","has-post-thumbnail","","category-mundo"],"_links":{"self":[{"href":"https:\/\/noticiasveraces.com\/index.php?rest_route=\/wp\/v2\/posts\/10690","targetHints":{"allow":["GET"]}}],"collection":[{"href":"https:\/\/noticiasveraces.com\/index.php?rest_route=\/wp\/v2\/posts"}],"about":[{"href":"https:\/\/noticiasveraces.com\/index.php?rest_route=\/wp\/v2\/types\/post"}],"author":[{"embeddable":true,"href":"https:\/\/noticiasveraces.com\/index.php?rest_route=\/wp\/v2\/users\/1"}],"replies":[{"embeddable":true,"href":"https:\/\/noticiasveraces.com\/index.php?rest_route=%2Fwp%2Fv2%2Fcomments&post=10690"}],"version-history":[{"count":0,"href":"https:\/\/noticiasveraces.com\/index.php?rest_route=\/wp\/v2\/posts\/10690\/revisions"}],"wp:featuredmedia":[{"embeddable":true,"href":"https:\/\/noticiasveraces.com\/index.php?rest_route=\/wp\/v2\/media\/10692"}],"wp:attachment":[{"href":"https:\/\/noticiasveraces.com\/index.php?rest_route=%2Fwp%2Fv2%2Fmedia&parent=10690"}],"wp:term":[{"taxonomy":"category","embeddable":true,"href":"https:\/\/noticiasveraces.com\/index.php?rest_route=%2Fwp%2Fv2%2Fcategories&post=10690"},{"taxonomy":"post_tag","embeddable":true,"href":"https:\/\/noticiasveraces.com\/index.php?rest_route=%2Fwp%2Fv2%2Ftags&post=10690"}],"curies":[{"name":"wp","href":"https:\/\/api.w.org\/{rel}","templated":true}]}}