{"id":10669,"date":"2025-01-16T10:47:48","date_gmt":"2025-01-16T14:47:48","guid":{"rendered":"https:\/\/noticiasveraces.com\/?p=10669"},"modified":"2025-01-16T10:47:48","modified_gmt":"2025-01-16T14:47:48","slug":"por-que-es-tan-dificil-hablar-por-celular-en-argentina","status":"publish","type":"post","link":"https:\/\/noticiasveraces.com\/?p=10669","title":{"rendered":"\u00bfPor qu\u00e9 es tan dif\u00edcil hablar por celular en Argentina?"},"content":{"rendered":"<p> \n<\/p>\n<div id=\"\">\n<figure class=\"bbc-1qn0xuy\">\n<div class=\"bbc-j1srjl\" style=\"padding-bottom:56.25%\"><img loading=\"lazy\" decoding=\"async\" srcset=\"https:\/\/ichef.bbci.co.uk\/ace\/ws\/240\/amz\/worldservice\/live\/assets\/images\/2014\/09\/15\/140915212611_cel_arg_getty_624.gif.webp 240w, https:\/\/ichef.bbci.co.uk\/ace\/ws\/320\/amz\/worldservice\/live\/assets\/images\/2014\/09\/15\/140915212611_cel_arg_getty_624.gif.webp 320w, https:\/\/ichef.bbci.co.uk\/ace\/ws\/480\/amz\/worldservice\/live\/assets\/images\/2014\/09\/15\/140915212611_cel_arg_getty_624.gif.webp 480w, https:\/\/ichef.bbci.co.uk\/ace\/ws\/624\/amz\/worldservice\/live\/assets\/images\/2014\/09\/15\/140915212611_cel_arg_getty_624.gif.webp 624w\" sizes=\"auto, (min-width: 1008px) 760px, 100vw\" alt=\"Con una poblaci\u00f3n de 40 millones, en Argentina hay 62 millones de l\u00edneas de tel\u00e9fonos celulares en servicio. (Foto: Getty)\" width=\"624\" height=\"351\" src=\"aspect-ratio:624 \/ 351\" class=\"bbc-139onq\"\/><\/p>\n<p class=\"bbc-by8ykd\" role=\"text\"><span class=\"bbc-m04vo2\">Fuente de la imagen, <\/span><span lang=\"en-GB\">Im\u00e1genes falsas<\/span><\/p>\n<\/div><figcaption class=\"bbc-15f1ujd\" dir=\"ltr\"><span role=\"text\"><span class=\"bbc-m04vo2\">pastel de foto, <\/span><span data-testid=\"caption-paragraph\">Con una poblaci\u00f3n de 40 millones, en Argentina hay 62 millones de l\u00edneas de tel\u00e9fonos celulares en servicio. (Foto: Getty)<\/span><\/span><\/figcaption><\/figure>\n<section role=\"region\" aria-labelledby=\"article-byline\" class=\"bbc-1vjaf6b\"><strong id=\"article-byline\" aria-hidden=\"true\" class=\"bbc-m04vo2\">Informaci\u00f3n del art\u00edculo<\/strong><\/p>\n<ul role=\"list\" class=\"bbc-1rvtlej\">\n<li><span role=\"text\"><span class=\"bbc-m04vo2\">Autor, <\/span><span class=\"bbc-1ypcc2\">Ver\u00f3nica Smink<\/span><\/span><\/li>\n<li><span role=\"text\"><span class=\"bbc-m04vo2\">T\u00edtulo del autor, <!-- --> <\/span><span class=\"bbc-1y5sx98\">BBC Mundo, Argentina<\/span><\/span><\/li>\n<li class=\"bbc-v8pmqw\">\n<p><time datetime=\"2014-09-16\" class=\"bbc-1dafq0j e1mklfmt0\">16 septiembre 2014<\/time><\/p>\n<\/li>\n<\/ul>\n<\/section>\n<div dir=\"ltr\" class=\"bbc-19j92fr ebmt73l0\">\n<p dir=\"ltr\" class=\"bbc-hhl7in e17g058b0\"><b>A comienzos de este siglo Argentina fue el primer pa\u00eds de Am\u00e9rica Latina en lograr el 100% de penetraci\u00f3n de la telefon\u00eda celular, es decir tantos m\u00f3viles como habitantes.<\/b><\/p>\n<\/div>\n<div dir=\"ltr\" class=\"bbc-19j92fr ebmt73l0\">\n<p dir=\"ltr\" class=\"bbc-hhl7in e17g058b0\">Hoy esa cifra sigue creciendo: con una poblaci\u00f3n de 40 millones hay 62 millones de l\u00edneas en servicio.<\/p>\n<\/div>\n<div dir=\"ltr\" class=\"bbc-19j92fr ebmt73l0\">\n<p dir=\"ltr\" class=\"bbc-hhl7in e17g058b0\">Sin embargo, tener un tel\u00e9fono y poder usarlo son dos cosas muy diferentes.<\/p>\n<\/div>\n<div dir=\"ltr\" class=\"bbc-19j92fr ebmt73l0\">\n<p dir=\"ltr\" class=\"bbc-hhl7in e17g058b0\">Cualquiera que haya querido llamar a alguien a un celular en Argentina habr\u00e1 notado lo dif\u00edcil que es comunicarse.<\/p>\n<\/div>\n<section aria-label=\"Publicidad 2\" aria-hidden=\"true\" role=\"region\" data-e2e=\"advertisement\" class=\"bbc-geybui\"\/>\n<div dir=\"ltr\" class=\"bbc-19j92fr ebmt73l0\">\n<p dir=\"ltr\" class=\"bbc-hhl7in e17g058b0\">Llamadas que no entran o que se cortan varias veces durante el di\u00e1logo son algo habitual en la vida de muchos argentinos.<\/p>\n<\/div>\n<div dir=\"ltr\" class=\"bbc-19j92fr ebmt73l0\">\n<p dir=\"ltr\" class=\"bbc-hhl7in e17g058b0\">Los expertos se\u00f1alan que los motivos son M\u00faltiples, pero uno de los principales es la escasa cantidad de espectro radioel\u00e9ctrico en uso, la cifra m\u00e1s baja de la regi\u00f3n, seg\u00fan los par\u00e1metros de la Uni\u00f3n Internacional de las Telecomunicaciones (UIT).<\/p>\n<\/div>\n<figure class=\"bbc-1qn0xuy\">\n<div class=\"bbc-j1srjl\" style=\"padding-bottom:56.25%\"><img decoding=\"async\" srcset=\"https:\/\/ichef.bbci.co.uk\/ace\/ws\/240\/amz\/worldservice\/live\/assets\/images\/2014\/09\/15\/140915212853_cel_arg_dos_getty_304.gif.webp 240w, https:\/\/ichef.bbci.co.uk\/ace\/ws\/304\/amz\/worldservice\/live\/assets\/images\/2014\/09\/15\/140915212853_cel_arg_dos_getty_304.gif.webp 304w\" sizes=\"auto, (min-width: 1008px) 760px, 100vw\" alt=\"La falta de espectro radioel\u00e9ctrico, antenas e inversi\u00f3n, complica las comunicaciones celulares. (Foto: Getty)\" loading=\"lazy\" width=\"304\" height=\"171\" src=\"aspect-ratio:304 \/ 171\" class=\"bbc-139onq\"\/><\/p>\n<p class=\"bbc-by8ykd\" role=\"text\"><span class=\"bbc-m04vo2\">Fuente de la imagen, <\/span><span lang=\"en-GB\">Im\u00e1genes falsas<\/span><\/p>\n<\/div><figcaption class=\"bbc-15f1ujd\" dir=\"ltr\"><span role=\"text\"><span class=\"bbc-m04vo2\">pastel de foto, <\/span><span data-testid=\"caption-paragraph\">La falta de espectro radioel\u00e9ctrico, antenas e inversi\u00f3n, complica las comunicaciones celulares. (Foto: Getty)<\/span><\/span><\/figcaption><\/figure>\n<div dir=\"ltr\" class=\"bbc-19j92fr ebmt73l0\">\n<p dir=\"ltr\" class=\"bbc-hhl7in e17g058b0\">\u00abA pesar de que la demanda de la telefon\u00eda celular se multiplic\u00f3 en los \u00faltimos a\u00f1os, el Estado argentino no ha otorgado espectro nuevo para comunicaciones desde 1998\u00bb, le dijo a BBC Mundo el experto en telecomunicaciones Enrique Carrier, de la consultora argentina Carrier y Asociados.<\/p>\n<\/div>\n<div dir=\"ltr\" class=\"bbc-19j92fr ebmt73l0\">\n<p dir=\"ltr\" class=\"bbc-hhl7in e17g058b0\">Este es el motivo por el cual Argentina es uno de los \u00fanicos pa\u00edses de la regi\u00f3n que a\u00fan no tiene redes celulares de cuarta generaci\u00f3n, o 4G, como se las conoce.<\/p>\n<\/div>\n<div dir=\"ltr\" class=\"bbc-19j92fr ebmt73l0\">\n<p dir=\"ltr\" class=\"bbc-hhl7in e17g058b0\">Pero esa no es la \u00fanica restricci\u00f3n que padecen los usuarios de celulares argentinos: en la naci\u00f3n sudamericana tambi\u00e9n hay un uso limitado de la tecnolog\u00eda anterior, el 3G.<\/p>\n<\/div>\n<div dir=\"ltr\" class=\"bbc-19j92fr ebmt73l0\">\n<p dir=\"ltr\" class=\"bbc-hhl7in e17g058b0\">Es que desde 2008 el Estado tiene reservado, sin uso, el 25% del espectro del 3G, lo que significa que los clientes de las tres principales empresas de telefon\u00eda celular del pa\u00eds, Movistar, Personal y Claro, solo pueden utilizar el 75% de las frecuencias, lo que ha hecho colapsar los servicios m\u00f3viles.<\/p>\n<\/div>\n<p><h2 id=\"M\u00e1s-espectro\" tabindex=\"-1\" class=\"bbc-1lgzob2 eglt09e0\">M\u00e1s espectro<\/h2>\n<\/p>\n<div dir=\"ltr\" class=\"bbc-19j92fr ebmt73l0\">\n<p dir=\"ltr\" class=\"bbc-hhl7in e17g058b0\">La buena noticia para los usuarios argentinos es que la situaci\u00f3n deber\u00eda mejorar pronto: el Estado licitar\u00e1 en noviembre el espectro 3G ocioso y tambi\u00e9n las frecuencias necesarias para desplegar la tecnolog\u00eda 4G.<\/p>\n<\/div>\n<div dir=\"ltr\" class=\"bbc-19j92fr ebmt73l0\">\n<p dir=\"ltr\" class=\"bbc-hhl7in e17g058b0\">El gobierno anunci\u00f3 que este jueves se conocer\u00e1n las ofertas de las empresas participantes.<\/p>\n<\/div>\n<div dir=\"ltr\" class=\"bbc-19j92fr ebmt73l0\">\n<p dir=\"ltr\" class=\"bbc-hhl7in e17g058b0\">Pero \u00bfpor qu\u00e9 se esperaba tanto para ampliar el espectro de las telef\u00f3nicas?<\/p>\n<\/div>\n<figure class=\"bbc-1qn0xuy\">\n<div class=\"bbc-j1srjl\" style=\"padding-bottom:56.25%\"><img decoding=\"async\" srcset=\"https:\/\/ichef.bbci.co.uk\/ace\/ws\/240\/amz\/worldservice\/live\/assets\/images\/2014\/09\/15\/140915212855_cel_arg_hombre_getty_624.gif.webp 240w, https:\/\/ichef.bbci.co.uk\/ace\/ws\/320\/amz\/worldservice\/live\/assets\/images\/2014\/09\/15\/140915212855_cel_arg_hombre_getty_624.gif.webp 320w, https:\/\/ichef.bbci.co.uk\/ace\/ws\/480\/amz\/worldservice\/live\/assets\/images\/2014\/09\/15\/140915212855_cel_arg_hombre_getty_624.gif.webp 480w, https:\/\/ichef.bbci.co.uk\/ace\/ws\/624\/amz\/worldservice\/live\/assets\/images\/2014\/09\/15\/140915212855_cel_arg_hombre_getty_624.gif.webp 624w\" sizes=\"auto, (min-width: 1008px) 760px, 100vw\" alt=\"El Estado licitar\u00e1 en noviembre el espectro 3G ocioso y tambi\u00e9n las frecuencias necesarias para desplegar la tecnolog\u00eda 4G (Foto: Getty).\" loading=\"lazy\" width=\"624\" height=\"351\" src=\"aspect-ratio:624 \/ 351\" class=\"bbc-139onq\"\/><\/p>\n<p class=\"bbc-by8ykd\" role=\"text\"><span class=\"bbc-m04vo2\">Fuente de la imagen, <\/span><span lang=\"en-GB\">Im\u00e1genes falsas<\/span><\/p>\n<\/div><figcaption class=\"bbc-15f1ujd\" dir=\"ltr\"><span role=\"text\"><span class=\"bbc-m04vo2\">pastel de foto, <\/span><span data-testid=\"caption-paragraph\">El Estado licitar\u00e1 en noviembre el espectro 3G ocioso y tambi\u00e9n las frecuencias necesarias para desplegar la tecnolog\u00eda 4G (Foto: Getty).<\/span><\/span><\/figcaption><\/figure>\n<div dir=\"ltr\" class=\"bbc-19j92fr ebmt73l0\">\n<p dir=\"ltr\" class=\"bbc-hhl7in e17g058b0\">Seg\u00fan Carrier, hubo una mezcla de \u00abdejadez\u00bb y de presiones pol\u00edticas y econ\u00f3micas por parte de los grupos interesados \u200b\u200ben participar en este millonario negocio, que retrasaron el proceso.<\/p>\n<\/div>\n<div dir=\"ltr\" class=\"bbc-19j92fr ebmt73l0\">\n<p dir=\"ltr\" class=\"bbc-hhl7in e17g058b0\">Esta no es la primera vez que el Estado argentino abre una licitaci\u00f3n para asignar espectro: ya lo hizo en 2012, cuando la llegada de los <i class=\"bbc-h1y5j7 eih42320\">tel\u00e9fonos inteligentes<\/i> (tel\u00e9fonos inteligentes) provoc\u00f3 una explosi\u00f3n en la demanda de la telefon\u00eda 3G.<\/p>\n<\/div>\n<div dir=\"ltr\" class=\"bbc-19j92fr ebmt73l0\">\n<p dir=\"ltr\" class=\"bbc-hhl7in e17g058b0\">Sin embargo el propio gobierno decidi\u00f3 anular el proceso.<\/p>\n<\/div>\n<div dir=\"ltr\" class=\"bbc-19j92fr ebmt73l0\">\n<p dir=\"ltr\" class=\"bbc-hhl7in e17g058b0\">El ministro de Planificaci\u00f3n Federal, Julio De Vido, explic\u00f3 que s\u00f3lo una empresa, Claro (del magnate mexicano Carlos Slim), estaba \u00aben condiciones patrimoniales y financieras\u00bb de adjudicarse las frecuencias.<\/p>\n<\/div>\n<div dir=\"ltr\" class=\"bbc-19j92fr ebmt73l0\">\n<p dir=\"ltr\" class=\"bbc-hhl7in e17g058b0\">Y seg\u00fan el funcionario, entregarle m\u00e1s licencias a este operador generado hubiera \u00abconcentraci\u00f3n\u00bb.<\/p>\n<\/div>\n<p><h2 id=\"Librear\" tabindex=\"-1\" class=\"bbc-1lgzob2 eglt09e0\">Libre.ar<\/h2>\n<\/p>\n<div dir=\"ltr\" class=\"bbc-19j92fr ebmt73l0\">\n<p dir=\"ltr\" class=\"bbc-hhl7in e17g058b0\">\u00abNo queremos generar monopolios\u00bb, justific\u00f3 De Vido, quien anunci\u00f3 que el gobierno usar\u00eda esas frecuencias para crear una empresa estatal de telefon\u00eda m\u00f3vil, que se llamar\u00eda Libre.ar.<\/p>\n<\/div>\n<div dir=\"ltr\" class=\"bbc-19j92fr ebmt73l0\">\n<p dir=\"ltr\" class=\"bbc-hhl7in e17g058b0\">Pero a pesar del anuncio, realizado oficialmente por la presidenta Cristina Fern\u00e1ndez de Kirchner durante un acto en diciembre de 2012, lo cierto es que pasaron los a\u00f1os y la empresa estatal nunca se lanz\u00f3.<\/p>\n<\/div>\n<figure class=\"bbc-1qn0xuy\">\n<div class=\"bbc-j1srjl\" style=\"padding-bottom:56.25%\"><img decoding=\"async\" srcset=\"https:\/\/ichef.bbci.co.uk\/ace\/ws\/240\/amz\/worldservice\/live\/assets\/images\/2014\/09\/15\/140915212851_cel_arg_celu_getty_624.gif.webp 240w, https:\/\/ichef.bbci.co.uk\/ace\/ws\/320\/amz\/worldservice\/live\/assets\/images\/2014\/09\/15\/140915212851_cel_arg_celu_getty_624.gif.webp 320w, https:\/\/ichef.bbci.co.uk\/ace\/ws\/480\/amz\/worldservice\/live\/assets\/images\/2014\/09\/15\/140915212851_cel_arg_celu_getty_624.gif.webp 480w, https:\/\/ichef.bbci.co.uk\/ace\/ws\/624\/amz\/worldservice\/live\/assets\/images\/2014\/09\/15\/140915212851_cel_arg_celu_getty_624.gif.webp 624w\" sizes=\"auto, (min-width: 1008px) 760px, 100vw\" alt=\"&quot;Este es un pa\u00eds muy extenso y por lo tanto la problem\u00e1tica de la comunicaci\u00f3n no es la misma que en pa\u00edses m\u00e1s peque\u00f1os, como Uruguay o los pa\u00edses europeos.&quot;se defiende el gobierno (Foto: Getty).\" loading=\"lazy\" width=\"624\" height=\"351\" src=\"aspect-ratio:624 \/ 351\" class=\"bbc-139onq\"\/><\/p>\n<p class=\"bbc-by8ykd\" role=\"text\"><span class=\"bbc-m04vo2\">Fuente de la imagen, <\/span><span lang=\"en-GB\">Im\u00e1genes falsas<\/span><\/p>\n<\/div><figcaption class=\"bbc-15f1ujd\" dir=\"ltr\"><span role=\"text\"><span class=\"bbc-m04vo2\">pastel de foto, <\/span><span data-testid=\"caption-paragraph\">\u00abEste es un pa\u00eds muy extenso y por lo tanto la problem\u00e1tica de la comunicaci\u00f3n no es la misma que en pa\u00edses m\u00e1s peque\u00f1os, como Uruguay o los pa\u00edses europeos\u00bb, se defiende el gobierno (Foto: Getty).<\/span><\/span><\/figcaption><\/figure>\n<div dir=\"ltr\" class=\"bbc-19j92fr ebmt73l0\">\n<p dir=\"ltr\" class=\"bbc-hhl7in e17g058b0\">As\u00ed, mientras la cantidad de l\u00edneas se multiplicaba por ocho en una d\u00e9cada, las redes radioel\u00e9ctricas no s\u00f3lo segu\u00edan siendo las mismas que hab\u00eda en el siglo XX, sino que hab\u00eda un 25% menos.<\/p>\n<\/div>\n<div dir=\"ltr\" class=\"bbc-19j92fr ebmt73l0\">\n<p dir=\"ltr\" class=\"bbc-hhl7in e17g058b0\">Finalmente, en mayo de este a\u00f1o, De Vido, el ministro de Econom\u00eda, Axel Kicillof, y el secretario de Comunicaciones, Norberto Berner, anunciaron que se licitar\u00e1n las frecuencias de 4G y las restantes de 3G que siguen sin uso.<\/p>\n<\/div>\n<div dir=\"ltr\" class=\"bbc-19j92fr ebmt73l0\">\n<p dir=\"ltr\" class=\"bbc-hhl7in e17g058b0\">Berner explic\u00f3 a BBC Mundo que el gobierno decidi\u00f3 descartar el proyecto de Libre.ar por una cuesti\u00f3n de \u00abtiempo, practicidad y costos\u00bb, y dijo que la licitaci\u00f3n de noviembre resultar\u00e1 en una mejor\u00eda en la calidad y cobertura del servicio.<\/p>\n<\/div>\n<p><h2 id=\"Antenas\" tabindex=\"-1\" class=\"bbc-1lgzob2 eglt09e0\">antenas<\/h2>\n<\/p>\n<div dir=\"ltr\" class=\"bbc-19j92fr ebmt73l0\">\n<p dir=\"ltr\" class=\"bbc-hhl7in e17g058b0\">El funcionario destac\u00f3, sin embargo, que la falta de espectro es s\u00f3lo una de las causas de las deficiencias del sistema.<\/p>\n<\/div>\n<div dir=\"ltr\" class=\"bbc-19j92fr ebmt73l0\">\n<p dir=\"ltr\" class=\"bbc-hhl7in e17g058b0\">\u00abEl espectro es hasta un tema secundario si uno tiene una cantidad suficiente de antenas\u00bb, se\u00f1al\u00f3 el secretario, quien estim\u00f3 que Argentina tiene unas 15.000 antenas y radiobases, una cifra muy por debajo de la cantidad ideal.<\/p>\n<\/div>\n<div dir=\"ltr\" class=\"bbc-19j92fr ebmt73l0\">\n<p dir=\"ltr\" class=\"bbc-hhl7in e17g058b0\">\u00abEste es un pa\u00eds muy extenso y por lo tanto la problem\u00e1tica de la comunicaci\u00f3n no es la misma que en pa\u00edses m\u00e1s peque\u00f1os, como Uruguay o los pa\u00edses europeos\u00bb, afirm\u00f3.<\/p>\n<\/div>\n<figure class=\"bbc-1qn0xuy\">\n<div class=\"bbc-j1srjl\" style=\"padding-bottom:56.25%\"><img decoding=\"async\" srcset=\"https:\/\/ichef.bbci.co.uk\/ace\/ws\/240\/amz\/worldservice\/live\/assets\/images\/2014\/09\/15\/140915212857_cel_arg_monaco_getty_624.gif.webp 240w, https:\/\/ichef.bbci.co.uk\/ace\/ws\/320\/amz\/worldservice\/live\/assets\/images\/2014\/09\/15\/140915212857_cel_arg_monaco_getty_624.gif.webp 320w, https:\/\/ichef.bbci.co.uk\/ace\/ws\/480\/amz\/worldservice\/live\/assets\/images\/2014\/09\/15\/140915212857_cel_arg_monaco_getty_624.gif.webp 480w, https:\/\/ichef.bbci.co.uk\/ace\/ws\/624\/amz\/worldservice\/live\/assets\/images\/2014\/09\/15\/140915212857_cel_arg_monaco_getty_624.gif.webp 624w\" sizes=\"auto, (min-width: 1008px) 760px, 100vw\" alt=\"Voceros de Movistar, Personal y Claro destacaron que en 2014 aumentaron sus inversiones en un 42% con respecto al a\u00f1o anterior (Foto: Getty).\" loading=\"lazy\" width=\"624\" height=\"351\" src=\"aspect-ratio:624 \/ 351\" class=\"bbc-139onq\"\/><\/p>\n<p class=\"bbc-by8ykd\" role=\"text\"><span class=\"bbc-m04vo2\">Fuente de la imagen, <\/span><span lang=\"en-GB\">Im\u00e1genes falsas<\/span><\/p>\n<\/div><figcaption class=\"bbc-15f1ujd\" dir=\"ltr\"><span role=\"text\"><span class=\"bbc-m04vo2\">pastel de foto, <\/span><span data-testid=\"caption-paragraph\">Voceros de Movistar, Personal y Claro destacaron que en 2014 aumentaron sus inversiones en un 42% con respecto al a\u00f1o anterior (Foto: Getty).<\/span><\/span><\/figcaption><\/figure>\n<div dir=\"ltr\" class=\"bbc-19j92fr ebmt73l0\">\n<p dir=\"ltr\" class=\"bbc-hhl7in e17g058b0\">A diferencia del espectro, que es controlado por el Estado, la colocaci\u00f3n de antenas es potestad de los municipios, aunque son las empresas las que las instalan en cada barrio.<\/p>\n<\/div>\n<div dir=\"ltr\" class=\"bbc-19j92fr ebmt73l0\">\n<p dir=\"ltr\" class=\"bbc-hhl7in e17g058b0\">Esto ha hecho que la situaci\u00f3n sea muy dis\u00edmil en distintas partes del pa\u00eds, y que en algunos vecindarios haya \u00abagujeros negros\u00bb donde es imposible hacer una llamada o conectarse al sistema.<\/p>\n<\/div>\n<div dir=\"ltr\" class=\"bbc-19j92fr ebmt73l0\">\n<p dir=\"ltr\" class=\"bbc-hhl7in e17g058b0\">\u00abLa capacidad de una red inal\u00e1mbrica est\u00e1 dada por una f\u00f3rmula que combina la cantidad de espectro y la densidad de antenas\u00bb, explic\u00f3 Carrier, quien dijo que la baja cantidad de antenas en muchos lados tambi\u00e9n tiene relaci\u00f3n con temores \u201cinfundados\u201d de los vecinos. sobre posibles efectos sobre la salud.<\/p>\n<\/div>\n<div dir=\"ltr\" class=\"bbc-19j92fr ebmt73l0\">\n<p dir=\"ltr\" class=\"bbc-hhl7in e17g058b0\">\u00abSi por nosotros fuera duplicar\u00edamos la red\u00bb, asegur\u00f3 Berner, quien resalt\u00f3, sin embargo, que en 2013 se instal\u00f3 un 92% m\u00e1s de radiobases que el promedio hist\u00f3rico.<\/p>\n<\/div>\n<p><h2 id=\"Las-empresas\" tabindex=\"-1\" class=\"bbc-1lgzob2 eglt09e0\">las empresas<\/h2>\n<\/p>\n<div dir=\"ltr\" class=\"bbc-19j92fr ebmt73l0\">\n<p dir=\"ltr\" class=\"bbc-hhl7in e17g058b0\">Los expertos y los funcionarios coinciden en que la \u00abtercera pata\u00bb para explicar los problemas de telefon\u00eda m\u00f3vil en Argentina durante los \u00faltimos a\u00f1os fue la falta de inversi\u00f3n de las telef\u00f3nicas.<\/p>\n<\/div>\n<div dir=\"ltr\" class=\"bbc-19j92fr ebmt73l0\">\n<p dir=\"ltr\" class=\"bbc-hhl7in e17g058b0\">Seg\u00fan el secretario de Comunicaciones, cuando la telefon\u00eda m\u00f3vil comenz\u00f3 a \u00abcrecer exponencialmente\u00bb en 2009, se empez\u00f3 a observar \u00abun corrimiento de la cantidad de tel\u00e9fonos celulares contra las inversiones\u00bb.<\/p>\n<\/div>\n<div dir=\"ltr\" class=\"bbc-19j92fr ebmt73l0\">\n<p dir=\"ltr\" class=\"bbc-hhl7in e17g058b0\">Berner se\u00f1al\u00f3 que este fue uno de los motivos por los cuales se aplaz\u00f3 la licitaci\u00f3n del 4G.<\/p>\n<\/div>\n<div dir=\"ltr\" class=\"bbc-19j92fr ebmt73l0\">\n<p dir=\"ltr\" class=\"bbc-hhl7in e17g058b0\">\u00abLas inversiones estaban retrasadas, en especial en infraestructura, y las empresas quer\u00edan resolver los problemas con m\u00e1s espectro, en vez de invertir\u00bb, afirm\u00f3.<\/p>\n<\/div>\n<div dir=\"ltr\" class=\"bbc-19j92fr ebmt73l0\">\n<p dir=\"ltr\" class=\"bbc-hhl7in e17g058b0\">Voceros de Movistar, Personal y Claro negaron las acusaciones y destacaron que en 2014 aumentaron sus inversiones en un 42% con respecto al a\u00f1o anterior, una cifra que fue bien recibida por el gobierno.<\/p>\n<\/div>\n<figure class=\"bbc-1qn0xuy\">\n<div class=\"bbc-j1srjl\" style=\"padding-bottom:56.25%\"><img decoding=\"async\" srcset=\"https:\/\/ichef.bbci.co.uk\/ace\/ws\/240\/amz\/worldservice\/live\/assets\/images\/2014\/09\/15\/140915212859_cel_arg_qnosecorte_624.gif.webp 240w, https:\/\/ichef.bbci.co.uk\/ace\/ws\/320\/amz\/worldservice\/live\/assets\/images\/2014\/09\/15\/140915212859_cel_arg_qnosecorte_624.gif.webp 320w, https:\/\/ichef.bbci.co.uk\/ace\/ws\/480\/amz\/worldservice\/live\/assets\/images\/2014\/09\/15\/140915212859_cel_arg_qnosecorte_624.gif.webp 480w, https:\/\/ichef.bbci.co.uk\/ace\/ws\/624\/amz\/worldservice\/live\/assets\/images\/2014\/09\/15\/140915212859_cel_arg_qnosecorte_624.gif.webp 624w\" sizes=\"auto, (min-width: 1008px) 760px, 100vw\" alt=\"La secretaria de Comunicaci\u00f3n cre\u00f3 el portal &quot;Que no se corte&quot;en donde alientan a los clientes a comparar costos, cobertura y calidad de los operadores.\" loading=\"lazy\" width=\"624\" height=\"351\" src=\"aspect-ratio:624 \/ 351\" class=\"bbc-139onq\"\/><\/p>\n<p class=\"bbc-by8ykd\" role=\"text\"><span class=\"bbc-m04vo2\">Fuente de la imagen, <\/span><span lang=\"en-GB\">Im\u00e1genes falsas<\/span><\/p>\n<\/div><figcaption class=\"bbc-15f1ujd\" dir=\"ltr\"><span role=\"text\"><span class=\"bbc-m04vo2\">pastel de foto, <\/span><span data-testid=\"caption-paragraph\">La secretar\u00eda de Comunicaci\u00f3n cre\u00f3 el portal \u00abQue no se corte\u00bb, en donde alientan a los clientes a comparar costos, cobertura y calidad de los operadores.<\/span><\/span><\/figcaption><\/figure>\n<div dir=\"ltr\" class=\"bbc-19j92fr ebmt73l0\">\n<p dir=\"ltr\" class=\"bbc-hhl7in e17g058b0\">Quienes no celebraron tanto fueron los millones de clientes de las empresas, que a pesar de padecer un servicio con much\u00edsimas deficiencias vienen pagando importantes aumentos en sus tarifas en los \u00faltimos a\u00f1os.<\/p>\n<\/div>\n<div dir=\"ltr\" class=\"bbc-19j92fr ebmt73l0\">\n<p dir=\"ltr\" class=\"bbc-hhl7in e17g058b0\">Las quejas sobre la telefon\u00eda celular encabezan hace tiempo el ranking de reclamos de asociaciones de consumidores en todo el pa\u00eds.<\/p>\n<\/div>\n<div dir=\"ltr\" class=\"bbc-19j92fr ebmt73l0\">\n<p dir=\"ltr\" class=\"bbc-hhl7in e17g058b0\">Para canalizar los reclamos y empoderar a los usuarios, la secretar\u00eda de Comunicaci\u00f3n cre\u00f3 un portal llamado \u00abQue no se corte\u00bb, en donde alientan a los clientes de telefon\u00eda m\u00f3vil a comparar los costos, la cobertura y la calidad de los operadores.<\/p>\n<\/div>\n<div dir=\"ltr\" class=\"bbc-19j92fr ebmt73l0\">\n<p dir=\"ltr\" class=\"bbc-hhl7in e17g058b0\">Pero a pesar del descontento, son pocos los argentinos que cambian de proveedora.<\/p>\n<\/div>\n<div dir=\"ltr\" class=\"bbc-19j92fr ebmt73l0\">\n<p dir=\"ltr\" class=\"bbc-hhl7in e17g058b0\">Muchos saben que los problemas aquejan a todas las empresas, lo que los desincentiva de enfrentar el engorroso proceso de cambio.<\/p>\n<\/div>\n<div dir=\"ltr\" class=\"bbc-19j92fr ebmt73l0\">\n<p dir=\"ltr\" class=\"bbc-hhl7in e17g058b0\">Sin embargo eso podr\u00eda cambiar a partir de 2015, cuando el aumento de espectro, antenas e inversi\u00f3n prometen mejorar sensiblemente el panorama, poniendo a la Argentina a la par de sus vecinos en telefon\u00eda celular.<\/p>\n<\/div>\n<\/div>\n\n","protected":false},"excerpt":{"rendered":"<p>Fuente de la imagen, Im\u00e1genes falsas pastel de foto, Con una poblaci\u00f3n de 40 millones, en Argentina hay 62 millones de l\u00edneas de tel\u00e9fonos celulares en servicio. (Foto: Getty) Informaci\u00f3n del art\u00edculo Autor, Ver\u00f3nica Smink T\u00edtulo del autor, BBC Mundo, Argentina 16 septiembre 2014 A comienzos de este siglo Argentina fue el primer pa\u00eds de &hellip;<\/p>\n","protected":false},"author":1,"featured_media":10670,"comment_status":"open","ping_status":"open","sticky":false,"template":"","format":"standard","meta":{"fifu_image_url":"https:\/\/ichef.bbci.co.uk\/news\/1024\/branded_mundo\/worldservice\/live\/assets\/images\/2014\/09\/15\/140915212604_cel_arg_getty_112.gif","fifu_image_alt":"","footnotes":""},"categories":[2],"tags":[],"class_list":["post-10669","post","type-post","status-publish","format-standard","has-post-thumbnail","","category-tecnologia"],"_links":{"self":[{"href":"https:\/\/noticiasveraces.com\/index.php?rest_route=\/wp\/v2\/posts\/10669","targetHints":{"allow":["GET"]}}],"collection":[{"href":"https:\/\/noticiasveraces.com\/index.php?rest_route=\/wp\/v2\/posts"}],"about":[{"href":"https:\/\/noticiasveraces.com\/index.php?rest_route=\/wp\/v2\/types\/post"}],"author":[{"embeddable":true,"href":"https:\/\/noticiasveraces.com\/index.php?rest_route=\/wp\/v2\/users\/1"}],"replies":[{"embeddable":true,"href":"https:\/\/noticiasveraces.com\/index.php?rest_route=%2Fwp%2Fv2%2Fcomments&post=10669"}],"version-history":[{"count":0,"href":"https:\/\/noticiasveraces.com\/index.php?rest_route=\/wp\/v2\/posts\/10669\/revisions"}],"wp:featuredmedia":[{"embeddable":true,"href":"https:\/\/noticiasveraces.com\/index.php?rest_route=\/wp\/v2\/media\/10670"}],"wp:attachment":[{"href":"https:\/\/noticiasveraces.com\/index.php?rest_route=%2Fwp%2Fv2%2Fmedia&parent=10669"}],"wp:term":[{"taxonomy":"category","embeddable":true,"href":"https:\/\/noticiasveraces.com\/index.php?rest_route=%2Fwp%2Fv2%2Fcategories&post=10669"},{"taxonomy":"post_tag","embeddable":true,"href":"https:\/\/noticiasveraces.com\/index.php?rest_route=%2Fwp%2Fv2%2Ftags&post=10669"}],"curies":[{"name":"wp","href":"https:\/\/api.w.org\/{rel}","templated":true}]}}