{"id":10662,"date":"2025-01-16T09:21:21","date_gmt":"2025-01-16T13:21:21","guid":{"rendered":"https:\/\/noticiasveraces.com\/?p=10662"},"modified":"2025-01-16T09:21:21","modified_gmt":"2025-01-16T13:21:21","slug":"francia-anuncia-medidas-de-reciprocidad-contra-venezuela-dw-16-01-2025","status":"publish","type":"post","link":"https:\/\/noticiasveraces.com\/?p=10662","title":{"rendered":"Francia anuncia \u201cmedidas de reciprocidad\u201d contra Venezuela \u2013 DW \u2013 16\/01\/2025"},"content":{"rendered":"<p> \n<\/p>\n<div>\n<p>La canciller\u00eda francesa anunci\u00f3 este jueves (16.01.2025) que tomar\u00e1 \u00abmedidas de reciprocidad\u00bb contra Venezuela por limitar a tres sus diplom\u00e1ticos en el pa\u00eds sudamericano. A trav\u00e9s de un comunicado, el Ministerio de Exteriores tambi\u00e9n inform\u00f3 que el mi\u00e9rcoles fue convocado el encargado de negocios venezolano, debido a \u00abla decisi\u00f3n del r\u00e9gimen de reducir el dispositivo diplom\u00e1tico de la embajada\u201d.<\/p>\n<p>\u00abFrancia rechaza categ\u00f3ricamente las acusaciones de injerencia formuladas en su contra\u201d y \u00abtomar\u00e1, a nivel nacional, todas las medidas de reciprocidad que considere necesarias\u201d, asegur\u00f3 la canciller\u00eda. Adem\u00e1s dijo estar en contacto con los otros pa\u00edses europeos tambi\u00e9n afectados por esas limitaciones impuestas por Caracas, que las justific\u00f3 por una \u00abconducta hostil\u00bb y por el apoyo a \u00abgrupos extremistas\u00bb.<\/p>\n<p>Caracas decidi\u00f3 el martes limitar a tres por pa\u00eds el n\u00famero de diplom\u00e1ticos de Francia, Pa\u00edses Bajos e Italia autorizados en Venezuela. La decisi\u00f3n se adopt\u00f3 d\u00edas despu\u00e9s de la investidura del presidente venezolano, Nicol\u00e1s Maduro, para un tercer mandato consecutivo luego de unas elecciones consideradas como fraudulentas por parte de la comunidad internacional.<\/p>\n<h2>Reacci\u00f3n de Pa\u00edses Bajos e Italia<\/h2>\n<p>Francia insisti\u00f3 en que busca \u00abmantener un di\u00e1logo con el conjunto de las partes para facilitar una salida de crisis pac\u00edfica\u00bb, e hizo hincapi\u00e9 en que el trabajo de sus diplom\u00e1ticos \u00abal servicio de cooperaciones bilaterales importantes, como en el terreno de la seguridad, de la cultura o el humanitario, se lleva a cabo plenamente en el marco de las convenciones de Viena\u00bb que regulan la actividad diplom\u00e1tica y consular.<\/p>\n<p>Ya el martes Pa\u00edses Bajos hab\u00eda respondido ordenando a Venezuela eliminar dos de cuatro puestos diplom\u00e1ticos en el pa\u00eds, mientras que Italia convoc\u00f3 ese mismo d\u00eda al encargado de negocios venezolano en Roma para \u00abprotestar firmemente\u00bb por la decisi\u00f3n. La Uni\u00f3n Europea, bloque al que pertenecen los tres pa\u00edses, lament\u00f3 \u00abprofundamente\u00bb lo sucedido y pidi\u00f3 a Venezuela revocar \u00abde inmediato\u00bb una orden que, a su juicio, solo sirve para \u00abprofundizar\u00bb su \u00abaislamiento internacional\u00bb.<\/p>\n<p>DZC (EFE, AFP)<\/p>\n<\/div>\n\n","protected":false},"excerpt":{"rendered":"<p>La canciller\u00eda francesa anunci\u00f3 este jueves (16.01.2025) que tomar\u00e1 \u00abmedidas de reciprocidad\u00bb contra Venezuela por limitar a tres sus diplom\u00e1ticos en el pa\u00eds sudamericano. A trav\u00e9s de un comunicado, el Ministerio de Exteriores tambi\u00e9n inform\u00f3 que el mi\u00e9rcoles fue convocado el encargado de negocios venezolano, debido a \u00abla decisi\u00f3n del r\u00e9gimen de reducir el dispositivo &hellip;<\/p>\n","protected":false},"author":1,"featured_media":10663,"comment_status":"open","ping_status":"open","sticky":false,"template":"","format":"standard","meta":{"fifu_image_url":"https:\/\/static.dw.com\/image\/71270438_6.jpg","fifu_image_alt":"","footnotes":""},"categories":[13],"tags":[],"class_list":["post-10662","post","type-post","status-publish","format-standard","has-post-thumbnail","","category-mundo"],"_links":{"self":[{"href":"https:\/\/noticiasveraces.com\/index.php?rest_route=\/wp\/v2\/posts\/10662","targetHints":{"allow":["GET"]}}],"collection":[{"href":"https:\/\/noticiasveraces.com\/index.php?rest_route=\/wp\/v2\/posts"}],"about":[{"href":"https:\/\/noticiasveraces.com\/index.php?rest_route=\/wp\/v2\/types\/post"}],"author":[{"embeddable":true,"href":"https:\/\/noticiasveraces.com\/index.php?rest_route=\/wp\/v2\/users\/1"}],"replies":[{"embeddable":true,"href":"https:\/\/noticiasveraces.com\/index.php?rest_route=%2Fwp%2Fv2%2Fcomments&post=10662"}],"version-history":[{"count":0,"href":"https:\/\/noticiasveraces.com\/index.php?rest_route=\/wp\/v2\/posts\/10662\/revisions"}],"wp:featuredmedia":[{"embeddable":true,"href":"https:\/\/noticiasveraces.com\/index.php?rest_route=\/wp\/v2\/media\/10663"}],"wp:attachment":[{"href":"https:\/\/noticiasveraces.com\/index.php?rest_route=%2Fwp%2Fv2%2Fmedia&parent=10662"}],"wp:term":[{"taxonomy":"category","embeddable":true,"href":"https:\/\/noticiasveraces.com\/index.php?rest_route=%2Fwp%2Fv2%2Fcategories&post=10662"},{"taxonomy":"post_tag","embeddable":true,"href":"https:\/\/noticiasveraces.com\/index.php?rest_route=%2Fwp%2Fv2%2Ftags&post=10662"}],"curies":[{"name":"wp","href":"https:\/\/api.w.org\/{rel}","templated":true}]}}