{"id":10631,"date":"2025-01-16T04:57:41","date_gmt":"2025-01-16T08:57:41","guid":{"rendered":"https:\/\/noticiasveraces.com\/?p=10631"},"modified":"2025-01-16T04:57:41","modified_gmt":"2025-01-16T08:57:41","slug":"no-soy-el-mejor-pero-tampoco-soy-el-mas-tonto","status":"publish","type":"post","link":"https:\/\/noticiasveraces.com\/?p=10631","title":{"rendered":"\u00abNo soy el mejor, pero tampoco soy el m\u00e1s tonto\u00bb"},"content":{"rendered":"<p> \n<\/p>\n<div id=\"intext\">\n<p>El entrenador del Real Madrid, Carlo Ancelotti, respondi\u00f3 este mi\u00e9rcoles a las cr\u00edticas tras la <b>derrota en la final de la Supercopa de Espa\u00f1a por 2-5 ante el Barcelona<\/b>.<\/p>\n<blockquote class=\"blockquote \">\n<p class=\"blockquote__quote\">\u00abEsto es una rueda de prensa y no es un debate. El debate ya lo hemos hecho mi cuerpo t\u00e9cnico y mis jugadores\u00bb<\/p>\n<\/blockquote>\n<p>\u00abNo sigo la onda de la cr\u00edtica, un d\u00eda eres el mejor del mundo, el otro d\u00eda eres el m\u00e1s tonto. Afortunadamente, tengo el equilibrio necesario que me ha dado la experiencia en el f\u00fatbol. Porque si t\u00fa sigues esta onda, no sabes Qui\u00e9n eres. Eres el mejor o el m\u00e1s tonto. Yo pienso que no soy el mejor, pero tampoco pienso que soy el m\u00e1s tonto\u00bb, expres\u00f3 en la rueda de prensa previa al duelo de octavos de Copa del Rey ante el Celta de Vigo.<\/p>\n<p>El italiano lleg\u00f3 a la sala de prensa de Valdebebas con rostro serio en una rueda de prensa no tan relajada como acostumbra el de Reggiolo. \u00abEsto es una rueda de prensa y no es un debate. El debate ya lo hemos hecho mi cuerpo t\u00e9cnico y mis jugadores para buscar la mejor soluci\u00f3n posible. Abrir un debate aqu\u00ed no me parece el sitio m\u00e1s indicado\u00bb, se defendi\u00f3 el de Reggiolo. .<\/p>\n<p>\u00abA m\u00ed no me molesta nada, porque el equipo est\u00e1 bien trabajado, trabajamos todos los d\u00edas, estamos concentrados, enchufados en nuestro trabajo, como siempre. Entonces, no me molesta, porque no es la verdad\u00bb, abund\u00f3 sobre las cr\u00edticas por 2 -5 en la final de la Supercopa de Espa\u00f1a el pasado domingo ante el FC Barcelona.<\/p>\n<h2 class=\"title-h2\">\u00abUn paso atr\u00e1s\u00bb<\/h2>\n<p>El madridista admiti\u00f3 que la derrota \u00abes un paso atr\u00e1s\u00bb, aunque advirti\u00f3 que deben \u00abseguir adelante\u00bb: \u00abEstamos en todas las competiciones, bien posicionados, obviamente ha sido un mal partido, hicimos un mont\u00f3n de errores, lo hemos evaluado, valorado , busc\u00f3 la soluci\u00f3n. Tenemos que seguir adelante, comenzando con el partido de ma\u00f1ana\u00bb.<\/p>\n<p>\u00abLa falta de compromiso es una falta de compromiso colectivo, no es un compromiso individual. La evaluaci\u00f3n del partido ha sido un mal partido a nivel defensivo en todas las l\u00edneas. Nada m\u00e1s que a\u00f1adir\u00bb, analiz\u00f3 como la raz\u00f3n de la goleada cul\u00e9.<\/p>\n<p>Asegur\u00f3 Ancelotti que la plantilla est\u00e1 \u00abdolida\u00bb, aunque tambi\u00e9n record\u00f3 que ya han ganado \u00abmuchas finales\u00bb: \u00abA veces, tienes que pagar la cuenta, y la pagamos en el partido del otro d\u00eda. Ha sido una cuenta cara, pero ha sido un partido. Todo el mundo puede opinar. Yo sigo confiando, total confianza en mis jugadores, sobre todo, en este momento que no est\u00e1n sacando su mejor versi\u00f3n\u00bb.<\/p>\n<h2 class=\"title-h2\">Espera una \u00abreacci\u00f3n fuerte\u00bb<\/h2>\n<p>\u00abEs una plantilla que tiene juventud, que tiene energ\u00eda, que tiene calidad, que tiene compromiso, que no siempre es capaz de mostrarlo, pero es una plantilla de absoluto valor. Conf\u00edo totalmente en esta plantilla, hace un mes que ha ganado el Mundial , hace seis meses que ha ganado la Copa de Europa De momento, est\u00e1 compitiendo en todas las competiciones\u00bb, se\u00f1al\u00f3 sobre sus futbolistas.<\/p>\n<p>Por ello, Ancelotti repiti\u00f3 que no cambia su idea para esta temporada, sin desvelar su conversaci\u00f3n con el club tras la derrota: \u00abSolo son discursos que hacemos con el club para intentar sacar lo m\u00e1ximo para tener el Real Madrid competitivo. Como he dicho, hablar aqu\u00ed de este tema, de lo que yo hablo con el club, no me parece correcto\u00bb.<\/p>\n<h2 class=\"title-h2\">El Celta de Vigo \u00abjuega bien\u00bb<\/h2>\n<p>Este jueves, ante el Celta en octavos de Copa del Rey, tienen \u00abuna oportunidad importante de salir de un mal partido\u00bb: \u00abQueremos reaccionar, viene bien este partido contra un rival que juega bien. Viene bien para que el equipo pueda tener una reacci\u00f3n fuerte despu\u00e9s del mal partido del otro d\u00eda\u00bb.<\/p>\n<p>\u00abLo bueno del f\u00fatbol es que despu\u00e9s un mal partido, una derrota que te molesta, que te deja triste, hay una oportunidad el d\u00eda siguiente, para focalizarte mucho en lo que tienes que hacer y no en lo malo que has hecho. Todos han recuperado bien, puede que cambiar algo, pero en l\u00ednea general la idea es meter el mejor equipo posible\u00bb, adelant\u00f3 sobre la alineaci\u00f3n. Tambi\u00e9n revel\u00f3 que en porter\u00eda estar\u00e1 el ucraniano Andriy Lunin.<\/p>\n<h2 class=\"title-h2\">Tchouam\u00e9ni volver\u00e1 al pivote<\/h2>\n<p>Hablando de nombres propios, Ancelotti defendi\u00f3 a Aur\u00e9lien Tchouam\u00e9ni: \u00abSu posici\u00f3n ideal es como pivote defensivo, en el momento que no tengamos la emergencia atr\u00e1s, cuando vuelva Alaba, \u00e9l volver\u00e1 a su sitio como pivote\u00bb, avanz\u00f3.<\/p>\n<p>\u00abAsencio es central. Trabajarlo para meterlo como lateral derecho necesita tiempo, porque no est\u00e1 acostumbrado. No hay que olvidarse que \u00e9l entr\u00f3 por primera vez hace dos meses. Ha hecho muy buenos partidos\u00bb, elogi\u00f3 a la alternativa al franc\u00e9s atr\u00e1s.<\/p>\n<p><i>S\u00edguenos en nuestro canal de WhatsApp y no te pierdas la \u00faltima hora y toda la actualidad de antena3noticias.com<\/i><\/p>\n<div class=\"recirculation-video\" data-mod=\"a3mod_recirculation_video\">\n<div class=\"recirculation-video-wrapper\">\n<div>\n<div class=\"video-wrapper\">\n  <picture class=\"video-main-picture\"><source media=\"(min-width: 481px)\" srcset=\"https:\/\/fotografias.antena3.com\/clipping\/cmsimages02\/2025\/01\/14\/14BAEEF2-B30A-4967-899D-F6AE750D7F4C\/joan-laporta-rueda-prensa_94.jpg?crop=1920,1080,x0,y0&amp;width=800&amp;height=450&amp;optimize=medium&amp;format=webply\" width=\"800\" height=\"450\"><source media=\"(min-width: 391px) and (max-width: 480px)\" srcset=\"https:\/\/fotografias.antena3.com\/clipping\/cmsimages02\/2025\/01\/14\/14BAEEF2-B30A-4967-899D-F6AE750D7F4C\/joan-laporta-rueda-prensa_70.jpg?crop=1920,1080,x0,y0&amp;width=480&amp;height=270&amp;optimize=high&amp;format=webply\" width=\"480\" height=\"270\"><source media=\"(min-width: 321px) and (max-width: 390px)\" srcset=\"https:\/\/fotografias.antena3.com\/clipping\/cmsimages02\/2025\/01\/14\/14BAEEF2-B30A-4967-899D-F6AE750D7F4C\/joan-laporta-rueda-prensa_92.jpg?crop=1920,1078,x0,y0&amp;width=390&amp;height=219&amp;optimize=high&amp;format=webply\" width=\"390\" height=\"219\"><source media=\"(max-width: 320px)\" srcset=\"https:\/\/fotografias.antena3.com\/clipping\/cmsimages02\/2025\/01\/14\/14BAEEF2-B30A-4967-899D-F6AE750D7F4C\/joan-laporta-rueda-prensa_52.jpg?crop=1920,1080,x0,y0&amp;width=320&amp;height=180&amp;optimize=high&amp;format=webply\" width=\"320\" height=\"180\"><img decoding=\"async\" title=\"Joan Laporta en rueda de prensa\" alt=\"Joan Laporta en rueda de prensa\" width=\"480\" height=\"270\" src=\"https:\/\/fotografias.antena3.com\/clipping\/cmsimages02\/2025\/01\/14\/14BAEEF2-B30A-4967-899D-F6AE750D7F4C\/joan-laporta-rueda-prensa_70.jpg?crop=1920,1080,x0,y0&amp;width=480&amp;height=270&amp;optimize=high&amp;format=webply\" loading=\"lazy\" class=\"lazy\"\/><br \/>\n  <\/source><\/source><\/source><\/source><\/picture>\n <\/div>\n<\/div><\/div>\n<\/p><\/div>\n<\/div>\n\n","protected":false},"excerpt":{"rendered":"<p>El entrenador del Real Madrid, Carlo Ancelotti, respondi\u00f3 este mi\u00e9rcoles a las cr\u00edticas tras la derrota en la final de la Supercopa de Espa\u00f1a por 2-5 ante el Barcelona. \u00abEsto es una rueda de prensa y no es un debate. El debate ya lo hemos hecho mi cuerpo t\u00e9cnico y mis jugadores\u00bb \u00abNo sigo la &hellip;<\/p>\n","protected":false},"author":1,"featured_media":10633,"comment_status":"open","ping_status":"open","sticky":false,"template":"","format":"standard","meta":{"fifu_image_url":"https:\/\/fotografias.antena3.com\/clipping\/cmsimages01\/2025\/01\/15\/C5BEE5FE-8C3C-447A-8A53-17445608DBE8\/carlo-ancelotti-rueda-prensa-valdebebas_69.jpg?crop=1920,1080,x0,y99&width=1280&height=720&optimize=low&format=jpg","fifu_image_alt":"","footnotes":""},"categories":[6],"tags":[],"class_list":["post-10631","post","type-post","status-publish","format-standard","has-post-thumbnail","","category-deportes"],"_links":{"self":[{"href":"https:\/\/noticiasveraces.com\/index.php?rest_route=\/wp\/v2\/posts\/10631","targetHints":{"allow":["GET"]}}],"collection":[{"href":"https:\/\/noticiasveraces.com\/index.php?rest_route=\/wp\/v2\/posts"}],"about":[{"href":"https:\/\/noticiasveraces.com\/index.php?rest_route=\/wp\/v2\/types\/post"}],"author":[{"embeddable":true,"href":"https:\/\/noticiasveraces.com\/index.php?rest_route=\/wp\/v2\/users\/1"}],"replies":[{"embeddable":true,"href":"https:\/\/noticiasveraces.com\/index.php?rest_route=%2Fwp%2Fv2%2Fcomments&post=10631"}],"version-history":[{"count":0,"href":"https:\/\/noticiasveraces.com\/index.php?rest_route=\/wp\/v2\/posts\/10631\/revisions"}],"wp:featuredmedia":[{"embeddable":true,"href":"https:\/\/noticiasveraces.com\/index.php?rest_route=\/wp\/v2\/media\/10633"}],"wp:attachment":[{"href":"https:\/\/noticiasveraces.com\/index.php?rest_route=%2Fwp%2Fv2%2Fmedia&parent=10631"}],"wp:term":[{"taxonomy":"category","embeddable":true,"href":"https:\/\/noticiasveraces.com\/index.php?rest_route=%2Fwp%2Fv2%2Fcategories&post=10631"},{"taxonomy":"post_tag","embeddable":true,"href":"https:\/\/noticiasveraces.com\/index.php?rest_route=%2Fwp%2Fv2%2Ftags&post=10631"}],"curies":[{"name":"wp","href":"https:\/\/api.w.org\/{rel}","templated":true}]}}