{"id":10613,"date":"2025-01-15T23:09:11","date_gmt":"2025-01-16T03:09:11","guid":{"rendered":"https:\/\/noticiasveraces.com\/?p=10613"},"modified":"2025-01-15T23:09:11","modified_gmt":"2025-01-16T03:09:11","slug":"el-mundo-reacciona-al-alto-el-fuego-entre-israel-y-hamas-y-los-lideres-expresan-alivio-y-optimismo","status":"publish","type":"post","link":"https:\/\/noticiasveraces.com\/?p=10613","title":{"rendered":"El mundo reacciona al alto el fuego entre Israel y Hamas y los l\u00edderes expresan alivio y optimismo"},"content":{"rendered":"<p> \n<\/p>\n<div>\n<p class=\"speakable\">Los l\u00edderes de Estados Unidos y de todo el mundo elogiaron el mi\u00e9rcoles el reciente acuerdo de alto el fuego entre Israel y Hamas.<\/p>\n<p class=\"speakable\">Biden anunci\u00f3 los t\u00e9rminos del alto el fuego durante una conferencia de prensa el mi\u00e9rcoles en la Casa Blanca. Constar\u00e1 de dos fases y se llevar\u00e1 a cabo durante las pr\u00f3ximas semanas. <\/p>\n<p>La primera fase, que comenzar\u00e1 el domingo, \u00abincluye un alto el fuego total y completo, la retirada de las fuerzas israel\u00edes de todas las zonas pobladas de Gaza y la liberaci\u00f3n de varios rehenes retenidos por Ham\u00e1s, entre ellos mujeres, ancianos y los heridos\u00bb, dijo Biden.<\/p>\n<p>La segunda fase depende de que Israel negocie \u00ablos arreglos necesarios\u00bb para marcar el fin total de la guerra.<\/p>\n<p><strong>BIDEN SE RECHAZA CUANDO SE LE PREGUNTA SI TRUMP MERECE CR\u00c9DITO POR EL ACUERDO DE ALTO EL FUEGO ISRAEL-HAMAS: &#8216;\u00bfES ESO UNA BROMA?&#8217;<\/strong><\/p>\n<div class=\"image-ct inline\">\n<div class=\"m\"><picture><source media=\"(max-width: 767px)\" srcset=\"https:\/\/a57.foxnews.com\/static.foxnews.com\/foxnews.com\/content\/uploads\/2025\/01\/343\/192\/gettyimages-2193525325.jpg?ve=1&amp;tl=1, https:\/\/a57.foxnews.com\/static.foxnews.com\/foxnews.com\/content\/uploads\/2025\/01\/686\/384\/gettyimages-2193525325.jpg?ve=1&amp;tl=1 2x\" height=\"192\" width=\"343\"><source media=\"(min-width: 768px) and (max-width: 1023px)\" srcset=\"https:\/\/a57.foxnews.com\/static.foxnews.com\/foxnews.com\/content\/uploads\/2025\/01\/672\/378\/gettyimages-2193525325.jpg?ve=1&amp;tl=1, https:\/\/a57.foxnews.com\/static.foxnews.com\/foxnews.com\/content\/uploads\/2025\/01\/1344\/756\/gettyimages-2193525325.jpg?ve=1&amp;tl=1 2x\" height=\"378\" width=\"672\"><source media=\"(min-width: 1024px) and (max-width: 1279px)\" srcset=\"https:\/\/a57.foxnews.com\/static.foxnews.com\/foxnews.com\/content\/uploads\/2025\/01\/931\/523\/gettyimages-2193525325.jpg?ve=1&amp;tl=1, https:\/\/a57.foxnews.com\/static.foxnews.com\/foxnews.com\/content\/uploads\/2025\/01\/1862\/1046\/gettyimages-2193525325.jpg?ve=1&amp;tl=1 2x\" height=\"523\" width=\"931\"><source media=\"(min-width: 1280px)\" srcset=\"https:\/\/a57.foxnews.com\/static.foxnews.com\/foxnews.com\/content\/uploads\/2025\/01\/720\/405\/gettyimages-2193525325.jpg?ve=1&amp;tl=1, https:\/\/a57.foxnews.com\/static.foxnews.com\/foxnews.com\/content\/uploads\/2025\/01\/1440\/810\/gettyimages-2193525325.jpg?ve=1&amp;tl=1 2x\" height=\"405\" width=\"720\"><img loading=\"lazy\" decoding=\"async\" src=\"https:\/\/a57.foxnews.com\/static.foxnews.com\/foxnews.com\/content\/uploads\/2025\/01\/1200\/675\/gettyimages-2193525325.jpg?ve=1&amp;tl=1\" alt=\"Protestas en Francia\" width=\"1200\" height=\"675\"\/><\/source><\/source><\/source><\/source><\/picture><\/div>\n<div class=\"info\">\n<div class=\"caption\">\n<p><span>Los ciudadanos se re\u00fanen en la Plaza de la Rep\u00fablica para celebrar el acuerdo de alto el fuego en Gaza entre Ham\u00e1s e Israel en Par\u00eds, el mi\u00e9rcoles.<\/span> <span>(Luc Auffret\/Anadolu v\u00eda Getty Images)<\/span><\/p>\n<\/div>\n<\/div>\n<\/div>\n<p>La respuesta al acuerdo fue abrumadoramente positiva. La gobernadora de Nueva York, Kathy Hochul, dijo que estaba \u00abmuy alentada\u00bb al ver que el alto el fuego se hac\u00eda realidad.<\/p>\n<p>\u00abEsto es algo que he pedido durante muchos, muchos meses durante el \u00faltimo a\u00f1o desde el horrible y b\u00e1rbaro ataque contra civiles inocentes en Israel que ocurri\u00f3 el 7 de octubre del a\u00f1o pasado\u00bb, dijo Hochul. \u00abMi principal prioridad ha sido traer a casa a los rehenes\u00bb.<\/p>\n<p>El representante Ritchie Torres, DN.Y., escribi\u00f3 en X que sent\u00eda \u00abuna sensaci\u00f3n de alivio indescriptible\u00bb por el regreso de los rehenes.<\/p>\n<p>\u00abEl regreso de los rehenes marcar\u00e1 el comienzo del cierre para israel\u00edes y jud\u00edos, as\u00ed como para muchos otros, que contin\u00faan profundamente afectados por el terror y el trauma indelebles del 7 de octubre\u00bb, escribi\u00f3 Torres. \u00abLos rehenes han regresado a casa gracias al poder de la amistad m\u00e1s poderosa del mundo: la relaci\u00f3n entre Estados Unidos e Israel\u00bb.<\/p>\n<p>El acuerdo tambi\u00e9n atrajo la atenci\u00f3n internacional. En una declaraci\u00f3n, el primer ministro brit\u00e1nico, Kier Starmer, calific\u00f3 el alto el fuego como \u00abuna noticia que se deb\u00eda desde hace mucho tiempo\u00bb.<\/p>\n<p><strong><u>FOX NEWS DA UNA MIRADA AL INTERIOR DE LA GUERRA DE LAS FDI CONTRA HAMAS<\/u><\/strong><\/p>\n<div class=\"image-ct inline\">\n<div class=\"m\"><picture><source media=\"(max-width: 767px)\" srcset=\"https:\/\/a57.foxnews.com\/static.foxnews.com\/foxnews.com\/content\/uploads\/2025\/01\/343\/192\/gettyimages-2193488616.jpg?ve=1&amp;tl=1, https:\/\/a57.foxnews.com\/static.foxnews.com\/foxnews.com\/content\/uploads\/2025\/01\/686\/384\/gettyimages-2193488616.jpg?ve=1&amp;tl=1 2x\" height=\"192\" width=\"343\"><source media=\"(min-width: 768px) and (max-width: 1023px)\" srcset=\"https:\/\/a57.foxnews.com\/static.foxnews.com\/foxnews.com\/content\/uploads\/2025\/01\/672\/378\/gettyimages-2193488616.jpg?ve=1&amp;tl=1, https:\/\/a57.foxnews.com\/static.foxnews.com\/foxnews.com\/content\/uploads\/2025\/01\/1344\/756\/gettyimages-2193488616.jpg?ve=1&amp;tl=1 2x\" height=\"378\" width=\"672\"><source media=\"(min-width: 1024px) and (max-width: 1279px)\" srcset=\"https:\/\/a57.foxnews.com\/static.foxnews.com\/foxnews.com\/content\/uploads\/2025\/01\/931\/523\/gettyimages-2193488616.jpg?ve=1&amp;tl=1, https:\/\/a57.foxnews.com\/static.foxnews.com\/foxnews.com\/content\/uploads\/2025\/01\/1862\/1046\/gettyimages-2193488616.jpg?ve=1&amp;tl=1 2x\" height=\"523\" width=\"931\"><source media=\"(min-width: 1280px)\" srcset=\"https:\/\/a57.foxnews.com\/static.foxnews.com\/foxnews.com\/content\/uploads\/2025\/01\/720\/405\/gettyimages-2193488616.jpg?ve=1&amp;tl=1, https:\/\/a57.foxnews.com\/static.foxnews.com\/foxnews.com\/content\/uploads\/2025\/01\/1440\/810\/gettyimages-2193488616.jpg?ve=1&amp;tl=1 2x\" height=\"405\" width=\"720\"><img loading=\"lazy\" decoding=\"async\" src=\"https:\/\/a57.foxnews.com\/static.foxnews.com\/foxnews.com\/content\/uploads\/2025\/01\/1200\/675\/gettyimages-2193488616.jpg?ve=1&amp;tl=1\" alt=\"Los israel\u00edes protestan.\" width=\"1200\" height=\"675\"\/><\/source><\/source><\/source><\/source><\/picture><\/div>\n<div class=\"info\">\n<div class=\"caption\">\n<p><span>Cientos de personas, exigiendo el regreso inmediato de los prisioneros retenidos por Hamas, se re\u00fanen con pancartas y fotograf\u00edas de prisioneros para protestar contra el primer ministro israel\u00ed, Benjamin Netanyahu, y su gobierno frente al edificio del Ministerio de Defensa en Tel Aviv, Israel, el mi\u00e9rcoles.<\/span> <span>(Stringer\/Anadolu v\u00eda Getty Images)<\/span><\/p>\n<\/div>\n<\/div>\n<\/div>\n<p>\u00ab[The Israeli and Palestinian people] han llevado la peor parte de este conflicto, desencadenado por los brutales terroristas de Ham\u00e1s, que cometieron la masacre m\u00e1s mort\u00edfera de jud\u00edos desde el Holocausto el 7 de octubre de 2023\u00bb, dijo Starmer. \u00abLos rehenes, que fueron brutalmente arrancados de sus hogares en ese d\u00eda y mantenidos cautivos en condiciones inimaginables desde entonces, ahora finalmente pueden regresar con sus familias.<\/p>\n<p>\u00abPero tambi\u00e9n deber\u00edamos aprovechar este momento para rendir homenaje a aquellos que no lograr\u00e1n regresar a casa, incluidos los brit\u00e1nicos que fueron asesinados por Ham\u00e1s. Seguiremos lament\u00e1ndolos y record\u00e1ndolos\u00bb.<\/p>\n<p>En una publicaci\u00f3n X traducida del franc\u00e9s al ingl\u00e9s, el presidente franc\u00e9s, Emmanuel Macron, dijo que se debe respetar el alto el fuego.<\/p>\n<p>\u00abDespu\u00e9s de 15 meses de sufrimiento injustificable, un inmenso alivio para los habitantes de Gaza, esperanza para los rehenes y sus familias\u00bb, dijo Macron. Tambi\u00e9n hizo referencia a Ohad Yahalomi y Ofer Calder\u00f3n, dos rehenes franco-israel\u00edes.<\/p>\n<p>Aunque muchos est\u00e1n celebrando, algunos han expresado cautela sobre la posibilidad de que el acuerdo fracase. <\/p>\n<div class=\"image-ct inline\">\n<div class=\"m\"><picture><source media=\"(max-width: 767px)\" srcset=\"https:\/\/a57.foxnews.com\/static.foxnews.com\/foxnews.com\/content\/uploads\/2025\/01\/343\/192\/gettyimages-2194081425.jpg?ve=1&amp;tl=1, https:\/\/a57.foxnews.com\/static.foxnews.com\/foxnews.com\/content\/uploads\/2025\/01\/686\/384\/gettyimages-2194081425.jpg?ve=1&amp;tl=1 2x\" height=\"192\" width=\"343\"><source media=\"(min-width: 768px) and (max-width: 1023px)\" srcset=\"https:\/\/a57.foxnews.com\/static.foxnews.com\/foxnews.com\/content\/uploads\/2025\/01\/672\/378\/gettyimages-2194081425.jpg?ve=1&amp;tl=1, https:\/\/a57.foxnews.com\/static.foxnews.com\/foxnews.com\/content\/uploads\/2025\/01\/1344\/756\/gettyimages-2194081425.jpg?ve=1&amp;tl=1 2x\" height=\"378\" width=\"672\"><source media=\"(min-width: 1024px) and (max-width: 1279px)\" srcset=\"https:\/\/a57.foxnews.com\/static.foxnews.com\/foxnews.com\/content\/uploads\/2025\/01\/931\/523\/gettyimages-2194081425.jpg?ve=1&amp;tl=1, https:\/\/a57.foxnews.com\/static.foxnews.com\/foxnews.com\/content\/uploads\/2025\/01\/1862\/1046\/gettyimages-2194081425.jpg?ve=1&amp;tl=1 2x\" height=\"523\" width=\"931\"><source media=\"(min-width: 1280px)\" srcset=\"https:\/\/a57.foxnews.com\/static.foxnews.com\/foxnews.com\/content\/uploads\/2025\/01\/720\/405\/gettyimages-2194081425.jpg?ve=1&amp;tl=1, https:\/\/a57.foxnews.com\/static.foxnews.com\/foxnews.com\/content\/uploads\/2025\/01\/1440\/810\/gettyimages-2194081425.jpg?ve=1&amp;tl=1 2x\" height=\"405\" width=\"720\"><img loading=\"lazy\" decoding=\"async\" src=\"https:\/\/a57.foxnews.com\/static.foxnews.com\/foxnews.com\/content\/uploads\/2025\/01\/1200\/675\/gettyimages-2194081425.jpg?ve=1&amp;tl=1\" alt=\"Acuerdo de alto el fuego y liberaci\u00f3n de rehenes entre Israel y Ham\u00e1s\" width=\"1200\" height=\"675\"\/><\/source><\/source><\/source><\/source><\/picture><\/div>\n<div class=\"info\">\n<div class=\"caption\">\n<p><span>El presidente Biden pronuncia un discurso sobre el acuerdo de alto el fuego recientemente anunciado entre Israel y Ham\u00e1s junto con la vicepresidenta Kamala Harris y el secretario de Estado Antony Blinken en el Cross Hall de la Casa Blanca el mi\u00e9rcoles. <\/span> <span>(Anna Moneymaker\/Getty Images)<\/span><\/p>\n<\/div>\n<\/div>\n<\/div>\n<p> <strong><u>HAGA CLIC AQU\u00cd PARA OBTENER LA APLICACI\u00d3N FOX NEWS<\/u><\/strong><\/p>\n<p>El mi\u00e9rcoles, el asesor de comunicaciones de seguridad nacional de la Casa Blanca, John Kirby, dijo que el \u00abgran obst\u00e1culo\u00bb -que inclu\u00eda finalizar el acuerdo- hab\u00eda sido \u00absuperado\u00bb.<\/p>\n<p>Con suerte, este fin de semana comenzaremos a ver algunas familias reunidas\u00bb, dijo Kirby, y agreg\u00f3 que estaba \u00abseguro\u00bb de que el acuerdo se implementar\u00e1, a pesar del arduo trabajo por delante.<\/p>\n<p><i>Joshua Comins de Fox News Digital contribuy\u00f3 a este informe.<\/i><\/p>\n<p> <!----> <\/p>\n<div class=\"article-meta\">\n<div class=\"author-bio\">\n<p>Andrea Margolis es escritora de Fox News Digital y Fox Business. Los lectores pueden enviar consejos sobre historias a andrea.margolis@fox.com<u>.<\/u><\/p>\n<\/div>\n<\/div><\/div>\n\n","protected":false},"excerpt":{"rendered":"<p>Los l\u00edderes de Estados Unidos y de todo el mundo elogiaron el mi\u00e9rcoles el reciente acuerdo de alto el fuego entre Israel y Hamas. Biden anunci\u00f3 los t\u00e9rminos del alto el fuego durante una conferencia de prensa el mi\u00e9rcoles en la Casa Blanca. Constar\u00e1 de dos fases y se llevar\u00e1 a cabo durante las pr\u00f3ximas &hellip;<\/p>\n","protected":false},"author":1,"featured_media":10615,"comment_status":"open","ping_status":"open","sticky":false,"template":"","format":"standard","meta":{"fifu_image_url":"https:\/\/static.foxnews.com\/foxnews.com\/content\/uploads\/2025\/01\/ap25015636246580-scaled.jpg","fifu_image_alt":"","footnotes":""},"categories":[13],"tags":[],"class_list":["post-10613","post","type-post","status-publish","format-standard","has-post-thumbnail","","category-mundo"],"_links":{"self":[{"href":"https:\/\/noticiasveraces.com\/index.php?rest_route=\/wp\/v2\/posts\/10613","targetHints":{"allow":["GET"]}}],"collection":[{"href":"https:\/\/noticiasveraces.com\/index.php?rest_route=\/wp\/v2\/posts"}],"about":[{"href":"https:\/\/noticiasveraces.com\/index.php?rest_route=\/wp\/v2\/types\/post"}],"author":[{"embeddable":true,"href":"https:\/\/noticiasveraces.com\/index.php?rest_route=\/wp\/v2\/users\/1"}],"replies":[{"embeddable":true,"href":"https:\/\/noticiasveraces.com\/index.php?rest_route=%2Fwp%2Fv2%2Fcomments&post=10613"}],"version-history":[{"count":0,"href":"https:\/\/noticiasveraces.com\/index.php?rest_route=\/wp\/v2\/posts\/10613\/revisions"}],"wp:featuredmedia":[{"embeddable":true,"href":"https:\/\/noticiasveraces.com\/index.php?rest_route=\/wp\/v2\/media\/10615"}],"wp:attachment":[{"href":"https:\/\/noticiasveraces.com\/index.php?rest_route=%2Fwp%2Fv2%2Fmedia&parent=10613"}],"wp:term":[{"taxonomy":"category","embeddable":true,"href":"https:\/\/noticiasveraces.com\/index.php?rest_route=%2Fwp%2Fv2%2Fcategories&post=10613"},{"taxonomy":"post_tag","embeddable":true,"href":"https:\/\/noticiasveraces.com\/index.php?rest_route=%2Fwp%2Fv2%2Ftags&post=10613"}],"curies":[{"name":"wp","href":"https:\/\/api.w.org\/{rel}","templated":true}]}}