{"id":10608,"date":"2025-01-15T22:56:56","date_gmt":"2025-01-16T02:56:56","guid":{"rendered":"https:\/\/noticiasveraces.com\/?p=10608"},"modified":"2025-01-15T22:56:56","modified_gmt":"2025-01-16T02:56:56","slug":"los-cules-firman-otra-manita-y-los-rojiblancos-golean-al-elche","status":"publish","type":"post","link":"https:\/\/noticiasveraces.com\/?p=10608","title":{"rendered":"Los cul\u00e9s firman otra manita y los rojiblancos golean al Elche"},"content":{"rendered":"<p> \n<\/p>\n<div id=\"intext\">\n<h2 class=\"title-h2\">Otra manita cul\u00e9<\/h2>\n<p><b>El Bar\u00e7a vuela en esta fase de la temporada.<\/b> Los de Flick muestran una enorme solvencia defensiva y adem\u00e1s se les caen los goles del bolsillo a pesar de que Lewandowski, que hoy no jug\u00f3, no atraviese su mejor momento.<\/p>\n<p>Los cul\u00e9s no dieron ninguna oportunidad a un Betis que se llev\u00f3 <b>una nueva manita<\/b> y abri\u00f3 el marcador en el minuto 3&#8242; con un tanto de <b>gavi<\/b>.<\/p>\n<p>El partido solo ten\u00eda un due\u00f1o y <b>Kound\u00e9<\/b> Aument\u00f3 la ventaja cul\u00e9 en el minuto 27&#8242;. El lateral franc\u00e9s vio c\u00f3mo le anulaban un nuevo gol al filo del descanso.<\/p>\n<p>Tras la reanudaci\u00f3n un nuevo festival cul\u00e9. <b>rafina<\/b> hacia el tercero en el 58&#8242; despu\u00e9s de que VAR anulara otro gol a Lamine Yamal por fuera de juego.<\/p>\n<p>A\u00fan faltaban <b>Ferran<\/b> (67&#8242;) y <b>lamina<\/b> (75&#8242;) por sumarse a la fiesta goleadora de un Bar\u00e7a imparable ante un Betis que tan solo pudo maquillar el resultado en el 84&#8242; por medio de Vitor Roque desde los once metros.<\/p>\n<h2 class=\"title-h2\">El Atl\u00e9tico golea al Elche (0-4)<\/h2>\n<p>el <b>Atl\u00e9tico<\/b> Tampoco dio opci\u00f3n al Elche. Los rojiblancos, que tambi\u00e9n atravesaron un gran momento de forma, golearon en el Mart\u00ednez Valero (0-4) para avanzar a cuartos de final de la Copa del Rey.<\/p>\n<p><b>Sorloth<\/b> adelant\u00f3 al Atl\u00e9tico en el minuto 8&#8242; y \u00e9l mismo, en el 29&#8242;, ampli\u00f3 la ventaja desde el punto de penalti. El encuentro se fue con 0-2 al descanso.<\/p>\n<p>Tras la reanudaci\u00f3n otra mala noticia para el Elche, que se qued\u00f3 con diez jugadores tras la expulsi\u00f3n por doble amarilla de Nicol\u00e1s Fern\u00e1ndez.<\/p>\n<p><b>Riquelme<\/b> ampliaba distancias en el 61&#8242; y <b>Juli\u00e1n \u00c1lvarez<\/b> acudi\u00f3 a su cita con el gol en el 75&#8242; para completar la goleada rojiblanca.<\/p>\n<p><span><i><span>S\u00edguenos en nuestro <\/span><span>canal de whatsapp<\/span><span>  y no te pierdas la \u00faltima hora y toda la actualidad de antena3noticias.com<\/span><\/i><\/span><\/p>\n<div class=\"recirculation-video\" data-mod=\"a3mod_recirculation_video\">\n<div class=\"recirculation-video-wrapper\">\n<div>\n<div class=\"video-wrapper\">\n  <picture class=\"video-main-picture\"><source media=\"(min-width: 481px)\" srcset=\"https:\/\/fotografias.antena3.com\/clipping\/cmsimages01\/2025\/01\/15\/AAD12D94-2314-4B35-95CA-C690E9F03198\/siria-quiere-que-futbol-vuelva-normalidad-caida-assad_94.jpg?crop=1280,720,x0,y0&amp;width=800&amp;height=450&amp;optimize=medium&amp;format=webply\" width=\"800\" height=\"450\"><source media=\"(min-width: 391px) and (max-width: 480px)\" srcset=\"https:\/\/fotografias.antena3.com\/clipping\/cmsimages01\/2025\/01\/15\/AAD12D94-2314-4B35-95CA-C690E9F03198\/siria-quiere-que-futbol-vuelva-normalidad-caida-assad_70.jpg?crop=1280,720,x0,y0&amp;width=480&amp;height=270&amp;optimize=high&amp;format=webply\" width=\"480\" height=\"270\"><source media=\"(min-width: 321px) and (max-width: 390px)\" srcset=\"https:\/\/fotografias.antena3.com\/clipping\/cmsimages01\/2025\/01\/15\/AAD12D94-2314-4B35-95CA-C690E9F03198\/siria-quiere-que-futbol-vuelva-normalidad-caida-assad_92.jpg?crop=1280,719,x0,y1&amp;width=390&amp;height=219&amp;optimize=high&amp;format=webply\" width=\"390\" height=\"219\"><source media=\"(max-width: 320px)\" srcset=\"https:\/\/fotografias.antena3.com\/clipping\/cmsimages01\/2025\/01\/15\/AAD12D94-2314-4B35-95CA-C690E9F03198\/siria-quiere-que-futbol-vuelva-normalidad-caida-assad_52.jpg?crop=1280,720,x0,y0&amp;width=320&amp;height=180&amp;optimize=high&amp;format=webply\" width=\"320\" height=\"180\"><img decoding=\"async\" title=\"Siria quiere que el f\u00fatbol vuelva a la normalidad tras la ca\u00edda de Al Assad\" alt=\"Siria quiere que el f\u00fatbol vuelva a la normalidad tras la ca\u00edda de Al Assad\" width=\"480\" height=\"270\" src=\"https:\/\/fotografias.antena3.com\/clipping\/cmsimages01\/2025\/01\/15\/AAD12D94-2314-4B35-95CA-C690E9F03198\/siria-quiere-que-futbol-vuelva-normalidad-caida-assad_70.jpg?crop=1280,720,x0,y0&amp;width=480&amp;height=270&amp;optimize=high&amp;format=webply\" loading=\"lazy\" class=\"lazy\"\/><br \/>\n  <\/source><\/source><\/source><\/source><\/picture>\n <\/div>\n<\/div><\/div>\n<\/p><\/div>\n<\/div>\n\n","protected":false},"excerpt":{"rendered":"<p>Otra manita cul\u00e9 El Bar\u00e7a vuela en esta fase de la temporada. Los de Flick muestran una enorme solvencia defensiva y adem\u00e1s se les caen los goles del bolsillo a pesar de que Lewandowski, que hoy no jug\u00f3, no atraviese su mejor momento. Los cul\u00e9s no dieron ninguna oportunidad a un Betis que se llev\u00f3 &hellip;<\/p>\n","protected":false},"author":1,"featured_media":10610,"comment_status":"open","ping_status":"open","sticky":false,"template":"","format":"standard","meta":{"fifu_image_url":"https:\/\/fotografias.antena3.com\/clipping\/cmsimages01\/2025\/01\/15\/355306BD-61A2-41FB-8D7D-7CD712EEF91F\/jugadores-barca-celebran-gol-betis_69.jpg?crop=1920,1080,x0,y99&width=1280&height=720&optimize=low&format=jpg","fifu_image_alt":"","footnotes":""},"categories":[6],"tags":[],"class_list":["post-10608","post","type-post","status-publish","format-standard","has-post-thumbnail","","category-deportes"],"_links":{"self":[{"href":"https:\/\/noticiasveraces.com\/index.php?rest_route=\/wp\/v2\/posts\/10608","targetHints":{"allow":["GET"]}}],"collection":[{"href":"https:\/\/noticiasveraces.com\/index.php?rest_route=\/wp\/v2\/posts"}],"about":[{"href":"https:\/\/noticiasveraces.com\/index.php?rest_route=\/wp\/v2\/types\/post"}],"author":[{"embeddable":true,"href":"https:\/\/noticiasveraces.com\/index.php?rest_route=\/wp\/v2\/users\/1"}],"replies":[{"embeddable":true,"href":"https:\/\/noticiasveraces.com\/index.php?rest_route=%2Fwp%2Fv2%2Fcomments&post=10608"}],"version-history":[{"count":0,"href":"https:\/\/noticiasveraces.com\/index.php?rest_route=\/wp\/v2\/posts\/10608\/revisions"}],"wp:featuredmedia":[{"embeddable":true,"href":"https:\/\/noticiasveraces.com\/index.php?rest_route=\/wp\/v2\/media\/10610"}],"wp:attachment":[{"href":"https:\/\/noticiasveraces.com\/index.php?rest_route=%2Fwp%2Fv2%2Fmedia&parent=10608"}],"wp:term":[{"taxonomy":"category","embeddable":true,"href":"https:\/\/noticiasveraces.com\/index.php?rest_route=%2Fwp%2Fv2%2Fcategories&post=10608"},{"taxonomy":"post_tag","embeddable":true,"href":"https:\/\/noticiasveraces.com\/index.php?rest_route=%2Fwp%2Fv2%2Ftags&post=10608"}],"curies":[{"name":"wp","href":"https:\/\/api.w.org\/{rel}","templated":true}]}}