{"id":10593,"date":"2025-01-15T22:02:51","date_gmt":"2025-01-16T02:02:51","guid":{"rendered":"https:\/\/noticiasveraces.com\/?p=10593"},"modified":"2025-01-15T22:02:51","modified_gmt":"2025-01-16T02:02:51","slug":"biden-advierte-contra-la-oligarquia-que-toma-forma-en-estados-unidos-y-pide-salvaguardar-la-democracia","status":"publish","type":"post","link":"https:\/\/noticiasveraces.com\/?p=10593","title":{"rendered":"Biden advierte contra la \u00aboligarqu\u00eda que toma forma en Estados Unidos\u00bb y pide salvaguardar la democracia"},"content":{"rendered":"<p> \n<\/p>\n<div id=\"content\">\n<p>IE 11 no es compatible. Para una experiencia \u00f3ptima, visite nuestro sitio en otro navegador.<button type=\"button\" aria-label=\"close\" class=\"alert-banner__close-button icon icon-close\"\/><\/p>\n<div>\n<div class=\"video-page\" data-testid=\"video-page\">\n<div class=\"video-page__video\">\n<div class=\"video-page__main\">\n<div class=\"video-page__player\" data-testid=\"video-page__player\">\n<div class=\"styles_gridStackWrapper__2ot47 styles_videoContainer__AkgW6 video-container paused\" data-testid=\"gamma-video-player\">\n<div class=\"styles_gridStackWrapper__2ot47 videoSlate styles_videoSlate__ISm2f\"><picture class=\"\" data-testid=\"picture\"><source media=\"(min-width: 1240px)\" srcset=\"https:\/\/media-cldnry.s-nbcnews.com\/image\/upload\/t_focal-860x484,f_auto,q_auto:best\/mpx\/2704722219\/2025_01\/1736990958848_nbc_spec_biden_warning_250115_1920x1080-usloea.jpg\"\/><source media=\"(min-width: 758px)\" srcset=\"https:\/\/media-cldnry.s-nbcnews.com\/image\/upload\/t_focal-1000x563,f_auto,q_auto:best\/mpx\/2704722219\/2025_01\/1736990958848_nbc_spec_biden_warning_250115_1920x1080-usloea.jpg\"\/><source media=\"(min-width: 320px)\" srcset=\"https:\/\/media-cldnry.s-nbcnews.com\/image\/upload\/t_focal-760x428,f_auto,q_auto:best\/mpx\/2704722219\/2025_01\/1736990958848_nbc_spec_biden_warning_250115_1920x1080-usloea.jpg\"\/><img decoding=\"async\" src=\"https:\/\/media-cldnry.s-nbcnews.com\/image\/upload\/t_focal-760x428,f_auto,q_auto:best\/mpx\/2704722219\/2025_01\/1736990958848_nbc_spec_biden_warning_250115_1920x1080-usloea.jpg\" alt=\"\"\/><\/picture><\/div>\n<\/div>\n<\/div>\n<div class=\"video-page__drawer\"><button class=\"styles_prevButton__Fx_g5 styles_disabled__HbxXI\" type=\"button\" data-testid=\"prev-button\"><span class=\"icon icon-back\"\/><\/button><\/p>\n<div class=\"styles_playlistDrawer__cldGd\" data-testid=\"playlist-drawer\">\n<section class=\"styles_playlist__9021X\">\n<ul class=\"styles_videos__nQb5X\">\n<li class=\"styles_video__RJe5I\">\n<div class=\"playlist-drawer__video\" data-testid=\"playlist-drawer-video\">\n<div class=\"playlist-drawer__thumbnail\"><picture class=\"playlist-drawer__thumbnail\" data-testid=\"picture\"><source media=\"(min-width: 1000px)\" srcset=\"https:\/\/media-cldnry.s-nbcnews.com\/image\/upload\/t_focal-280x140,f_auto,q_auto:best\/mpx\/2704722219\/2025_01\/1736991736729_nbc_spec_biden_thanks_250115_1920x1080-kwy622.jpg\"\/><source media=\"(min-width: 758px)\" srcset=\"https:\/\/media-cldnry.s-nbcnews.com\/image\/upload\/t_focal-760x380,f_auto,q_auto:best\/mpx\/2704722219\/2025_01\/1736991736729_nbc_spec_biden_thanks_250115_1920x1080-kwy622.jpg\"\/><source media=\"(min-width: 320px)\" srcset=\"https:\/\/media-cldnry.s-nbcnews.com\/image\/upload\/t_focal-520x260,f_auto,q_auto:best\/mpx\/2704722219\/2025_01\/1736991736729_nbc_spec_biden_thanks_250115_1920x1080-kwy622.jpg\"\/><img decoding=\"async\" loading=\"lazy\" src=\"https:\/\/media-cldnry.s-nbcnews.com\/image\/upload\/t_focal-520x260,f_auto,q_auto:best\/mpx\/2704722219\/2025_01\/1736991736729_nbc_spec_biden_thanks_250115_1920x1080-kwy622.jpg\" alt=\"\"\/><\/picture><\/div>\n<p><h2 class=\"playlist-drawer__title\" data-testid=\"playlist-title\">Biden reflexiona sobre los logros y la resiliencia estadounidense en su discurso de despedida<\/h2>\n<p><span class=\"playlist-drawer__duration founders-mono\" data-testid=\"playlist-duration\">02:42<\/span><\/p>\n<\/div>\n<\/li>\n<li class=\"styles_video__RJe5I\">\n<div class=\"playlist-drawer__video\" data-testid=\"playlist-drawer-video\">\n<div class=\"playlist-drawer__thumbnail\"><picture class=\"playlist-drawer__thumbnail\" data-testid=\"picture\"><source media=\"(min-width: 1000px)\" srcset=\"https:\/\/media-cldnry.s-nbcnews.com\/image\/upload\/t_focal-280x140,f_auto,q_auto:best\/mpx\/2704722219\/2025_01\/1736991608049_nbc_spec_full_bidenaddress_250125_1920x1080-gkisif.jpg\"\/><source media=\"(min-width: 758px)\" srcset=\"https:\/\/media-cldnry.s-nbcnews.com\/image\/upload\/t_focal-760x380,f_auto,q_auto:best\/mpx\/2704722219\/2025_01\/1736991608049_nbc_spec_full_bidenaddress_250125_1920x1080-gkisif.jpg\"\/><source media=\"(min-width: 320px)\" srcset=\"https:\/\/media-cldnry.s-nbcnews.com\/image\/upload\/t_focal-520x260,f_auto,q_auto:best\/mpx\/2704722219\/2025_01\/1736991608049_nbc_spec_full_bidenaddress_250125_1920x1080-gkisif.jpg\"\/><img decoding=\"async\" loading=\"lazy\" src=\"https:\/\/media-cldnry.s-nbcnews.com\/image\/upload\/t_focal-520x260,f_auto,q_auto:best\/mpx\/2704722219\/2025_01\/1736991608049_nbc_spec_full_bidenaddress_250125_1920x1080-gkisif.jpg\" alt=\"\"\/><\/picture><\/div>\n<p><h2 class=\"playlist-drawer__title\" data-testid=\"playlist-title\">Informe especial: Biden pronuncia un discurso de despedida desde la Oficina Oval<\/h2>\n<p><span class=\"playlist-drawer__duration founders-mono\" data-testid=\"playlist-duration\">22:00<\/span><\/p>\n<\/div>\n<\/li>\n<li class=\"styles_video__RJe5I\">\n<div class=\"playlist-drawer__video\" data-testid=\"playlist-drawer-video\">\n<div class=\"playlist-drawer__thumbnail\">\n<p>Ahora jugando<\/p>\n<picture class=\"playlist-drawer__thumbnail\" data-testid=\"picture\"><source media=\"(min-width: 1000px)\" srcset=\"https:\/\/media-cldnry.s-nbcnews.com\/image\/upload\/t_focal-280x140,f_auto,q_auto:best\/mpx\/2704722219\/2025_01\/1736990958848_nbc_spec_biden_warning_250115_1920x1080-usloea.jpg\"\/><source media=\"(min-width: 758px)\" srcset=\"https:\/\/media-cldnry.s-nbcnews.com\/image\/upload\/t_focal-760x380,f_auto,q_auto:best\/mpx\/2704722219\/2025_01\/1736990958848_nbc_spec_biden_warning_250115_1920x1080-usloea.jpg\"\/><source media=\"(min-width: 320px)\" srcset=\"https:\/\/media-cldnry.s-nbcnews.com\/image\/upload\/t_focal-520x260,f_auto,q_auto:best\/mpx\/2704722219\/2025_01\/1736990958848_nbc_spec_biden_warning_250115_1920x1080-usloea.jpg\"\/><img decoding=\"async\" loading=\"lazy\" src=\"https:\/\/media-cldnry.s-nbcnews.com\/image\/upload\/t_focal-520x260,f_auto,q_auto:best\/mpx\/2704722219\/2025_01\/1736990958848_nbc_spec_biden_warning_250115_1920x1080-usloea.jpg\" alt=\"\"\/><\/picture><\/div>\n<p><h2 class=\"playlist-drawer__title\" data-testid=\"playlist-title\">Biden advierte contra \u00abla oligarqu\u00eda tomando forma en Estados Unidos\u00bb<\/h2>\n<p><span class=\"playlist-drawer__duration founders-mono\" data-testid=\"playlist-duration\">03:52<\/span><\/p>\n<\/div>\n<\/li>\n<li class=\"styles_video__RJe5I\">\n<div class=\"playlist-drawer__video\" data-testid=\"playlist-drawer-video\">\n<p>ARRIBA SIGUIENTE<\/p>\n<div class=\"playlist-drawer__thumbnail\"><picture class=\"playlist-drawer__thumbnail\" data-testid=\"picture\"><source media=\"(min-width: 1000px)\" srcset=\"https:\/\/media-cldnry.s-nbcnews.com\/image\/upload\/t_focal-280x140,f_auto,q_auto:best\/mpx\/2704722219\/2025_01\/1736971835416_nbc_spec_biden_trump_joke_250115_1920x1080-c9m4jf.jpg\"\/><source media=\"(min-width: 758px)\" srcset=\"https:\/\/media-cldnry.s-nbcnews.com\/image\/upload\/t_focal-760x380,f_auto,q_auto:best\/mpx\/2704722219\/2025_01\/1736971835416_nbc_spec_biden_trump_joke_250115_1920x1080-c9m4jf.jpg\"\/><source media=\"(min-width: 320px)\" srcset=\"https:\/\/media-cldnry.s-nbcnews.com\/image\/upload\/t_focal-520x260,f_auto,q_auto:best\/mpx\/2704722219\/2025_01\/1736971835416_nbc_spec_biden_trump_joke_250115_1920x1080-c9m4jf.jpg\"\/><img decoding=\"async\" loading=\"lazy\" src=\"https:\/\/media-cldnry.s-nbcnews.com\/image\/upload\/t_focal-520x260,f_auto,q_auto:best\/mpx\/2704722219\/2025_01\/1736971835416_nbc_spec_biden_trump_joke_250115_1920x1080-c9m4jf.jpg\" alt=\"\"\/><\/picture><\/div>\n<p><h2 class=\"playlist-drawer__title\" data-testid=\"playlist-title\">&#8216;\u00bfEs una broma?&#8217;: Biden pregunt\u00f3 si \u00e9l o Trump reciben cr\u00e9dito por el acuerdo de alto el fuego<\/h2>\n<p><span class=\"playlist-drawer__duration founders-mono\" data-testid=\"playlist-duration\">00:51<\/span><\/p>\n<\/div>\n<\/li>\n<li class=\"styles_video__RJe5I\">\n<div class=\"playlist-drawer__video\" data-testid=\"playlist-drawer-video\">\n<div class=\"playlist-drawer__thumbnail\"><picture class=\"playlist-drawer__thumbnail\" data-testid=\"picture\"><source media=\"(min-width: 1000px)\" srcset=\"https:\/\/media-cldnry.s-nbcnews.com\/image\/upload\/t_focal-280x140,f_auto,q_auto:best\/mpx\/2704722219\/2025_01\/1736969117743_nbc_spec_biden_ceasefire_250115_1920x1080-lcyy37.jpg\"\/><source media=\"(min-width: 758px)\" srcset=\"https:\/\/media-cldnry.s-nbcnews.com\/image\/upload\/t_focal-760x380,f_auto,q_auto:best\/mpx\/2704722219\/2025_01\/1736969117743_nbc_spec_biden_ceasefire_250115_1920x1080-lcyy37.jpg\"\/><source media=\"(min-width: 320px)\" srcset=\"https:\/\/media-cldnry.s-nbcnews.com\/image\/upload\/t_focal-520x260,f_auto,q_auto:best\/mpx\/2704722219\/2025_01\/1736969117743_nbc_spec_biden_ceasefire_250115_1920x1080-lcyy37.jpg\"\/><img decoding=\"async\" loading=\"lazy\" src=\"https:\/\/media-cldnry.s-nbcnews.com\/image\/upload\/t_focal-520x260,f_auto,q_auto:best\/mpx\/2704722219\/2025_01\/1736969117743_nbc_spec_biden_ceasefire_250115_1920x1080-lcyy37.jpg\" alt=\"\"\/><\/picture><\/div>\n<p><h2 class=\"playlist-drawer__title\" data-testid=\"playlist-title\">&#8216;Por fin&#8217;: Biden habla sobre el acuerdo de alto el fuego entre Israel y Hamas<\/h2>\n<p><span class=\"playlist-drawer__duration founders-mono\" data-testid=\"playlist-duration\">10:17<\/span><\/p>\n<\/div>\n<\/li>\n<li class=\"styles_video__RJe5I\">\n<div class=\"playlist-drawer__video\" data-testid=\"playlist-drawer-video\">\n<div class=\"playlist-drawer__thumbnail\"><picture class=\"playlist-drawer__thumbnail\" data-testid=\"picture\"><source media=\"(min-width: 1000px)\" srcset=\"https:\/\/media-cldnry.s-nbcnews.com\/image\/upload\/t_focal-280x140,f_auto,q_auto:best\/mpx\/2704722219\/2025_01\/1736921499084_now_topstory_biden_cuba_250114_1920x1080-6wdhua.jpg\"\/><source media=\"(min-width: 758px)\" srcset=\"https:\/\/media-cldnry.s-nbcnews.com\/image\/upload\/t_focal-760x380,f_auto,q_auto:best\/mpx\/2704722219\/2025_01\/1736921499084_now_topstory_biden_cuba_250114_1920x1080-6wdhua.jpg\"\/><source media=\"(min-width: 320px)\" srcset=\"https:\/\/media-cldnry.s-nbcnews.com\/image\/upload\/t_focal-520x260,f_auto,q_auto:best\/mpx\/2704722219\/2025_01\/1736921499084_now_topstory_biden_cuba_250114_1920x1080-6wdhua.jpg\"\/><img decoding=\"async\" loading=\"lazy\" src=\"https:\/\/media-cldnry.s-nbcnews.com\/image\/upload\/t_focal-520x260,f_auto,q_auto:best\/mpx\/2704722219\/2025_01\/1736921499084_now_topstory_biden_cuba_250114_1920x1080-6wdhua.jpg\" alt=\"\"\/><\/picture><\/div>\n<p><h2 class=\"playlist-drawer__title\" data-testid=\"playlist-title\">La administraci\u00f3n Biden eliminar\u00e1 la designaci\u00f3n de Cuba como Estado patrocinador del terrorismo<\/h2>\n<p><span class=\"playlist-drawer__duration founders-mono\" data-testid=\"playlist-duration\">04:27<\/span><\/p>\n<\/div>\n<\/li>\n<li class=\"styles_video__RJe5I\">\n<div class=\"playlist-drawer__video\" data-testid=\"playlist-drawer-video\">\n<div class=\"playlist-drawer__thumbnail\"><picture class=\"playlist-drawer__thumbnail\" data-testid=\"picture\"><source media=\"(min-width: 1000px)\" srcset=\"https:\/\/media-cldnry.s-nbcnews.com\/image\/upload\/t_focal-280x140,f_auto,q_auto:best\/mpx\/2704722219\/2025_01\/1736810794119_now_hallie_dilanian_hunter_report_250113_1920x1080-hfrq0d.jpg\"\/><source media=\"(min-width: 758px)\" srcset=\"https:\/\/media-cldnry.s-nbcnews.com\/image\/upload\/t_focal-760x380,f_auto,q_auto:best\/mpx\/2704722219\/2025_01\/1736810794119_now_hallie_dilanian_hunter_report_250113_1920x1080-hfrq0d.jpg\"\/><source media=\"(min-width: 320px)\" srcset=\"https:\/\/media-cldnry.s-nbcnews.com\/image\/upload\/t_focal-520x260,f_auto,q_auto:best\/mpx\/2704722219\/2025_01\/1736810794119_now_hallie_dilanian_hunter_report_250113_1920x1080-hfrq0d.jpg\"\/><img decoding=\"async\" loading=\"lazy\" src=\"https:\/\/media-cldnry.s-nbcnews.com\/image\/upload\/t_focal-520x260,f_auto,q_auto:best\/mpx\/2704722219\/2025_01\/1736810794119_now_hallie_dilanian_hunter_report_250113_1920x1080-hfrq0d.jpg\" alt=\"\"\/><\/picture><\/div>\n<p><h2 class=\"playlist-drawer__title\" data-testid=\"playlist-title\">El fiscal especial critica a Biden por perdonar a su hijo Hunter y defiende su investigaci\u00f3n<\/h2>\n<p><span class=\"playlist-drawer__duration founders-mono\" data-testid=\"playlist-duration\">02:03<\/span><\/p>\n<\/div>\n<\/li>\n<li class=\"styles_video__RJe5I\">\n<div class=\"playlist-drawer__video\" data-testid=\"playlist-drawer-video\">\n<div class=\"playlist-drawer__thumbnail\"><picture class=\"playlist-drawer__thumbnail\" data-testid=\"picture\"><source media=\"(min-width: 1000px)\" srcset=\"https:\/\/media-cldnry.s-nbcnews.com\/image\/upload\/t_focal-280x140,f_auto,q_auto:best\/mpx\/2704722219\/2025_01\/1736782947512_now_mnn_biden_farewell_address_250113_1920x1080-5ct5ii.jpg\"\/><source media=\"(min-width: 758px)\" srcset=\"https:\/\/media-cldnry.s-nbcnews.com\/image\/upload\/t_focal-760x380,f_auto,q_auto:best\/mpx\/2704722219\/2025_01\/1736782947512_now_mnn_biden_farewell_address_250113_1920x1080-5ct5ii.jpg\"\/><source media=\"(min-width: 320px)\" srcset=\"https:\/\/media-cldnry.s-nbcnews.com\/image\/upload\/t_focal-520x260,f_auto,q_auto:best\/mpx\/2704722219\/2025_01\/1736782947512_now_mnn_biden_farewell_address_250113_1920x1080-5ct5ii.jpg\"\/><img decoding=\"async\" loading=\"lazy\" src=\"https:\/\/media-cldnry.s-nbcnews.com\/image\/upload\/t_focal-520x260,f_auto,q_auto:best\/mpx\/2704722219\/2025_01\/1736782947512_now_mnn_biden_farewell_address_250113_1920x1080-5ct5ii.jpg\" alt=\"\"\/><\/picture><\/div>\n<p><h2 class=\"playlist-drawer__title\" data-testid=\"playlist-title\">Biden se prepara para pronunciar un discurso de despedida antes de dejar el cargo<\/h2>\n<p><span class=\"playlist-drawer__duration founders-mono\" data-testid=\"playlist-duration\">04:05<\/span><\/p>\n<\/div>\n<\/li>\n<li class=\"styles_video__RJe5I\">\n<div class=\"playlist-drawer__video\" data-testid=\"playlist-drawer-video\">\n<div class=\"playlist-drawer__thumbnail\"><picture class=\"playlist-drawer__thumbnail\" data-testid=\"picture\"><source media=\"(min-width: 1000px)\" srcset=\"https:\/\/media-cldnry.s-nbcnews.com\/image\/upload\/t_focal-280x140,f_auto,q_auto:best\/mpx\/2704722219\/2025_01\/1736536529607_f_mo_dc_biden_harris_wildfires_wh_250110_1920x1080-kg1ci5.jpg\"\/><source media=\"(min-width: 758px)\" srcset=\"https:\/\/media-cldnry.s-nbcnews.com\/image\/upload\/t_focal-760x380,f_auto,q_auto:best\/mpx\/2704722219\/2025_01\/1736536529607_f_mo_dc_biden_harris_wildfires_wh_250110_1920x1080-kg1ci5.jpg\"\/><source media=\"(min-width: 320px)\" srcset=\"https:\/\/media-cldnry.s-nbcnews.com\/image\/upload\/t_focal-520x260,f_auto,q_auto:best\/mpx\/2704722219\/2025_01\/1736536529607_f_mo_dc_biden_harris_wildfires_wh_250110_1920x1080-kg1ci5.jpg\"\/><img decoding=\"async\" loading=\"lazy\" src=\"https:\/\/media-cldnry.s-nbcnews.com\/image\/upload\/t_focal-520x260,f_auto,q_auto:best\/mpx\/2704722219\/2025_01\/1736536529607_f_mo_dc_biden_harris_wildfires_wh_250110_1920x1080-kg1ci5.jpg\" alt=\"\"\/><\/picture><\/div>\n<p><h2 class=\"playlist-drawer__title\" data-testid=\"playlist-title\">Biden: \u00abA\u00fan nos queda un largo camino por recorrer\u00bb para combatir los incendios forestales en California<\/h2>\n<p><span class=\"playlist-drawer__duration founders-mono\" data-testid=\"playlist-duration\">06:22<\/span><\/p>\n<\/div>\n<\/li>\n<li class=\"styles_video__RJe5I\">\n<div class=\"playlist-drawer__video\" data-testid=\"playlist-drawer-video\">\n<div class=\"playlist-drawer__thumbnail\"><picture class=\"playlist-drawer__thumbnail\" data-testid=\"picture\"><source media=\"(min-width: 1000px)\" srcset=\"https:\/\/media-cldnry.s-nbcnews.com\/image\/upload\/t_focal-280x140,f_auto,q_auto:best\/mpx\/2704722219\/2025_01\/1736364978806_now_brk_biden_brief_wildfires_250108_1920x1080-natmf4.jpg\"\/><source media=\"(min-width: 758px)\" srcset=\"https:\/\/media-cldnry.s-nbcnews.com\/image\/upload\/t_focal-760x380,f_auto,q_auto:best\/mpx\/2704722219\/2025_01\/1736364978806_now_brk_biden_brief_wildfires_250108_1920x1080-natmf4.jpg\"\/><source media=\"(min-width: 320px)\" srcset=\"https:\/\/media-cldnry.s-nbcnews.com\/image\/upload\/t_focal-520x260,f_auto,q_auto:best\/mpx\/2704722219\/2025_01\/1736364978806_now_brk_biden_brief_wildfires_250108_1920x1080-natmf4.jpg\"\/><img decoding=\"async\" loading=\"lazy\" src=\"https:\/\/media-cldnry.s-nbcnews.com\/image\/upload\/t_focal-520x260,f_auto,q_auto:best\/mpx\/2704722219\/2025_01\/1736364978806_now_brk_biden_brief_wildfires_250108_1920x1080-natmf4.jpg\" alt=\"\"\/><\/picture><\/div>\n<p><h2 class=\"playlist-drawer__title\" data-testid=\"playlist-title\">Biden: El impacto de los incendios forestales de California es &#8216;asombroso&#8217;<\/h2>\n<p><span class=\"playlist-drawer__duration founders-mono\" data-testid=\"playlist-duration\">01:58<\/span><\/p>\n<\/div>\n<\/li>\n<li class=\"styles_video__RJe5I\">\n<div class=\"playlist-drawer__video\" data-testid=\"playlist-drawer-video\">\n<div class=\"playlist-drawer__thumbnail\"><picture class=\"playlist-drawer__thumbnail\" data-testid=\"picture\"><source media=\"(min-width: 1000px)\" srcset=\"https:\/\/media-cldnry.s-nbcnews.com\/image\/upload\/t_focal-280x140,f_auto,q_auto:best\/mpx\/2704722219\/2025_01\/1736212563589_f_mo_biden_prayer_nola_250106_1920x1080-dplr7r.jpg\"\/><source media=\"(min-width: 758px)\" srcset=\"https:\/\/media-cldnry.s-nbcnews.com\/image\/upload\/t_focal-760x380,f_auto,q_auto:best\/mpx\/2704722219\/2025_01\/1736212563589_f_mo_biden_prayer_nola_250106_1920x1080-dplr7r.jpg\"\/><source media=\"(min-width: 320px)\" srcset=\"https:\/\/media-cldnry.s-nbcnews.com\/image\/upload\/t_focal-520x260,f_auto,q_auto:best\/mpx\/2704722219\/2025_01\/1736212563589_f_mo_biden_prayer_nola_250106_1920x1080-dplr7r.jpg\"\/><img decoding=\"async\" loading=\"lazy\" src=\"https:\/\/media-cldnry.s-nbcnews.com\/image\/upload\/t_focal-520x260,f_auto,q_auto:best\/mpx\/2704722219\/2025_01\/1736212563589_f_mo_biden_prayer_nola_250106_1920x1080-dplr7r.jpg\" alt=\"\"\/><\/picture><\/div>\n<p><h2 class=\"playlist-drawer__title\" data-testid=\"playlist-title\">Biden habla con las familias del ataque en Nueva Orleans: \u00abNo est\u00e1n solos\u00bb<\/h2>\n<p><span class=\"playlist-drawer__duration founders-mono\" data-testid=\"playlist-duration\">05:21<\/span><\/p>\n<\/div>\n<\/li>\n<li class=\"styles_video__RJe5I\">\n<div class=\"playlist-drawer__video\" data-testid=\"playlist-drawer-video\">\n<div class=\"playlist-drawer__thumbnail\"><picture class=\"playlist-drawer__thumbnail\" data-testid=\"picture\"><source media=\"(min-width: 1000px)\" srcset=\"https:\/\/media-cldnry.s-nbcnews.com\/image\/upload\/t_focal-280x140,f_auto,q_auto:best\/mpx\/2704722219\/2025_01\/1736205925019_now_hallie_bourbon_street_biden_250106_1920x1080-b002cp.jpg\"\/><source media=\"(min-width: 758px)\" srcset=\"https:\/\/media-cldnry.s-nbcnews.com\/image\/upload\/t_focal-760x380,f_auto,q_auto:best\/mpx\/2704722219\/2025_01\/1736205925019_now_hallie_bourbon_street_biden_250106_1920x1080-b002cp.jpg\"\/><source media=\"(min-width: 320px)\" srcset=\"https:\/\/media-cldnry.s-nbcnews.com\/image\/upload\/t_focal-520x260,f_auto,q_auto:best\/mpx\/2704722219\/2025_01\/1736205925019_now_hallie_bourbon_street_biden_250106_1920x1080-b002cp.jpg\"\/><img decoding=\"async\" loading=\"lazy\" src=\"https:\/\/media-cldnry.s-nbcnews.com\/image\/upload\/t_focal-520x260,f_auto,q_auto:best\/mpx\/2704722219\/2025_01\/1736205925019_now_hallie_bourbon_street_biden_250106_1920x1080-b002cp.jpg\" alt=\"\"\/><\/picture><\/div>\n<p><h2 class=\"playlist-drawer__title\" data-testid=\"playlist-title\">Biden visita el monumento a las v\u00edctimas del mortal ataque de Bourbon Street<\/h2>\n<p><span class=\"playlist-drawer__duration founders-mono\" data-testid=\"playlist-duration\">04:38<\/span><\/p>\n<\/div>\n<\/li>\n<li class=\"styles_video__RJe5I\">\n<div class=\"playlist-drawer__video\" data-testid=\"playlist-drawer-video\">\n<div class=\"playlist-drawer__thumbnail\"><picture class=\"playlist-drawer__thumbnail\" data-testid=\"picture\"><source media=\"(min-width: 1000px)\" srcset=\"https:\/\/media-cldnry.s-nbcnews.com\/image\/upload\/t_focal-280x140,f_auto,q_auto:best\/mpx\/2704722219\/2025_01\/1736201017405_now_mtp_clip_odonnell_240106_1920x1080-d7qxiv.jpg\"\/><source media=\"(min-width: 758px)\" srcset=\"https:\/\/media-cldnry.s-nbcnews.com\/image\/upload\/t_focal-760x380,f_auto,q_auto:best\/mpx\/2704722219\/2025_01\/1736201017405_now_mtp_clip_odonnell_240106_1920x1080-d7qxiv.jpg\"\/><source media=\"(min-width: 320px)\" srcset=\"https:\/\/media-cldnry.s-nbcnews.com\/image\/upload\/t_focal-520x260,f_auto,q_auto:best\/mpx\/2704722219\/2025_01\/1736201017405_now_mtp_clip_odonnell_240106_1920x1080-d7qxiv.jpg\"\/><img decoding=\"async\" loading=\"lazy\" src=\"https:\/\/media-cldnry.s-nbcnews.com\/image\/upload\/t_focal-520x260,f_auto,q_auto:best\/mpx\/2704722219\/2025_01\/1736201017405_now_mtp_clip_odonnell_240106_1920x1080-d7qxiv.jpg\" alt=\"\"\/><\/picture><\/div>\n<p><h2 class=\"playlist-drawer__title\" data-testid=\"playlist-title\">Trump afirma que revocar\u00e1 la prohibici\u00f3n de perforaci\u00f3n en alta mar de Biden<\/h2>\n<p><span class=\"playlist-drawer__duration founders-mono\" data-testid=\"playlist-duration\">02:51<\/span><\/p>\n<\/div>\n<\/li>\n<li class=\"styles_video__RJe5I\">\n<div class=\"playlist-drawer__video\" data-testid=\"playlist-drawer-video\">\n<div class=\"playlist-drawer__thumbnail\"><picture class=\"playlist-drawer__thumbnail\" data-testid=\"picture\"><source media=\"(min-width: 1000px)\" srcset=\"https:\/\/media-cldnry.s-nbcnews.com\/image\/upload\/t_focal-280x140,f_auto,q_auto:best\/mpx\/2704722219\/2025_01\/f_mo_biden_socact_250105.00_00_06_08.Still001-1ctf5c.jpg\"\/><source media=\"(min-width: 758px)\" srcset=\"https:\/\/media-cldnry.s-nbcnews.com\/image\/upload\/t_focal-760x380,f_auto,q_auto:best\/mpx\/2704722219\/2025_01\/f_mo_biden_socact_250105.00_00_06_08.Still001-1ctf5c.jpg\"\/><source media=\"(min-width: 320px)\" srcset=\"https:\/\/media-cldnry.s-nbcnews.com\/image\/upload\/t_focal-520x260,f_auto,q_auto:best\/mpx\/2704722219\/2025_01\/f_mo_biden_socact_250105.00_00_06_08.Still001-1ctf5c.jpg\"\/><img decoding=\"async\" loading=\"lazy\" src=\"https:\/\/media-cldnry.s-nbcnews.com\/image\/upload\/t_focal-520x260,f_auto,q_auto:best\/mpx\/2704722219\/2025_01\/f_mo_biden_socact_250105.00_00_06_08.Still001-1ctf5c.jpg\" alt=\"\"\/><\/picture><\/div>\n<p><h2 class=\"playlist-drawer__title\" data-testid=\"playlist-title\">Biden firma la Ley de Equidad en la Seguridad Social<\/h2>\n<p><span class=\"playlist-drawer__duration founders-mono\" data-testid=\"playlist-duration\">00:58<\/span><\/p>\n<\/div>\n<\/li>\n<li class=\"styles_video__RJe5I\">\n<div class=\"playlist-drawer__video\" data-testid=\"playlist-drawer-video\">\n<div class=\"playlist-drawer__thumbnail\"><picture class=\"playlist-drawer__thumbnail\" data-testid=\"picture\"><source media=\"(min-width: 1000px)\" srcset=\"https:\/\/media-cldnry.s-nbcnews.com\/image\/upload\/t_focal-280x140,f_auto,q_auto:best\/mpx\/2704722219\/2025_01\/1736035458369_nn_agi_medal_of_freedom_winners_250104_1920x1080-dg75bl.jpg\"\/><source media=\"(min-width: 758px)\" srcset=\"https:\/\/media-cldnry.s-nbcnews.com\/image\/upload\/t_focal-760x380,f_auto,q_auto:best\/mpx\/2704722219\/2025_01\/1736035458369_nn_agi_medal_of_freedom_winners_250104_1920x1080-dg75bl.jpg\"\/><source media=\"(min-width: 320px)\" srcset=\"https:\/\/media-cldnry.s-nbcnews.com\/image\/upload\/t_focal-520x260,f_auto,q_auto:best\/mpx\/2704722219\/2025_01\/1736035458369_nn_agi_medal_of_freedom_winners_250104_1920x1080-dg75bl.jpg\"\/><img decoding=\"async\" loading=\"lazy\" src=\"https:\/\/media-cldnry.s-nbcnews.com\/image\/upload\/t_focal-520x260,f_auto,q_auto:best\/mpx\/2704722219\/2025_01\/1736035458369_nn_agi_medal_of_freedom_winners_250104_1920x1080-dg75bl.jpg\" alt=\"\"\/><\/picture><\/div>\n<p><h2 class=\"playlist-drawer__title\" data-testid=\"playlist-title\">Biden honra a 19 pol\u00edticos, fil\u00e1ntropos e \u00edconos culturales con la Medalla Presidencial de la Libertad<\/h2>\n<p><span class=\"playlist-drawer__duration founders-mono\" data-testid=\"playlist-duration\">01:50<\/span><\/p>\n<\/div>\n<\/li>\n<li class=\"styles_video__RJe5I\">\n<div class=\"playlist-drawer__video\" data-testid=\"playlist-drawer-video\">\n<div class=\"playlist-drawer__thumbnail\"><picture class=\"playlist-drawer__thumbnail\" data-testid=\"picture\"><source media=\"(min-width: 1000px)\" srcset=\"https:\/\/media-cldnry.s-nbcnews.com\/image\/upload\/t_focal-280x140,f_auto,q_auto:best\/mpx\/2704722219\/2025_01\/cheny-7mkl77.jpg\"\/><source media=\"(min-width: 758px)\" srcset=\"https:\/\/media-cldnry.s-nbcnews.com\/image\/upload\/t_focal-760x380,f_auto,q_auto:best\/mpx\/2704722219\/2025_01\/cheny-7mkl77.jpg\"\/><source media=\"(min-width: 320px)\" srcset=\"https:\/\/media-cldnry.s-nbcnews.com\/image\/upload\/t_focal-520x260,f_auto,q_auto:best\/mpx\/2704722219\/2025_01\/cheny-7mkl77.jpg\"\/><img decoding=\"async\" loading=\"lazy\" src=\"https:\/\/media-cldnry.s-nbcnews.com\/image\/upload\/t_focal-520x260,f_auto,q_auto:best\/mpx\/2704722219\/2025_01\/cheny-7mkl77.jpg\" alt=\"\"\/><\/picture><\/div>\n<p><h2 class=\"playlist-drawer__title\" data-testid=\"playlist-title\">El ex representante Cheney y el representante Thompson reciben la medalla de ciudadanos presidenciales de manos de Biden<\/h2>\n<p><span class=\"playlist-drawer__duration founders-mono\" data-testid=\"playlist-duration\">02:13<\/span><\/p>\n<\/div>\n<\/li>\n<li class=\"styles_video__RJe5I\">\n<div class=\"playlist-drawer__video\" data-testid=\"playlist-drawer-video\">\n<div class=\"playlist-drawer__thumbnail\"><picture class=\"playlist-drawer__thumbnail\" data-testid=\"picture\"><source media=\"(min-width: 1000px)\" srcset=\"https:\/\/media-cldnry.s-nbcnews.com\/image\/upload\/t_focal-280x140,f_auto,q_auto:best\/mpx\/2704722219\/2025_01\/1735776812889_nbc_spec_biden_nola_250101_1920x1080-k1jng6.jpg\"\/><source media=\"(min-width: 758px)\" srcset=\"https:\/\/media-cldnry.s-nbcnews.com\/image\/upload\/t_focal-760x380,f_auto,q_auto:best\/mpx\/2704722219\/2025_01\/1735776812889_nbc_spec_biden_nola_250101_1920x1080-k1jng6.jpg\"\/><source media=\"(min-width: 320px)\" srcset=\"https:\/\/media-cldnry.s-nbcnews.com\/image\/upload\/t_focal-520x260,f_auto,q_auto:best\/mpx\/2704722219\/2025_01\/1735776812889_nbc_spec_biden_nola_250101_1920x1080-k1jng6.jpg\"\/><img decoding=\"async\" loading=\"lazy\" src=\"https:\/\/media-cldnry.s-nbcnews.com\/image\/upload\/t_focal-520x260,f_auto,q_auto:best\/mpx\/2704722219\/2025_01\/1735776812889_nbc_spec_biden_nola_250101_1920x1080-k1jng6.jpg\" alt=\"\"\/><\/picture><\/div>\n<p><h2 class=\"playlist-drawer__title\" data-testid=\"playlist-title\">Biden habla sobre el &#8216;despreciable&#8217; ataque con cami\u00f3n en Nueva Orleans<\/h2>\n<p><span class=\"playlist-drawer__duration founders-mono\" data-testid=\"playlist-duration\">04:07<\/span><\/p>\n<\/div>\n<\/li>\n<li class=\"styles_video__RJe5I\">\n<div class=\"playlist-drawer__video\" data-testid=\"playlist-drawer-video\">\n<div class=\"playlist-drawer__thumbnail\"><picture class=\"playlist-drawer__thumbnail\" data-testid=\"picture\"><source media=\"(min-width: 1000px)\" srcset=\"https:\/\/media-cldnry.s-nbcnews.com\/image\/upload\/t_focal-280x140,f_auto,q_auto:best\/mpx\/2704722219\/2025_01\/1735743663099_nbc_spec_biden_briefed_nola_250101_1920x1080-0dw9q4.jpg\"\/><source media=\"(min-width: 758px)\" srcset=\"https:\/\/media-cldnry.s-nbcnews.com\/image\/upload\/t_focal-760x380,f_auto,q_auto:best\/mpx\/2704722219\/2025_01\/1735743663099_nbc_spec_biden_briefed_nola_250101_1920x1080-0dw9q4.jpg\"\/><source media=\"(min-width: 320px)\" srcset=\"https:\/\/media-cldnry.s-nbcnews.com\/image\/upload\/t_focal-520x260,f_auto,q_auto:best\/mpx\/2704722219\/2025_01\/1735743663099_nbc_spec_biden_briefed_nola_250101_1920x1080-0dw9q4.jpg\"\/><img decoding=\"async\" loading=\"lazy\" src=\"https:\/\/media-cldnry.s-nbcnews.com\/image\/upload\/t_focal-520x260,f_auto,q_auto:best\/mpx\/2704722219\/2025_01\/1735743663099_nbc_spec_biden_briefed_nola_250101_1920x1080-0dw9q4.jpg\" alt=\"\"\/><\/picture><\/div>\n<p><h2 class=\"playlist-drawer__title\" data-testid=\"playlist-title\">Biden inform\u00f3 sobre el ataque de Nueva Orleans y habl\u00f3 con el alcalde sobre el apoyo federal<\/h2>\n<p><span class=\"playlist-drawer__duration founders-mono\" data-testid=\"playlist-duration\">01:27<\/span><\/p>\n<\/div>\n<\/li>\n<li class=\"styles_video__RJe5I\">\n<div class=\"playlist-drawer__video\" data-testid=\"playlist-drawer-video\">\n<div class=\"playlist-drawer__thumbnail\"><picture class=\"playlist-drawer__thumbnail\" data-testid=\"picture\"><source media=\"(min-width: 1000px)\" srcset=\"https:\/\/media-cldnry.s-nbcnews.com\/image\/upload\/t_focal-280x140,f_auto,q_auto:best\/mpx\/2704722219\/2024_12\/1735520035664_nbc_full_biden_carter_241229_1920x1080-y68elc.jpg\"\/><source media=\"(min-width: 758px)\" srcset=\"https:\/\/media-cldnry.s-nbcnews.com\/image\/upload\/t_focal-760x380,f_auto,q_auto:best\/mpx\/2704722219\/2024_12\/1735520035664_nbc_full_biden_carter_241229_1920x1080-y68elc.jpg\"\/><source media=\"(min-width: 320px)\" srcset=\"https:\/\/media-cldnry.s-nbcnews.com\/image\/upload\/t_focal-520x260,f_auto,q_auto:best\/mpx\/2704722219\/2024_12\/1735520035664_nbc_full_biden_carter_241229_1920x1080-y68elc.jpg\"\/><img decoding=\"async\" loading=\"lazy\" src=\"https:\/\/media-cldnry.s-nbcnews.com\/image\/upload\/t_focal-520x260,f_auto,q_auto:best\/mpx\/2704722219\/2024_12\/1735520035664_nbc_full_biden_carter_241229_1920x1080-y68elc.jpg\" alt=\"\"\/><\/picture><\/div>\n<p><h2 class=\"playlist-drawer__title\" data-testid=\"playlist-title\">Biden sobre la muerte de Jimmy Carter: Estados Unidos &#8216;perdi\u00f3 a un l\u00edder notable&#8217;<\/h2>\n<p><span class=\"playlist-drawer__duration founders-mono\" data-testid=\"playlist-duration\">14:30<\/span><\/p>\n<\/div>\n<\/li>\n<li class=\"styles_video__RJe5I\">\n<div class=\"playlist-drawer__video\" data-testid=\"playlist-drawer-video\">\n<div class=\"playlist-drawer__thumbnail\"><picture class=\"playlist-drawer__thumbnail\" data-testid=\"picture\"><source media=\"(min-width: 1000px)\" srcset=\"https:\/\/media-cldnry.s-nbcnews.com\/image\/upload\/t_focal-280x140,f_auto,q_auto:best\/mpx\/2704722219\/2024_12\/1734958016834_now_mnn_biden_death_row_commutes_241223_1920x1080-04jw4w.jpg\"\/><source media=\"(min-width: 758px)\" srcset=\"https:\/\/media-cldnry.s-nbcnews.com\/image\/upload\/t_focal-760x380,f_auto,q_auto:best\/mpx\/2704722219\/2024_12\/1734958016834_now_mnn_biden_death_row_commutes_241223_1920x1080-04jw4w.jpg\"\/><source media=\"(min-width: 320px)\" srcset=\"https:\/\/media-cldnry.s-nbcnews.com\/image\/upload\/t_focal-520x260,f_auto,q_auto:best\/mpx\/2704722219\/2024_12\/1734958016834_now_mnn_biden_death_row_commutes_241223_1920x1080-04jw4w.jpg\"\/><img decoding=\"async\" loading=\"lazy\" src=\"https:\/\/media-cldnry.s-nbcnews.com\/image\/upload\/t_focal-520x260,f_auto,q_auto:best\/mpx\/2704722219\/2024_12\/1734958016834_now_mnn_biden_death_row_commutes_241223_1920x1080-04jw4w.jpg\" alt=\"\"\/><\/picture><\/div>\n<p><h2 class=\"playlist-drawer__title\" data-testid=\"playlist-title\">Biden conmuta las penas de muerte para decenas de condenados a muerte<\/h2>\n<p><span class=\"playlist-drawer__duration founders-mono\" data-testid=\"playlist-duration\">01:27<\/span><\/p>\n<\/div>\n<\/li>\n<\/ul>\n<\/section>\n<\/div>\n<p><button class=\"styles_nextButton__rVyuE\" type=\"button\" data-testid=\"next-button\"><span class=\"icon icon-back\"\/><\/button><\/div>\n<\/div>\n<div class=\"layout-grid-container\">\n<div class=\"video-details__info\" data-testid=\"video-details\">\n<div class=\"video-details__title-and-share-and-dek\">\n<div class=\"video-details__dek\">\n<p class=\"video-details__dek-text\"><span class=\"video-details__dek-description\">Durante su discurso de despedida a la naci\u00f3n, el presidente Biden se centr\u00f3 en las amenazas a la democracia y la sociedad, destacando las preocupaciones sobre la oligarqu\u00eda, el cambio clim\u00e1tico y los riesgos de la tecnolog\u00eda no regulada. Pidi\u00f3 inteligencia artificial segura y confiable y critic\u00f3 las plataformas de redes sociales, en particular su papel en la difusi\u00f3n de informaci\u00f3n err\u00f3nea y el fin de los esfuerzos de verificaci\u00f3n de datos.<\/span><span class=\"video-details__by-line\">16 de enero de 2025<\/span><\/p>\n<\/div>\n<p><button class=\"video-details__dek-read-more\" type=\"button\">Leer<!-- --> <!-- -->M\u00e1s<\/button><\/div>\n<\/div>\n<\/div>\n<\/div>\n<div class=\"video-page__carousel\" data-testid=\"video-page-playlist\"><button class=\"styles_prevButton__Fx_g5 styles_disabled__HbxXI\" type=\"button\" data-testid=\"prev-button\"><span class=\"icon icon-back\"\/><\/button><\/p>\n<div class=\"styles_playlistDrawer__cldGd\" data-testid=\"playlist-drawer\">\n<section class=\"styles_playlist__9021X\">\n<ul class=\"styles_videos__nQb5X\">\n<li class=\"styles_video__RJe5I\">\n<div class=\"playlist-drawer__video\" data-testid=\"playlist-drawer-video\">\n<div class=\"playlist-drawer__thumbnail\"><picture class=\"playlist-drawer__thumbnail\" data-testid=\"picture\"><source media=\"(min-width: 1000px)\" srcset=\"https:\/\/media-cldnry.s-nbcnews.com\/image\/upload\/t_focal-280x140,f_auto,q_auto:best\/mpx\/2704722219\/2025_01\/1736991736729_nbc_spec_biden_thanks_250115_1920x1080-kwy622.jpg\"\/><source media=\"(min-width: 758px)\" srcset=\"https:\/\/media-cldnry.s-nbcnews.com\/image\/upload\/t_focal-760x380,f_auto,q_auto:best\/mpx\/2704722219\/2025_01\/1736991736729_nbc_spec_biden_thanks_250115_1920x1080-kwy622.jpg\"\/><source media=\"(min-width: 320px)\" srcset=\"https:\/\/media-cldnry.s-nbcnews.com\/image\/upload\/t_focal-520x260,f_auto,q_auto:best\/mpx\/2704722219\/2025_01\/1736991736729_nbc_spec_biden_thanks_250115_1920x1080-kwy622.jpg\"\/><img decoding=\"async\" loading=\"lazy\" src=\"https:\/\/media-cldnry.s-nbcnews.com\/image\/upload\/t_focal-520x260,f_auto,q_auto:best\/mpx\/2704722219\/2025_01\/1736991736729_nbc_spec_biden_thanks_250115_1920x1080-kwy622.jpg\" alt=\"\"\/><\/picture><\/div>\n<p><h2 class=\"playlist-drawer__title\" data-testid=\"playlist-title\">Biden reflexiona sobre los logros y la resiliencia estadounidense en su discurso de despedida<\/h2>\n<p><span class=\"playlist-drawer__duration founders-mono\" data-testid=\"playlist-duration\">02:42<\/span><\/p>\n<\/div>\n<\/li>\n<li class=\"styles_video__RJe5I\">\n<div class=\"playlist-drawer__video\" data-testid=\"playlist-drawer-video\">\n<div class=\"playlist-drawer__thumbnail\"><picture class=\"playlist-drawer__thumbnail\" data-testid=\"picture\"><source media=\"(min-width: 1000px)\" srcset=\"https:\/\/media-cldnry.s-nbcnews.com\/image\/upload\/t_focal-280x140,f_auto,q_auto:best\/mpx\/2704722219\/2025_01\/1736991608049_nbc_spec_full_bidenaddress_250125_1920x1080-gkisif.jpg\"\/><source media=\"(min-width: 758px)\" srcset=\"https:\/\/media-cldnry.s-nbcnews.com\/image\/upload\/t_focal-760x380,f_auto,q_auto:best\/mpx\/2704722219\/2025_01\/1736991608049_nbc_spec_full_bidenaddress_250125_1920x1080-gkisif.jpg\"\/><source media=\"(min-width: 320px)\" srcset=\"https:\/\/media-cldnry.s-nbcnews.com\/image\/upload\/t_focal-520x260,f_auto,q_auto:best\/mpx\/2704722219\/2025_01\/1736991608049_nbc_spec_full_bidenaddress_250125_1920x1080-gkisif.jpg\"\/><img decoding=\"async\" loading=\"lazy\" src=\"https:\/\/media-cldnry.s-nbcnews.com\/image\/upload\/t_focal-520x260,f_auto,q_auto:best\/mpx\/2704722219\/2025_01\/1736991608049_nbc_spec_full_bidenaddress_250125_1920x1080-gkisif.jpg\" alt=\"\"\/><\/picture><\/div>\n<p><h2 class=\"playlist-drawer__title\" data-testid=\"playlist-title\">Informe especial: Biden pronuncia un discurso de despedida desde la Oficina Oval<\/h2>\n<p><span class=\"playlist-drawer__duration founders-mono\" data-testid=\"playlist-duration\">22:00<\/span><\/p>\n<\/div>\n<\/li>\n<li class=\"styles_video__RJe5I\">\n<div class=\"playlist-drawer__video\" data-testid=\"playlist-drawer-video\">\n<div class=\"playlist-drawer__thumbnail\">\n<p>Ahora jugando<\/p>\n<picture class=\"playlist-drawer__thumbnail\" data-testid=\"picture\"><source media=\"(min-width: 1000px)\" srcset=\"https:\/\/media-cldnry.s-nbcnews.com\/image\/upload\/t_focal-280x140,f_auto,q_auto:best\/mpx\/2704722219\/2025_01\/1736990958848_nbc_spec_biden_warning_250115_1920x1080-usloea.jpg\"\/><source media=\"(min-width: 758px)\" srcset=\"https:\/\/media-cldnry.s-nbcnews.com\/image\/upload\/t_focal-760x380,f_auto,q_auto:best\/mpx\/2704722219\/2025_01\/1736990958848_nbc_spec_biden_warning_250115_1920x1080-usloea.jpg\"\/><source media=\"(min-width: 320px)\" srcset=\"https:\/\/media-cldnry.s-nbcnews.com\/image\/upload\/t_focal-520x260,f_auto,q_auto:best\/mpx\/2704722219\/2025_01\/1736990958848_nbc_spec_biden_warning_250115_1920x1080-usloea.jpg\"\/><img decoding=\"async\" loading=\"lazy\" src=\"https:\/\/media-cldnry.s-nbcnews.com\/image\/upload\/t_focal-520x260,f_auto,q_auto:best\/mpx\/2704722219\/2025_01\/1736990958848_nbc_spec_biden_warning_250115_1920x1080-usloea.jpg\" alt=\"\"\/><\/picture><\/div>\n<p><h2 class=\"playlist-drawer__title\" data-testid=\"playlist-title\">Biden advierte contra \u00abla oligarqu\u00eda tomando forma en Estados Unidos\u00bb<\/h2>\n<p><span class=\"playlist-drawer__duration founders-mono\" data-testid=\"playlist-duration\">03:52<\/span><\/p>\n<\/div>\n<\/li>\n<li class=\"styles_video__RJe5I\">\n<div class=\"playlist-drawer__video\" data-testid=\"playlist-drawer-video\">\n<p>ARRIBA SIGUIENTE<\/p>\n<div class=\"playlist-drawer__thumbnail\"><picture class=\"playlist-drawer__thumbnail\" data-testid=\"picture\"><source media=\"(min-width: 1000px)\" srcset=\"https:\/\/media-cldnry.s-nbcnews.com\/image\/upload\/t_focal-280x140,f_auto,q_auto:best\/mpx\/2704722219\/2025_01\/1736971835416_nbc_spec_biden_trump_joke_250115_1920x1080-c9m4jf.jpg\"\/><source media=\"(min-width: 758px)\" srcset=\"https:\/\/media-cldnry.s-nbcnews.com\/image\/upload\/t_focal-760x380,f_auto,q_auto:best\/mpx\/2704722219\/2025_01\/1736971835416_nbc_spec_biden_trump_joke_250115_1920x1080-c9m4jf.jpg\"\/><source media=\"(min-width: 320px)\" srcset=\"https:\/\/media-cldnry.s-nbcnews.com\/image\/upload\/t_focal-520x260,f_auto,q_auto:best\/mpx\/2704722219\/2025_01\/1736971835416_nbc_spec_biden_trump_joke_250115_1920x1080-c9m4jf.jpg\"\/><img decoding=\"async\" loading=\"lazy\" src=\"https:\/\/media-cldnry.s-nbcnews.com\/image\/upload\/t_focal-520x260,f_auto,q_auto:best\/mpx\/2704722219\/2025_01\/1736971835416_nbc_spec_biden_trump_joke_250115_1920x1080-c9m4jf.jpg\" alt=\"\"\/><\/picture><\/div>\n<p><h2 class=\"playlist-drawer__title\" data-testid=\"playlist-title\">&#8216;\u00bfEs una broma?&#8217;: Biden pregunt\u00f3 si \u00e9l o Trump reciben cr\u00e9dito por el acuerdo de alto el fuego<\/h2>\n<p><span class=\"playlist-drawer__duration founders-mono\" data-testid=\"playlist-duration\">00:51<\/span><\/p>\n<\/div>\n<\/li>\n<li class=\"styles_video__RJe5I\">\n<div class=\"playlist-drawer__video\" data-testid=\"playlist-drawer-video\">\n<div class=\"playlist-drawer__thumbnail\"><picture class=\"playlist-drawer__thumbnail\" data-testid=\"picture\"><source media=\"(min-width: 1000px)\" srcset=\"https:\/\/media-cldnry.s-nbcnews.com\/image\/upload\/t_focal-280x140,f_auto,q_auto:best\/mpx\/2704722219\/2025_01\/1736969117743_nbc_spec_biden_ceasefire_250115_1920x1080-lcyy37.jpg\"\/><source media=\"(min-width: 758px)\" srcset=\"https:\/\/media-cldnry.s-nbcnews.com\/image\/upload\/t_focal-760x380,f_auto,q_auto:best\/mpx\/2704722219\/2025_01\/1736969117743_nbc_spec_biden_ceasefire_250115_1920x1080-lcyy37.jpg\"\/><source media=\"(min-width: 320px)\" srcset=\"https:\/\/media-cldnry.s-nbcnews.com\/image\/upload\/t_focal-520x260,f_auto,q_auto:best\/mpx\/2704722219\/2025_01\/1736969117743_nbc_spec_biden_ceasefire_250115_1920x1080-lcyy37.jpg\"\/><img decoding=\"async\" loading=\"lazy\" src=\"https:\/\/media-cldnry.s-nbcnews.com\/image\/upload\/t_focal-520x260,f_auto,q_auto:best\/mpx\/2704722219\/2025_01\/1736969117743_nbc_spec_biden_ceasefire_250115_1920x1080-lcyy37.jpg\" alt=\"\"\/><\/picture><\/div>\n<p><h2 class=\"playlist-drawer__title\" data-testid=\"playlist-title\">&#8216;Por fin&#8217;: Biden habla sobre el acuerdo de alto el fuego entre Israel y Hamas<\/h2>\n<p><span class=\"playlist-drawer__duration founders-mono\" data-testid=\"playlist-duration\">10:17<\/span><\/p>\n<\/div>\n<\/li>\n<li class=\"styles_video__RJe5I\">\n<div class=\"playlist-drawer__video\" data-testid=\"playlist-drawer-video\">\n<div class=\"playlist-drawer__thumbnail\"><picture class=\"playlist-drawer__thumbnail\" data-testid=\"picture\"><source media=\"(min-width: 1000px)\" srcset=\"https:\/\/media-cldnry.s-nbcnews.com\/image\/upload\/t_focal-280x140,f_auto,q_auto:best\/mpx\/2704722219\/2025_01\/1736921499084_now_topstory_biden_cuba_250114_1920x1080-6wdhua.jpg\"\/><source media=\"(min-width: 758px)\" srcset=\"https:\/\/media-cldnry.s-nbcnews.com\/image\/upload\/t_focal-760x380,f_auto,q_auto:best\/mpx\/2704722219\/2025_01\/1736921499084_now_topstory_biden_cuba_250114_1920x1080-6wdhua.jpg\"\/><source media=\"(min-width: 320px)\" srcset=\"https:\/\/media-cldnry.s-nbcnews.com\/image\/upload\/t_focal-520x260,f_auto,q_auto:best\/mpx\/2704722219\/2025_01\/1736921499084_now_topstory_biden_cuba_250114_1920x1080-6wdhua.jpg\"\/><img decoding=\"async\" loading=\"lazy\" src=\"https:\/\/media-cldnry.s-nbcnews.com\/image\/upload\/t_focal-520x260,f_auto,q_auto:best\/mpx\/2704722219\/2025_01\/1736921499084_now_topstory_biden_cuba_250114_1920x1080-6wdhua.jpg\" alt=\"\"\/><\/picture><\/div>\n<p><h2 class=\"playlist-drawer__title\" data-testid=\"playlist-title\">La administraci\u00f3n Biden eliminar\u00e1 la designaci\u00f3n de Cuba como Estado patrocinador del terrorismo<\/h2>\n<p><span class=\"playlist-drawer__duration founders-mono\" data-testid=\"playlist-duration\">04:27<\/span><\/p>\n<\/div>\n<\/li>\n<\/ul>\n<\/section>\n<\/div>\n<p><button class=\"styles_nextButton__rVyuE\" type=\"button\" data-testid=\"next-button\"><span class=\"icon icon-back\"\/><\/button><\/div>\n<\/div>\n<\/div>\n<\/div>\n\n","protected":false},"excerpt":{"rendered":"<p>IE 11 no es compatible. Para una experiencia \u00f3ptima, visite nuestro sitio en otro navegador. Biden reflexiona sobre los logros y la resiliencia estadounidense en su discurso de despedida 02:42 Informe especial: Biden pronuncia un discurso de despedida desde la Oficina Oval 22:00 Ahora jugando Biden advierte contra \u00abla oligarqu\u00eda tomando forma en Estados Unidos\u00bb &hellip;<\/p>\n","protected":false},"author":1,"featured_media":10595,"comment_status":"open","ping_status":"open","sticky":false,"template":"","format":"standard","meta":{"fifu_image_url":"https:\/\/media-cldnry.s-nbcnews.com\/image\/upload\/t_nbcnews-fp-1200-630,f_auto,q_auto:best\/mpx\/2704722219\/2025_01\/1736990958848_nbc_spec_biden_warning_250115_1920x1080-usloea.jpg","fifu_image_alt":"","footnotes":""},"categories":[4],"tags":[],"class_list":["post-10593","post","type-post","status-publish","format-standard","has-post-thumbnail","","category-historias-destacadas"],"_links":{"self":[{"href":"https:\/\/noticiasveraces.com\/index.php?rest_route=\/wp\/v2\/posts\/10593","targetHints":{"allow":["GET"]}}],"collection":[{"href":"https:\/\/noticiasveraces.com\/index.php?rest_route=\/wp\/v2\/posts"}],"about":[{"href":"https:\/\/noticiasveraces.com\/index.php?rest_route=\/wp\/v2\/types\/post"}],"author":[{"embeddable":true,"href":"https:\/\/noticiasveraces.com\/index.php?rest_route=\/wp\/v2\/users\/1"}],"replies":[{"embeddable":true,"href":"https:\/\/noticiasveraces.com\/index.php?rest_route=%2Fwp%2Fv2%2Fcomments&post=10593"}],"version-history":[{"count":0,"href":"https:\/\/noticiasveraces.com\/index.php?rest_route=\/wp\/v2\/posts\/10593\/revisions"}],"wp:featuredmedia":[{"embeddable":true,"href":"https:\/\/noticiasveraces.com\/index.php?rest_route=\/wp\/v2\/media\/10595"}],"wp:attachment":[{"href":"https:\/\/noticiasveraces.com\/index.php?rest_route=%2Fwp%2Fv2%2Fmedia&parent=10593"}],"wp:term":[{"taxonomy":"category","embeddable":true,"href":"https:\/\/noticiasveraces.com\/index.php?rest_route=%2Fwp%2Fv2%2Fcategories&post=10593"},{"taxonomy":"post_tag","embeddable":true,"href":"https:\/\/noticiasveraces.com\/index.php?rest_route=%2Fwp%2Fv2%2Ftags&post=10593"}],"curies":[{"name":"wp","href":"https:\/\/api.w.org\/{rel}","templated":true}]}}