{"id":10562,"date":"2025-01-15T15:44:59","date_gmt":"2025-01-15T19:44:59","guid":{"rendered":"https:\/\/noticiasveraces.com\/?p=10562"},"modified":"2025-01-15T15:44:59","modified_gmt":"2025-01-15T19:44:59","slug":"blinken-afirma-que-el-pacto-en-gaza-debe-ir-seguido-de-la-paz-dw-15-01-2025","status":"publish","type":"post","link":"https:\/\/noticiasveraces.com\/?p=10562","title":{"rendered":"Blinken afirma que el pacto en Gaza debe ir seguido de la paz \u2013 DW \u2013 15\/01\/2025"},"content":{"rendered":"<p> \n<\/p>\n<div>\n<p>El secretario del Estado estadounidense, Antony Blinken, se\u00f1al\u00f3 este mi\u00e9rcoles (15.01.2025) que el acuerdo de alto el fuego en la Franja de Gaza debe de ir seguido de negociaciones para alcanzar un cese permanente de las hostilidades.<\/p>\n<p>El jefe de la diplomacia estadounidense se pronunci\u00f3 en la cadena CNN el mismo d\u00eda en que la organizaci\u00f3n islamista Ham\u00e1s ha entregado su respuesta afirmativa a los mediadores en Doha (EE.UU., Egipto y Qatar) respecto a la propuesta del acuerdo con Israel.<\/p>\n<p>Las partes acordaron la progresiva retirada de las tropas israel\u00edes de la ciudad sure\u00f1a de Rafah, fronteriza con Egipto, en la primera fase. En la segunda y tercera Israel y Ham\u00e1s negociar\u00edan la salida de las tropas del corredor de Filadelfia.<\/p>\n<p>\u00abDurante esas seis semanas tenemos que negociar para llegar a un alto el fuego permanente para que Israel retire todas sus fuerzas de Gaza y Ham\u00e1s no vuelva a entrar y se establezcan los acuerdos necesarios de gobernanza, seguridad y reconstrucci\u00f3n para que Gaza pueda avanzar. \u00bfEst\u00e1 eso solucionado? No\u00bb, dijo.<\/p>\n<p>(efe, afp, cnn\/mn)<\/p>\n<\/p>\n<\/div>\n\n","protected":false},"excerpt":{"rendered":"<p>El secretario del Estado estadounidense, Antony Blinken, se\u00f1al\u00f3 este mi\u00e9rcoles (15.01.2025) que el acuerdo de alto el fuego en la Franja de Gaza debe de ir seguido de negociaciones para alcanzar un cese permanente de las hostilidades. El jefe de la diplomacia estadounidense se pronunci\u00f3 en la cadena CNN el mismo d\u00eda en que la &hellip;<\/p>\n","protected":false},"author":1,"featured_media":10563,"comment_status":"open","ping_status":"open","sticky":false,"template":"","format":"standard","meta":{"fifu_image_url":"https:\/\/static.dw.com\/image\/71214510_6.jpg","fifu_image_alt":"","footnotes":""},"categories":[13],"tags":[],"class_list":["post-10562","post","type-post","status-publish","format-standard","has-post-thumbnail","","category-mundo"],"_links":{"self":[{"href":"https:\/\/noticiasveraces.com\/index.php?rest_route=\/wp\/v2\/posts\/10562","targetHints":{"allow":["GET"]}}],"collection":[{"href":"https:\/\/noticiasveraces.com\/index.php?rest_route=\/wp\/v2\/posts"}],"about":[{"href":"https:\/\/noticiasveraces.com\/index.php?rest_route=\/wp\/v2\/types\/post"}],"author":[{"embeddable":true,"href":"https:\/\/noticiasveraces.com\/index.php?rest_route=\/wp\/v2\/users\/1"}],"replies":[{"embeddable":true,"href":"https:\/\/noticiasveraces.com\/index.php?rest_route=%2Fwp%2Fv2%2Fcomments&post=10562"}],"version-history":[{"count":0,"href":"https:\/\/noticiasveraces.com\/index.php?rest_route=\/wp\/v2\/posts\/10562\/revisions"}],"wp:featuredmedia":[{"embeddable":true,"href":"https:\/\/noticiasveraces.com\/index.php?rest_route=\/wp\/v2\/media\/10563"}],"wp:attachment":[{"href":"https:\/\/noticiasveraces.com\/index.php?rest_route=%2Fwp%2Fv2%2Fmedia&parent=10562"}],"wp:term":[{"taxonomy":"category","embeddable":true,"href":"https:\/\/noticiasveraces.com\/index.php?rest_route=%2Fwp%2Fv2%2Fcategories&post=10562"},{"taxonomy":"post_tag","embeddable":true,"href":"https:\/\/noticiasveraces.com\/index.php?rest_route=%2Fwp%2Fv2%2Ftags&post=10562"}],"curies":[{"name":"wp","href":"https:\/\/api.w.org\/{rel}","templated":true}]}}