{"id":10560,"date":"2025-01-15T14:58:00","date_gmt":"2025-01-15T18:58:00","guid":{"rendered":"https:\/\/noticiasveraces.com\/?p=10560"},"modified":"2025-01-15T14:58:00","modified_gmt":"2025-01-15T18:58:00","slug":"los-parlamentarios-pro-waspi-se-comprometen-a-seguir-luchando-despues-de-la-traicion-absoluta-finanzas-personales-finanzas","status":"publish","type":"post","link":"https:\/\/noticiasveraces.com\/?p=10560","title":{"rendered":"Los parlamentarios pro-WASPI se comprometen a seguir luchando despu\u00e9s de la \u00abtraici\u00f3n absoluta\u00bb | Finanzas personales | Finanzas"},"content":{"rendered":"<p> \n<\/p>\n<div>\n<p>Los parlamentarios que apoyan la causa de compensaci\u00f3n WASPI (Mujeres contra la desigualdad en las pensiones estatales) criticaron al Gobierno por su decisi\u00f3n de no compensar a las mujeres. El diputado conservador Sir John Hayes abri\u00f3 un debate en Westminster Hall sobre el tema hoy (15 de enero) y dijo que la forma en que hab\u00edan sido tratadas las mujeres nacidas en la d\u00e9cada de 1950 era una \u00abtraici\u00f3n\u00bb.<\/p>\n<p>Esta generaci\u00f3n de mujeres se vio afectada cuando la edad de jubilaci\u00f3n estatal aument\u00f3 de 60 a 65 y 66 a\u00f1os, y muchas afirmaron que no estaban al tanto del cambio.<\/p>\n<p>El Defensor del Pueblo del Servicio Parlamentario y de Salud dijo que hubo \u00abmala administraci\u00f3n\u00bb en la forma en que el DWP comunic\u00f3 el cambio, recomendando pagos de entre \u00a3 1.000 y \u00a3 2.950.<\/p>\n<p>Pero el Gobierno dijo el mes pasado que no habr\u00eda pagos, diciendo que la mayor\u00eda de las mujeres sab\u00edan del cambio y que emitir pagos ser\u00eda un mal uso del dinero de los contribuyentes.<\/p>\n<\/div>\n<div>\n<p>El diputado laborista John McDonnell habl\u00f3 en el debate pidiendo una compensaci\u00f3n. Fue canciller en la sombra durante las elecciones generales de 2019, cuando los laboristas establecieron un manifiesto de compromiso para crear un \u00absistema de recompensa\u00bb para las mujeres de WASPI.<\/p>\n<\/div>\n<div>\n<p>Dijo: \u00abNo haberlo implementado ha aplastado a la gente. Ha aplastado su confianza en todo el sistema\u00bb.<\/p>\n<p>Pidi\u00f3 a los ministros laboristas que actuaran y dijo: \u00abTengo que decirle a mi propio partido en el Gobierno que lo que necesitamos ahora es que el Gobierno se siente con las mujeres de WASPI.<\/p>\n<p>\u00abO implementar este plan o mediar para encontrar una alternativa. Necesitamos acci\u00f3n. Este problema no va a desaparecer, no vamos a desaparecer. Las mujeres no van a desaparecer. Tr\u00e1gicamente algunas de ellas est\u00e1n muriendo, pero Esta campa\u00f1a continuar\u00e1 hasta que consigamos justicia\u00bb.<\/p>\n<p>Muchos parlamentarios han apoyado la campa\u00f1a, y los Dem\u00f3cratas Liberales, el SNP y el Partido Verde respaldan la causa.<\/p>\n<p>La diputada del DUP, Carla Lockhart, habl\u00f3 de c\u00f3mo miles de mujeres WASPI en Irlanda del Norte \u00abse sienten absolutamente traicionadas por este Gobierno\u00bb.<\/p>\n<\/div>\n<div>\n<p>Dijo: \u00abLas mujeres de hoy atraviesan dificultades econ\u00f3micas debido a esta traici\u00f3n. Es moralmente indefendible que no se haya puesto a disposici\u00f3n de estas mujeres ni un centavo\u00bb.<\/p>\n<p>Rebecca Long-Bailey, partidaria de WASPI desde hace mucho tiempo, tambi\u00e9n inst\u00f3 a revocar la decisi\u00f3n. Ella inst\u00f3: \u00abDebemos ser claros. La injusticia a nivel estatal es la injusticia a nivel estatal.<\/p>\n<p>\u00abNo se puede ignorar. Una disculpa por s\u00ed sola no es suficiente, y debemos ver un remedio pr\u00f3ximo para abordar la clara y aparente injusticia que estas mujeres han enfrentado\u00bb.<\/p>\n<p>El grupo de campa\u00f1a WASPI tendr\u00e1 la oportunidad de exponer su causa a finales de este mes en una sesi\u00f3n de evidencia para el Comit\u00e9 de Trabajo y Pensiones.<\/p>\n<p>La presidenta de la campa\u00f1a WASPI, Angela Madden, dijo: \u00abEsa ser\u00e1 una oportunidad para que hablemos con el comit\u00e9 sobre cu\u00e1les son nuestras opciones ahora, qu\u00e9 nos gustar\u00eda que sucediera ahora.<\/p>\n<p>\u00abEl comit\u00e9 selecto es parte del proceso del Gobierno. Son las personas que exigen cuentas al Departamento de Trabajo y Pensiones. El departamento debe tomar en serio una carta o una solicitud de ellos\u00bb. Esta sesi\u00f3n tendr\u00e1 lugar el mi\u00e9rcoles 22 de enero.<\/p>\n<\/div>\n\n","protected":false},"excerpt":{"rendered":"<p>Los parlamentarios que apoyan la causa de compensaci\u00f3n WASPI (Mujeres contra la desigualdad en las pensiones estatales) criticaron al Gobierno por su decisi\u00f3n de no compensar a las mujeres. El diputado conservador Sir John Hayes abri\u00f3 un debate en Westminster Hall sobre el tema hoy (15 de enero) y dijo que la forma en que &hellip;<\/p>\n","protected":false},"author":1,"featured_media":10561,"comment_status":"open","ping_status":"open","sticky":false,"template":"","format":"standard","meta":{"fifu_image_url":"https:\/\/cdn.images.express.co.uk\/img\/dynamic\/23\/1200x630\/5890468.jpg","fifu_image_alt":"","footnotes":""},"categories":[3],"tags":[],"class_list":["post-10560","post","type-post","status-publish","format-standard","has-post-thumbnail","","category-negocio"],"_links":{"self":[{"href":"https:\/\/noticiasveraces.com\/index.php?rest_route=\/wp\/v2\/posts\/10560","targetHints":{"allow":["GET"]}}],"collection":[{"href":"https:\/\/noticiasveraces.com\/index.php?rest_route=\/wp\/v2\/posts"}],"about":[{"href":"https:\/\/noticiasveraces.com\/index.php?rest_route=\/wp\/v2\/types\/post"}],"author":[{"embeddable":true,"href":"https:\/\/noticiasveraces.com\/index.php?rest_route=\/wp\/v2\/users\/1"}],"replies":[{"embeddable":true,"href":"https:\/\/noticiasveraces.com\/index.php?rest_route=%2Fwp%2Fv2%2Fcomments&post=10560"}],"version-history":[{"count":0,"href":"https:\/\/noticiasveraces.com\/index.php?rest_route=\/wp\/v2\/posts\/10560\/revisions"}],"wp:featuredmedia":[{"embeddable":true,"href":"https:\/\/noticiasveraces.com\/index.php?rest_route=\/wp\/v2\/media\/10561"}],"wp:attachment":[{"href":"https:\/\/noticiasveraces.com\/index.php?rest_route=%2Fwp%2Fv2%2Fmedia&parent=10560"}],"wp:term":[{"taxonomy":"category","embeddable":true,"href":"https:\/\/noticiasveraces.com\/index.php?rest_route=%2Fwp%2Fv2%2Fcategories&post=10560"},{"taxonomy":"post_tag","embeddable":true,"href":"https:\/\/noticiasveraces.com\/index.php?rest_route=%2Fwp%2Fv2%2Ftags&post=10560"}],"curies":[{"name":"wp","href":"https:\/\/api.w.org\/{rel}","templated":true}]}}