{"id":10555,"date":"2025-01-15T14:43:36","date_gmt":"2025-01-15T18:43:36","guid":{"rendered":"https:\/\/noticiasveraces.com\/?p=10555"},"modified":"2025-01-15T14:43:36","modified_gmt":"2025-01-15T18:43:36","slug":"el-presidente-de-iran-niega-la-afirmacion-de-que-iran-intento-asesinar-a-trump","status":"publish","type":"post","link":"https:\/\/noticiasveraces.com\/?p=10555","title":{"rendered":"El presidente de Ir\u00e1n niega la afirmaci\u00f3n de que Ir\u00e1n intent\u00f3 asesinar a Trump"},"content":{"rendered":"<p> \n<\/p>\n<div>\n<p class=\"speakable\">El presidente iran\u00ed, Masoud Pezeshkian, dice que su pa\u00eds \u00abnunca\u00bb conspir\u00f3 para asesinar al presidente electo Trump y afirm\u00f3 que \u00abnunca lo haremos\u00bb.<\/p>\n<p class=\"speakable\">Pezeshkian hizo la declaraci\u00f3n durante una entrevista con Lester Holt de NBC News el martes en Teher\u00e1n. Las autoridades de inteligencia estadounidenses hab\u00edan declarado que Ir\u00e1n estaba explorando un atentado contra la vida de Trump antes del d\u00eda de las elecciones. <\/p>\n<p>\u00ab\u00c9ste es otro de esos planes que Israel y otros pa\u00edses est\u00e1n dise\u00f1ando para promover la iranofobia&#8230; Ir\u00e1n nunca ha intentado ni planea asesinar a nadie. Al menos hasta donde yo s\u00e9\u00bb.<\/p>\n<p>\u00ab\u00bfEst\u00e1s diciendo que nunca hubo un complot iran\u00ed para matar a Donald Trump?\u00bb \u2014Pregunt\u00f3 Holt.<\/p>\n<p><strong><u>EL R\u00c9GIMEN DE IR\u00c1N BAJO UNA &#8216;INMENSA PRESI\u00d3N&#8217; EN MEDIO DE LAS POL\u00cdTICAS ENTRADAS DE LA ADMINISTRACI\u00d3N DE TRUMP, P\u00c9RDIDAS REGIONALES Y PROBLEMAS ECON\u00d3MICOS<\/u><\/strong><\/p>\n<div class=\"image-ct inline\">\n<div class=\"m\"><picture><source media=\"(max-width: 767px)\" srcset=\"https:\/\/a57.foxnews.com\/static.foxnews.com\/foxnews.com\/content\/uploads\/2024\/09\/343\/192\/Iran5.jpg?ve=1&amp;tl=1, https:\/\/a57.foxnews.com\/static.foxnews.com\/foxnews.com\/content\/uploads\/2024\/09\/686\/384\/Iran5.jpg?ve=1&amp;tl=1 2x\" height=\"192\" width=\"343\"><source media=\"(min-width: 768px) and (max-width: 1023px)\" srcset=\"https:\/\/a57.foxnews.com\/static.foxnews.com\/foxnews.com\/content\/uploads\/2024\/09\/672\/378\/Iran5.jpg?ve=1&amp;tl=1, https:\/\/a57.foxnews.com\/static.foxnews.com\/foxnews.com\/content\/uploads\/2024\/09\/1344\/756\/Iran5.jpg?ve=1&amp;tl=1 2x\" height=\"378\" width=\"672\"><source media=\"(min-width: 1024px) and (max-width: 1279px)\" srcset=\"https:\/\/a57.foxnews.com\/static.foxnews.com\/foxnews.com\/content\/uploads\/2024\/09\/931\/523\/Iran5.jpg?ve=1&amp;tl=1, https:\/\/a57.foxnews.com\/static.foxnews.com\/foxnews.com\/content\/uploads\/2024\/09\/1862\/1046\/Iran5.jpg?ve=1&amp;tl=1 2x\" height=\"523\" width=\"931\"><source media=\"(min-width: 1280px)\" srcset=\"https:\/\/a57.foxnews.com\/static.foxnews.com\/foxnews.com\/content\/uploads\/2024\/09\/720\/405\/Iran5.jpg?ve=1&amp;tl=1, https:\/\/a57.foxnews.com\/static.foxnews.com\/foxnews.com\/content\/uploads\/2024\/09\/1440\/810\/Iran5.jpg?ve=1&amp;tl=1 2x\" height=\"405\" width=\"720\"><img loading=\"lazy\" decoding=\"async\" src=\"https:\/\/a57.foxnews.com\/static.foxnews.com\/foxnews.com\/content\/uploads\/2024\/09\/1200\/675\/Iran5.jpg?ve=1&amp;tl=1\" alt=\"El presidente de Ir\u00e1n, Masoud Pezeshkian\" width=\"1200\" height=\"675\"\/><\/source><\/source><\/source><\/source><\/picture><\/div>\n<div class=\"info\">\n<div class=\"caption\">\n<p><span>El presidente de Ir\u00e1n, Masoud Pezeshkian, camina al margen de la 79\u00aa Asamblea General de las Naciones Unidas en la sede de la ONU en la ciudad de Nueva York.<\/span> <span>(REUTERS\/Caitlin Ochs)<\/span><\/p>\n<\/div>\n<\/div>\n<\/div>\n<p>\u00abNinguna en absoluto\u00bb, respondi\u00f3 Pezeshkian. \u00abPara empezar, nunca hemos intentado esto y nunca lo haremos\u00bb.<\/p>\n<p>La declaraci\u00f3n se produce cuando Trump <u>enviado especial para Ucrania y Rusia<\/u>Retirado. El teniente general Keith Kellogg declar\u00f3 recientemente que Estados Unidos debe volver a la pol\u00edtica de \u00abm\u00e1xima presi\u00f3n\u00bb sobre Ir\u00e1n.<\/p>\n<p>\u00abPara Estados Unidos, se debe restablecer una pol\u00edtica de m\u00e1xima presi\u00f3n, y se debe restablecer con la ayuda del resto del mundo, y eso incluye apoyar al pueblo iran\u00ed y sus aspiraciones de democracia\u00bb, dijo Kellogg.<\/p>\n<p><strong><u>IR\u00c1N AMPL\u00cdA CAPACIDADES DE ARMADO CR\u00cdTICAS PARA EMPLEAR BOMBA NUCLEAR<\/u><\/strong><\/p>\n<div class=\"image-ct inline\">\n<div class=\"m\"><picture><source media=\"(max-width: 767px)\" srcset=\"https:\/\/a57.foxnews.com\/static.foxnews.com\/foxnews.com\/content\/uploads\/2025\/01\/343\/192\/ap25007608746793.jpg?ve=1&amp;tl=1, https:\/\/a57.foxnews.com\/static.foxnews.com\/foxnews.com\/content\/uploads\/2025\/01\/686\/384\/ap25007608746793.jpg?ve=1&amp;tl=1 2x\" height=\"192\" width=\"343\"><source media=\"(min-width: 768px) and (max-width: 1023px)\" srcset=\"https:\/\/a57.foxnews.com\/static.foxnews.com\/foxnews.com\/content\/uploads\/2025\/01\/672\/378\/ap25007608746793.jpg?ve=1&amp;tl=1, https:\/\/a57.foxnews.com\/static.foxnews.com\/foxnews.com\/content\/uploads\/2025\/01\/1344\/756\/ap25007608746793.jpg?ve=1&amp;tl=1 2x\" height=\"378\" width=\"672\"><source media=\"(min-width: 1024px) and (max-width: 1279px)\" srcset=\"https:\/\/a57.foxnews.com\/static.foxnews.com\/foxnews.com\/content\/uploads\/2025\/01\/931\/523\/ap25007608746793.jpg?ve=1&amp;tl=1, https:\/\/a57.foxnews.com\/static.foxnews.com\/foxnews.com\/content\/uploads\/2025\/01\/1862\/1046\/ap25007608746793.jpg?ve=1&amp;tl=1 2x\" height=\"523\" width=\"931\"><source media=\"(min-width: 1280px)\" srcset=\"https:\/\/a57.foxnews.com\/static.foxnews.com\/foxnews.com\/content\/uploads\/2025\/01\/720\/405\/ap25007608746793.jpg?ve=1&amp;tl=1, https:\/\/a57.foxnews.com\/static.foxnews.com\/foxnews.com\/content\/uploads\/2025\/01\/1440\/810\/ap25007608746793.jpg?ve=1&amp;tl=1 2x\" height=\"405\" width=\"720\"><img loading=\"lazy\" decoding=\"async\" src=\"https:\/\/a57.foxnews.com\/static.foxnews.com\/foxnews.com\/content\/uploads\/2025\/01\/1200\/675\/ap25007608746793.jpg?ve=1&amp;tl=1\" alt=\"Trump mar-a-lago\" width=\"1200\" height=\"675\"\/><\/source><\/source><\/source><\/source><\/picture><\/div>\n<div class=\"info\">\n<div class=\"caption\">\n<p><span>El presidente electo Donald Trump habla durante una conferencia de prensa en Mar-a-Lago el martes 7 de enero de 2025, en Palm Beach, Florida.<\/span> <span>(Foto AP\/Evan Vucci)<\/span><\/p>\n<\/div>\n<\/div>\n<\/div>\n<p>El teniente general retirado dijo que el desarrollo y la adquisici\u00f3n de un arma nuclear por parte de Ir\u00e1n ser\u00eda el acontecimiento m\u00e1s desestabilizador para Oriente Medio. Kellogg record\u00f3 al grupo de oposici\u00f3n que <u>el entonces presidente Trump se alej\u00f3<\/u> del acuerdo nuclear con Ir\u00e1n durante su primer mandato, incluso con la oposici\u00f3n de quienes sirvieron en la primera administraci\u00f3n.<\/p>\n<p><strong><u>ISRAEL OBSERVA LOS SITIOS NUQUES DE IR\u00c1N EN MEDIO DE INFORMES TRUMP CONSIDERA MEDIDAS PARA BLOQUEAR EL PROGRAMA AT\u00d3MICO DE TEHER\u00c1N<\/u><\/strong><\/p>\n<p>Trump se retir\u00f3 del Plan de Acci\u00f3n Integral Conjunto, tambi\u00e9n conocido como el <u>Acuerdo nuclear con Ir\u00e1n<\/u>durante su primer mandato en 2018 y volvi\u00f3 a aplicar sanciones econ\u00f3micas devastadoras. Si bien algunos, incluido el primer ministro israel\u00ed, Benjam\u00edn Netanyahu, aplaudieron la medida, los l\u00edderes del Reino Unido, Francia y Alemania instaron al presidente a seguir comprometido con el acuerdo.<\/p>\n<div class=\"image-ct inline\">\n<div class=\"m\"><picture><source media=\"(max-width: 767px)\" srcset=\"https:\/\/a57.foxnews.com\/static.foxnews.com\/foxnews.com\/content\/uploads\/2024\/11\/343\/192\/keith-kellogg.jpg?ve=1&amp;tl=1, https:\/\/a57.foxnews.com\/static.foxnews.com\/foxnews.com\/content\/uploads\/2024\/11\/686\/384\/keith-kellogg.jpg?ve=1&amp;tl=1 2x\" height=\"192\" width=\"343\"><source media=\"(min-width: 768px) and (max-width: 1023px)\" srcset=\"https:\/\/a57.foxnews.com\/static.foxnews.com\/foxnews.com\/content\/uploads\/2024\/11\/672\/378\/keith-kellogg.jpg?ve=1&amp;tl=1, https:\/\/a57.foxnews.com\/static.foxnews.com\/foxnews.com\/content\/uploads\/2024\/11\/1344\/756\/keith-kellogg.jpg?ve=1&amp;tl=1 2x\" height=\"378\" width=\"672\"><source media=\"(min-width: 1024px) and (max-width: 1279px)\" srcset=\"https:\/\/a57.foxnews.com\/static.foxnews.com\/foxnews.com\/content\/uploads\/2024\/11\/931\/523\/keith-kellogg.jpg?ve=1&amp;tl=1, https:\/\/a57.foxnews.com\/static.foxnews.com\/foxnews.com\/content\/uploads\/2024\/11\/1862\/1046\/keith-kellogg.jpg?ve=1&amp;tl=1 2x\" height=\"523\" width=\"931\"><source media=\"(min-width: 1280px)\" srcset=\"https:\/\/a57.foxnews.com\/static.foxnews.com\/foxnews.com\/content\/uploads\/2024\/11\/720\/405\/keith-kellogg.jpg?ve=1&amp;tl=1, https:\/\/a57.foxnews.com\/static.foxnews.com\/foxnews.com\/content\/uploads\/2024\/11\/1440\/810\/keith-kellogg.jpg?ve=1&amp;tl=1 2x\" height=\"405\" width=\"720\"><img loading=\"lazy\" decoding=\"async\" src=\"https:\/\/a57.foxnews.com\/static.foxnews.com\/foxnews.com\/content\/uploads\/2024\/11\/1200\/675\/keith-kellogg.jpg?ve=1&amp;tl=1\" alt=\"Teniente general retirado Keith Kellogg\" width=\"1200\" height=\"675\"\/><\/source><\/source><\/source><\/source><\/picture><\/div>\n<div class=\"info\">\n<div class=\"caption\">\n<p><span>El teniente general retirado Keith Kellogg habla durante una conferencia de prensa en la Casa Blanca en 2020.<\/span> <span>(Drew Angerer\/Getty Images)<\/span><\/p>\n<\/div>\n<\/div>\n<\/div>\n<p><strong><u>HAGA CLIC AQU\u00cd PARA OBTENER LA APLICACI\u00d3N FOX NEWS<\/u><\/strong><\/p>\n<p>Los comentarios de Kellog, hechos pocos d\u00edas antes de que Trump asuma el cargo para su segundo mandato, son otra se\u00f1al de c\u00f3mo una segunda administraci\u00f3n Trump enfrentar\u00e1 la amenaza planteada por Ir\u00e1n en un nuevo entorno con gran parte de Medio Oriente envuelto en conflictos desde la Ataque terrorista del 7 de octubre contra Israel. <\/p>\n<p> <!----> <\/p>\n<div class=\"article-meta\">\n<div class=\"author-bio\">\n<p>Anders Hagstrom es reportero de Fox News Digital que cubre la pol\u00edtica nacional y las principales noticias de \u00faltima hora. Env\u00ede sugerencias a Anders.Hagstrom@Fox.com, o en Twitter: @Hagstrom_Anders.<\/p>\n<\/div>\n<\/div><\/div>\n\n","protected":false},"excerpt":{"rendered":"<p>El presidente iran\u00ed, Masoud Pezeshkian, dice que su pa\u00eds \u00abnunca\u00bb conspir\u00f3 para asesinar al presidente electo Trump y afirm\u00f3 que \u00abnunca lo haremos\u00bb. Pezeshkian hizo la declaraci\u00f3n durante una entrevista con Lester Holt de NBC News el martes en Teher\u00e1n. Las autoridades de inteligencia estadounidenses hab\u00edan declarado que Ir\u00e1n estaba explorando un atentado contra la &hellip;<\/p>\n","protected":false},"author":1,"featured_media":10557,"comment_status":"open","ping_status":"open","sticky":false,"template":"","format":"standard","meta":{"fifu_image_url":"https:\/\/static.foxnews.com\/foxnews.com\/content\/uploads\/2024\/09\/Iran5.jpg","fifu_image_alt":"","footnotes":""},"categories":[13],"tags":[],"class_list":["post-10555","post","type-post","status-publish","format-standard","has-post-thumbnail","","category-mundo"],"_links":{"self":[{"href":"https:\/\/noticiasveraces.com\/index.php?rest_route=\/wp\/v2\/posts\/10555","targetHints":{"allow":["GET"]}}],"collection":[{"href":"https:\/\/noticiasveraces.com\/index.php?rest_route=\/wp\/v2\/posts"}],"about":[{"href":"https:\/\/noticiasveraces.com\/index.php?rest_route=\/wp\/v2\/types\/post"}],"author":[{"embeddable":true,"href":"https:\/\/noticiasveraces.com\/index.php?rest_route=\/wp\/v2\/users\/1"}],"replies":[{"embeddable":true,"href":"https:\/\/noticiasveraces.com\/index.php?rest_route=%2Fwp%2Fv2%2Fcomments&post=10555"}],"version-history":[{"count":0,"href":"https:\/\/noticiasveraces.com\/index.php?rest_route=\/wp\/v2\/posts\/10555\/revisions"}],"wp:featuredmedia":[{"embeddable":true,"href":"https:\/\/noticiasveraces.com\/index.php?rest_route=\/wp\/v2\/media\/10557"}],"wp:attachment":[{"href":"https:\/\/noticiasveraces.com\/index.php?rest_route=%2Fwp%2Fv2%2Fmedia&parent=10555"}],"wp:term":[{"taxonomy":"category","embeddable":true,"href":"https:\/\/noticiasveraces.com\/index.php?rest_route=%2Fwp%2Fv2%2Fcategories&post=10555"},{"taxonomy":"post_tag","embeddable":true,"href":"https:\/\/noticiasveraces.com\/index.php?rest_route=%2Fwp%2Fv2%2Ftags&post=10555"}],"curies":[{"name":"wp","href":"https:\/\/api.w.org\/{rel}","templated":true}]}}