{"id":10537,"date":"2025-01-15T12:20:11","date_gmt":"2025-01-15T16:20:11","guid":{"rendered":"https:\/\/noticiasveraces.com\/?p=10537"},"modified":"2025-01-15T12:20:11","modified_gmt":"2025-01-15T16:20:11","slug":"gobernador-de-puerto-rico-critica-a-trump-despues-de-que-maduro-de-venezuela-amenaza-con-invasion","status":"publish","type":"post","link":"https:\/\/noticiasveraces.com\/?p=10537","title":{"rendered":"Gobernador de Puerto Rico critica a Trump despu\u00e9s de que Maduro de Venezuela amenaza con invasi\u00f3n"},"content":{"rendered":"<p> \n<\/p>\n<div>\n<p class=\"speakable\">El gobernador de Puerto Rico pidi\u00f3 al presidente electo Trump que interviniera despu\u00e9s de que el dictador venezolano Nicol\u00e1s Maduro amenazara con invadir el territorio insular estadounidense.<\/p>\n<p class=\"speakable\">En una carta dirigida a Trump, la gobernadora Jenniffer Gonz\u00e1lez-Col\u00f3n dijo: \u00ab[J]Pocos d\u00edas despu\u00e9s de realizar una ceremonia ileg\u00edtima de juramentaci\u00f3n en un intento desesperado por aferrarse al poder en Venezuela, Maduro propuso p\u00fablicamente una invasi\u00f3n a Puerto Rico.<\/p>\n<p>Maduro, que prest\u00f3 juramento para un tercer mandato presidencial de seis a\u00f1os a pesar de la condena internacional de su reciente reelecci\u00f3n como ileg\u00edtima, hizo la amenaza el s\u00e1bado al final del \u00abFestival Internacional Antifascista\u00bb celebrado en Caracas. El dictador socialista hizo una aparente referencia a los comentarios de Trump sobre el control estadounidense del Canal de Panam\u00e1 y Groenlandia, afirmando: \u00abAs\u00ed como el Norte tiene una agenda de colonizaci\u00f3n, nosotros tenemos una agenda de liberaci\u00f3n\u00bb. Maduro prometi\u00f3 que \u00abla libertad de Puerto Rico est\u00e1 pendiente y la lograremos con tropas brasile\u00f1as\u00bb, seg\u00fan Latin America Reports.<\/p>\n<p>\u00abEsta es una amenaza abierta a Estados Unidos, nuestra seguridad nacional y la estabilidad en la regi\u00f3n\u00bb, dijo Gonz\u00e1lez-Col\u00f3n a Trump. \u00abConf\u00edo en que su administraci\u00f3n entrante responda r\u00e1pidamente y deje claro al r\u00e9gimen de Maduro que, bajo su liderazgo, Estados Unidos proteger\u00e1 las vidas y la soberan\u00eda estadounidenses y no se doblegar\u00e1 ante las amenazas de dictadores mezquinos y asesinos\u00bb. <\/p>\n<p><strong>LA CASA BLANCA ELIMINA LA DESIGNACI\u00d3N DE PATROCINADOR ESTATAL DE TERRORISMO DE CUBA, REVERSIENDO LA MEDIDA DE LA ADMINISTRACI\u00d3N TRUMP<\/strong><\/p>\n<div class=\"image-ct inline\">\n<div class=\"m\"><picture><source media=\"(max-width: 767px)\" srcset=\"https:\/\/a57.foxnews.com\/static.foxnews.com\/foxnews.com\/content\/uploads\/2025\/01\/343\/192\/gettyimages-2192651098.jpg?ve=1&amp;tl=1, https:\/\/a57.foxnews.com\/static.foxnews.com\/foxnews.com\/content\/uploads\/2025\/01\/686\/384\/gettyimages-2192651098.jpg?ve=1&amp;tl=1 2x\" height=\"192\" width=\"343\"><source media=\"(min-width: 768px) and (max-width: 1023px)\" srcset=\"https:\/\/a57.foxnews.com\/static.foxnews.com\/foxnews.com\/content\/uploads\/2025\/01\/672\/378\/gettyimages-2192651098.jpg?ve=1&amp;tl=1, https:\/\/a57.foxnews.com\/static.foxnews.com\/foxnews.com\/content\/uploads\/2025\/01\/1344\/756\/gettyimages-2192651098.jpg?ve=1&amp;tl=1 2x\" height=\"378\" width=\"672\"><source media=\"(min-width: 1024px) and (max-width: 1279px)\" srcset=\"https:\/\/a57.foxnews.com\/static.foxnews.com\/foxnews.com\/content\/uploads\/2025\/01\/931\/523\/gettyimages-2192651098.jpg?ve=1&amp;tl=1, https:\/\/a57.foxnews.com\/static.foxnews.com\/foxnews.com\/content\/uploads\/2025\/01\/1862\/1046\/gettyimages-2192651098.jpg?ve=1&amp;tl=1 2x\" height=\"523\" width=\"931\"><source media=\"(min-width: 1280px)\" srcset=\"https:\/\/a57.foxnews.com\/static.foxnews.com\/foxnews.com\/content\/uploads\/2025\/01\/720\/405\/gettyimages-2192651098.jpg?ve=1&amp;tl=1, https:\/\/a57.foxnews.com\/static.foxnews.com\/foxnews.com\/content\/uploads\/2025\/01\/1440\/810\/gettyimages-2192651098.jpg?ve=1&amp;tl=1 2x\" height=\"405\" width=\"720\"><img loading=\"lazy\" decoding=\"async\" src=\"https:\/\/a57.foxnews.com\/static.foxnews.com\/foxnews.com\/content\/uploads\/2025\/01\/1200\/675\/gettyimages-2192651098.jpg?ve=1&amp;tl=1\" alt=\"Maduro habla en su toma de posesi\u00f3n\" width=\"1200\" height=\"675\"\/><\/source><\/source><\/source><\/source><\/picture><\/div>\n<div class=\"info\">\n<div class=\"caption\">\n<p><span>El presidente de Venezuela, Nicol\u00e1s Maduro, pronuncia un discurso frente al palacio presidencial en Caracas el 10 de enero de 2025.<\/span> <span>(Pedro Rances Mattey\/Anadolu v\u00eda Getty Images)<\/span><\/p>\n<\/div>\n<\/div>\n<\/div>\n<p>Gonz\u00e1lez-Col\u00f3n, quien asumi\u00f3 el cargo a principios de este mes, continu\u00f3 diciendo que Puerto Rico ha sido una \u00abparte esencial de los Estados Unidos\u00bb desde 1898, y reiter\u00f3 c\u00f3mo a los puertorrique\u00f1os se les concedi\u00f3 la ciudadan\u00eda estadounidense en 1917 y \u00abhan contribuido a todos los aspectos de la vida estadounidense, incluidos los cientos de miles de militares de la Isla que han luchado junto a nuestros conciudadanos en todos los conflictos militares estadounidenses desde la Primera Guerra Mundial\u00bb. <\/p>\n<p>\u00abContrariamente a los llamados de independencia de Maduro y otros adversarios, el pueblo de Puerto Rico ha rechazado repetidamente esta opci\u00f3n. En cambio, hemos votado para fortalecer nuestra uni\u00f3n con los Estados Unidos a trav\u00e9s de la estadidad, m\u00e1s recientemente en el plebiscito celebrado el 5 de noviembre de 2024. junto con nuestras elecciones generales\u00bb, escribi\u00f3 Gonz\u00e1lez-Col\u00f3n, refiri\u00e9ndose al \u00faltimo refer\u00e9ndum no vinculante sobre el estatus pol\u00edtico de Puerto Rico. <\/p>\n<p>Los resultados mostraron que el 56,87% vot\u00f3 a favor de la condici\u00f3n de Estado estadounidense, mientras que el 12,29% opt\u00f3 por la \u00ablibre asociaci\u00f3n con Estados Unidos\u00bb. Mientras tanto, el 30,84% vot\u00f3 a favor de la independencia. <\/p>\n<p>La opci\u00f3n de conservar el estatus actual de la isla como territorio estadounidense, as\u00ed como la ciudadan\u00eda estadounidense, no se incluy\u00f3 en la papeleta del refer\u00e9ndum.<\/p>\n<p>Gonz\u00e1lez-Col\u00f3n, republicano y miembro del Partido Nuevo Progresista, partidario de la estadidad, tambi\u00e9n reiter\u00f3 que Puerto Rico alberga el Fuerte Buchanan \u2013la \u00fanica instalaci\u00f3n del ej\u00e9rcito estadounidense en el Caribe\u2013 e instalaciones de la Guardia Nacional como el Campamento Santiago, el Fuerte Allen y el Muniz. Base de la Guardia Nacional A\u00e9rea, \u00abtodos los cuales apoyan estrat\u00e9gicamente ejercicios y operaciones realizadas por el ej\u00e9rcito estadounidense y nuestros socios\u00bb. La carta contin\u00faa diciendo que Puerto Rico tambi\u00e9n alberga \u00abactivos y unidades cr\u00edticos de la Guardia Costera de los EE. UU. y de la Oficina de Aduanas y Protecci\u00f3n Fronteriza de los EE. UU. que ayudan a asegurar nuestras fronteras y combatir las redes de narcotr\u00e1fico que financian el narcor\u00e9gimen de Maduro\u00bb. <\/p>\n<div class=\"image-ct inline\">\n<div class=\"m\"><picture><source media=\"(max-width: 767px)\" srcset=\"https:\/\/a57.foxnews.com\/static.foxnews.com\/foxnews.com\/content\/uploads\/2025\/01\/343\/192\/gettyimages-2191577390.jpg?ve=1&amp;tl=1, https:\/\/a57.foxnews.com\/static.foxnews.com\/foxnews.com\/content\/uploads\/2025\/01\/686\/384\/gettyimages-2191577390.jpg?ve=1&amp;tl=1 2x\" height=\"192\" width=\"343\"><source media=\"(min-width: 768px) and (max-width: 1023px)\" srcset=\"https:\/\/a57.foxnews.com\/static.foxnews.com\/foxnews.com\/content\/uploads\/2025\/01\/672\/378\/gettyimages-2191577390.jpg?ve=1&amp;tl=1, https:\/\/a57.foxnews.com\/static.foxnews.com\/foxnews.com\/content\/uploads\/2025\/01\/1344\/756\/gettyimages-2191577390.jpg?ve=1&amp;tl=1 2x\" height=\"378\" width=\"672\"><source media=\"(min-width: 1024px) and (max-width: 1279px)\" srcset=\"https:\/\/a57.foxnews.com\/static.foxnews.com\/foxnews.com\/content\/uploads\/2025\/01\/931\/523\/gettyimages-2191577390.jpg?ve=1&amp;tl=1, https:\/\/a57.foxnews.com\/static.foxnews.com\/foxnews.com\/content\/uploads\/2025\/01\/1862\/1046\/gettyimages-2191577390.jpg?ve=1&amp;tl=1 2x\" height=\"523\" width=\"931\"><source media=\"(min-width: 1280px)\" srcset=\"https:\/\/a57.foxnews.com\/static.foxnews.com\/foxnews.com\/content\/uploads\/2025\/01\/720\/405\/gettyimages-2191577390.jpg?ve=1&amp;tl=1, https:\/\/a57.foxnews.com\/static.foxnews.com\/foxnews.com\/content\/uploads\/2025\/01\/1440\/810\/gettyimages-2191577390.jpg?ve=1&amp;tl=1 2x\" height=\"405\" width=\"720\"><img loading=\"lazy\" decoding=\"async\" src=\"https:\/\/a57.foxnews.com\/static.foxnews.com\/foxnews.com\/content\/uploads\/2025\/01\/1200\/675\/gettyimages-2191577390.jpg?ve=1&amp;tl=1\" alt=\"Gonz\u00e1lez-Col\u00f3n pronuncia discurso de toma de posesi\u00f3n\" width=\"1200\" height=\"675\"\/><\/source><\/source><\/source><\/source><\/picture><\/div>\n<div class=\"info\">\n<div class=\"caption\">\n<p><span>La reci\u00e9n juramentada gobernadora de Puerto Rico, Jenniffer Gonz\u00e1lez-Col\u00f3n, pronuncia su discurso inaugural en el Capitolio de San Juan el 2 de enero de 2025.<\/span> <span>(Ricardo Arduengo\/AFP v\u00eda Getty Images)<\/span><\/p>\n<\/div>\n<\/div>\n<\/div>\n<p>Se\u00f1al\u00f3 que Estados Unidos comparte una frontera mar\u00edtima con Venezuela en Puerto Rico.<\/p>\n<p>\u00abLos llamados de Maduro a una invasi\u00f3n son un claro intento de deshacerse de la presencia de Estados Unidos y aumentar su influencia en el \u00e1rea\u00bb, escribi\u00f3 Gonz\u00e1lez-Col\u00f3n, dici\u00e9ndole a Trump que est\u00e1 \u00ablista para trabajar con usted y su administraci\u00f3n para contrarrestar esto y otras amenazas planteadas por la dictadura ileg\u00edtima de Maduro y apoyar al pueblo de Venezuela en su b\u00fasqueda de libertad\u00bb. <\/p>\n<p><strong><u>SULLIVAN RECLAMA QUE EL ADMINISTRADOR DEJA A RUSIA, CHINA E IR\u00c1N &#8216;D\u00c9BILES&#8217;, ESTADOS UNIDOS &#8216;M\u00c1S SEGUROS&#8217; ANTES DE LA ENTREGA DE TRUMP<\/u><\/strong><\/p>\n<p>Gonz\u00e1lez-Col\u00f3n tambi\u00e9n dijo que espera discusiones significativas para \u00abmejorar mejor el papel de seguridad nacional de Puerto Rico y adoptar una postura firme contra la creciente presencia de nuestros adversarios en la regi\u00f3n\u00bb. <\/p>\n<p>El representante Mario Rafael D\u00edaz-Balart, republicano por Florida, elogi\u00f3 el \u00abliderazgo de Gonz\u00e1lez-Col\u00f3n al condenar las absurdas y pat\u00e9ticas amenazas a Puerto Rico por parte del dictador de Venezuela, un dictador que se aferra desesperadamente a un poder ileg\u00edtimo\u00bb. <\/p>\n<div class=\"image-ct inline\">\n<div class=\"m\"><picture><source media=\"(max-width: 767px)\" srcset=\"https:\/\/a57.foxnews.com\/static.foxnews.com\/foxnews.com\/content\/uploads\/2025\/01\/343\/192\/gettyimages-2191577255.jpg?ve=1&amp;tl=1, https:\/\/a57.foxnews.com\/static.foxnews.com\/foxnews.com\/content\/uploads\/2025\/01\/686\/384\/gettyimages-2191577255.jpg?ve=1&amp;tl=1 2x\" height=\"192\" width=\"343\"><source media=\"(min-width: 768px) and (max-width: 1023px)\" srcset=\"https:\/\/a57.foxnews.com\/static.foxnews.com\/foxnews.com\/content\/uploads\/2025\/01\/672\/378\/gettyimages-2191577255.jpg?ve=1&amp;tl=1, https:\/\/a57.foxnews.com\/static.foxnews.com\/foxnews.com\/content\/uploads\/2025\/01\/1344\/756\/gettyimages-2191577255.jpg?ve=1&amp;tl=1 2x\" height=\"378\" width=\"672\"><source media=\"(min-width: 1024px) and (max-width: 1279px)\" srcset=\"https:\/\/a57.foxnews.com\/static.foxnews.com\/foxnews.com\/content\/uploads\/2025\/01\/931\/523\/gettyimages-2191577255.jpg?ve=1&amp;tl=1, https:\/\/a57.foxnews.com\/static.foxnews.com\/foxnews.com\/content\/uploads\/2025\/01\/1862\/1046\/gettyimages-2191577255.jpg?ve=1&amp;tl=1 2x\" height=\"523\" width=\"931\"><source media=\"(min-width: 1280px)\" srcset=\"https:\/\/a57.foxnews.com\/static.foxnews.com\/foxnews.com\/content\/uploads\/2025\/01\/720\/405\/gettyimages-2191577255.jpg?ve=1&amp;tl=1, https:\/\/a57.foxnews.com\/static.foxnews.com\/foxnews.com\/content\/uploads\/2025\/01\/1440\/810\/gettyimages-2191577255.jpg?ve=1&amp;tl=1 2x\" height=\"405\" width=\"720\"><img loading=\"lazy\" decoding=\"async\" src=\"https:\/\/a57.foxnews.com\/static.foxnews.com\/foxnews.com\/content\/uploads\/2025\/01\/1200\/675\/gettyimages-2191577255.jpg?ve=1&amp;tl=1\" alt=\"Simpatizantes durante el acto de toma de posesi\u00f3n de Gonz\u00e1lez-Col\u00f3n\" width=\"1200\" height=\"675\"\/><\/source><\/source><\/source><\/source><\/picture><\/div>\n<div class=\"info\">\n<div class=\"caption\">\n<p><span>Partidarios durante una ceremonia de inauguraci\u00f3n de Gonz\u00e1lez-Col\u00f3n en el Palacio de Santa Catalina en San Juan, Puerto Rico, el 2 de enero de 2025.<\/span> <span>(Xavier Garc\u00eda\/Bloomberg v\u00eda Getty Images)<\/span><\/p>\n<\/div>\n<\/div>\n<\/div>\n<p>\u00abQu\u00e9 contraste con el coraje y la inspiraci\u00f3n demostrados por el pueblo venezolano y la hero\u00edna Mar\u00eda Corina Machado\u00bb, escribi\u00f3 D\u00edaz-Balart. \u00abCon Biden en la Casa Blanca, adversarios como los de la narcodictadura de Maduro se han envalentonado por su d\u00e9bil pol\u00edtica de apaciguamiento. Pero en menos de una semana, comenzar\u00e1 una nueva pol\u00edtica exterior donde la libertad y los intereses de seguridad nacional de Estados Unidos son primordiales. . Los amigos ser\u00e1n tratados como amigos y los adversarios como adversarios.\u00bb <\/p>\n<p>\u00abLos d\u00edas de Maduro est\u00e1n contados\u00bb, a\u00f1adi\u00f3 el congresista. \u00abSi el dictador de Venezuela no quiere acabar como otros dictadores Mussolini y Gadafi, deber\u00eda abandonar Venezuela sin demora.\u00bb <\/p>\n<p>Cuando Maduro prest\u00f3 juramento la semana pasada, Biden defendi\u00f3 su decisi\u00f3n de no endurecer las sanciones al sector energ\u00e9tico de Venezuela, diciendo que le preocupaba que pudiera haber creado una apertura que podr\u00eda ser llenada con petr\u00f3leo iran\u00ed.<\/p>\n<p><strong><u>HAGA CLIC AQU\u00cd PARA OBTENER LA AP DE FOX NEWS<\/u><\/strong><\/p>\n<p>A pesar de sancionar a varios funcionarios de Maduro, la administraci\u00f3n no puso fin a una licencia que otorg\u00f3 al gigante petrolero Chevron para exportar petr\u00f3leo venezolano a los EE. UU. Esa licencia ha impulsado significativamente la producci\u00f3n de petr\u00f3leo y, como resultado, las arcas estatales.<\/p>\n<p><i>La Prensa Asociada contribuy\u00f3 a este informe.<\/i><\/p>\n<p> <!----> <\/p>\n<div class=\"article-meta\">\n<div class=\"author-bio\">\n<p>Danielle Wallace es reportera de pol\u00edtica y noticias de \u00faltima hora en Fox News Digital. Se pueden enviar consejos sobre historias a danielle.wallace@fox.com y en X: @danimwallace. <\/p>\n<\/div>\n<\/div><\/div>\n\n","protected":false},"excerpt":{"rendered":"<p>El gobernador de Puerto Rico pidi\u00f3 al presidente electo Trump que interviniera despu\u00e9s de que el dictador venezolano Nicol\u00e1s Maduro amenazara con invadir el territorio insular estadounidense. En una carta dirigida a Trump, la gobernadora Jenniffer Gonz\u00e1lez-Col\u00f3n dijo: \u00ab[J]Pocos d\u00edas despu\u00e9s de realizar una ceremonia ileg\u00edtima de juramentaci\u00f3n en un intento desesperado por aferrarse al &hellip;<\/p>\n","protected":false},"author":1,"featured_media":10539,"comment_status":"open","ping_status":"open","sticky":false,"template":"","format":"standard","meta":{"fifu_image_url":"https:\/\/static.foxnews.com\/foxnews.com\/content\/uploads\/2025\/01\/gettyimages-2192651098.jpg","fifu_image_alt":"","footnotes":""},"categories":[13],"tags":[],"class_list":["post-10537","post","type-post","status-publish","format-standard","has-post-thumbnail","","category-mundo"],"_links":{"self":[{"href":"https:\/\/noticiasveraces.com\/index.php?rest_route=\/wp\/v2\/posts\/10537","targetHints":{"allow":["GET"]}}],"collection":[{"href":"https:\/\/noticiasveraces.com\/index.php?rest_route=\/wp\/v2\/posts"}],"about":[{"href":"https:\/\/noticiasveraces.com\/index.php?rest_route=\/wp\/v2\/types\/post"}],"author":[{"embeddable":true,"href":"https:\/\/noticiasveraces.com\/index.php?rest_route=\/wp\/v2\/users\/1"}],"replies":[{"embeddable":true,"href":"https:\/\/noticiasveraces.com\/index.php?rest_route=%2Fwp%2Fv2%2Fcomments&post=10537"}],"version-history":[{"count":0,"href":"https:\/\/noticiasveraces.com\/index.php?rest_route=\/wp\/v2\/posts\/10537\/revisions"}],"wp:featuredmedia":[{"embeddable":true,"href":"https:\/\/noticiasveraces.com\/index.php?rest_route=\/wp\/v2\/media\/10539"}],"wp:attachment":[{"href":"https:\/\/noticiasveraces.com\/index.php?rest_route=%2Fwp%2Fv2%2Fmedia&parent=10537"}],"wp:term":[{"taxonomy":"category","embeddable":true,"href":"https:\/\/noticiasveraces.com\/index.php?rest_route=%2Fwp%2Fv2%2Fcategories&post=10537"},{"taxonomy":"post_tag","embeddable":true,"href":"https:\/\/noticiasveraces.com\/index.php?rest_route=%2Fwp%2Fv2%2Ftags&post=10537"}],"curies":[{"name":"wp","href":"https:\/\/api.w.org\/{rel}","templated":true}]}}