{"id":10531,"date":"2025-01-15T10:43:37","date_gmt":"2025-01-15T14:43:37","guid":{"rendered":"https:\/\/noticiasveraces.com\/?p=10531"},"modified":"2025-01-15T10:43:37","modified_gmt":"2025-01-15T14:43:37","slug":"paloma-parra-culturista-y-sanitaria-no-sabria-que-elegir","status":"publish","type":"post","link":"https:\/\/noticiasveraces.com\/?p=10531","title":{"rendered":"Paloma Parra, culturista y sanitaria: \u00abNo sabr\u00eda qu\u00e9 elegir\u00bb"},"content":{"rendered":"<p> \n<\/p>\n<div id=\"intext\">\n<p>Paloma Parra tiene claro cu\u00e1les son los dos pilares m\u00e1s importantes que ha tenido a lo largo de su vida: el deporte y darse a los dem\u00e1s. Siempre con una sonrisa, el leganense de 58 a\u00f1os ha conquistado tres campeonatos mundiales de culturismo a ritmo de M\u00e4go de Oz y contin\u00faa incansable.<\/p>\n<p>De hecho, en septiembre de 2024 logr\u00f3 el primer puesto en San Antonio (Texas, Estados Unidos). Todos estos \u00e9xitos los compagina con su labor como t\u00e9cnico de Emergencias Sanitarias en el SUMMA 112, desde donde lleva a cabo uno de sus mayores deseos: ayudar a las personas.<\/p>\n<h2 class=\"title-h2\">Futbolista en Primera Divisi\u00f3n<\/h2>\n<p>Aunque el \u00e9xito mundial le ha venido de la mano del culturismo, su carrera deportiva no queda limitada a este deporte. Paloma Parra fue futbolista de Primera Divisi\u00f3n desde los 20 hasta los 31 a\u00f1os, militando en las filas del Legan\u00e9s o la Orquieta, entre otros.<\/p>\n<p>Su andadura por el mundo del f\u00fatbol fue el detonante para introducirse en el culturismo: \u00abQuer\u00eda potenciar las piernas porque siempre fue mi parte d\u00e9bil, entonces empec\u00e9 en el culturismo y me enganch\u00f3\u00bb, cuenta Paloma desde el gimnasio de su domicilio. Aparte del f\u00fatbol, \u200b\u200bel leganense tambi\u00e9n ha practicado deportes como balonmano, b\u00e9isbol, rugby, lucha libre o gimnasia.<\/p>\n<h2 class=\"title-h2\">\u00abSiempre he querido ayudar a la gente\u00bb<\/h2>\n<p>Dejando de lado su faceta competitiva, uno de sus grandes deseos ha sido realizado a los dem\u00e1s: \u00abYo siempre he querido ayudar a la gente\u00bb. Y as\u00ed ha sido durante gran parte de su vida, puesto que fue voluntaria durante una d\u00e9cada en Cruz Roja, para posteriormente pasar a Samur-Protecci\u00f3n Civil. De ah\u00ed recal\u00f3 en lo que es su trabajo actual: t\u00e9cnico de Emergencias Sanitarias en el SUMMA 112, situado en El Molar.<\/p>\n<p>Una parte de la sociedad en la que Parra hace especial \u00e9nfasis es en \u00ablos abuelitos\u00bb, destacando la soledad en la que se encuentran y algunas situaciones delicadas con las que se ha topado durante su jornada laboral. Paloma trabaja una jornada de 24 horas por semana, lo que le permite compaginar su profesi\u00f3n con la competici\u00f3n.<\/p>\n<p>De acuerdo con la protagonista, lo m\u00e1s rese\u00f1able de su trabajo como sanitario es la relaci\u00f3n sus compa\u00f1eros: \u00abUna vez me relevaron en mi puesto para que pudiese llegar a la competici\u00f3n de mi pareja en Aranjuez\u00bb, cuenta.<\/p>\n<h2 class=\"title-h2\">Un mill\u00f3n de seguidores en redes.<\/h2>\n<p>Por si fuera poco dedicarse a la competici\u00f3n ya la labor en el SUMMA 112, Paloma Parra tiene otro reto en su d\u00eda a d\u00eda: mantener sus perfiles de redes sociales. Con m\u00e1s de 200.000 seguidores en Instagram y 800.000 en TikTok, la culturista sube sus entrenamientos a las redes y recibe millas de interacciones.<\/p>\n<p>Adem\u00e1s de recomendar ejercicios en sus v\u00eddeos, la deportista madrile\u00f1a realizar\u00e1 asesor\u00edas a particulares a modo de entrenadora personal. Ponerse delante de la c\u00e1mara tampoco es un reto para ella, puesto que, adem\u00e1s, interpret\u00f3 un papel en la serie M\u00e9dico de Familia.<\/p>\n<p><i>S\u00edguenos en nuestro canal de WhatsApp y no te pierdas la \u00faltima hora y toda la actualidad de antena3noticias.com<\/i><\/p>\n<div class=\"recirculation-video\" data-mod=\"a3mod_recirculation_video\">\n<div class=\"recirculation-video-wrapper\">\n<div>\n<div class=\"video-wrapper\">\n  <picture class=\"video-main-picture\"><source media=\"(min-width: 481px)\" srcset=\"https:\/\/fotografias.antena3.com\/clipping\/cmsimages02\/2025\/01\/13\/8C818CF2-BC8C-40D9-ADD7-0744F4B16D7D\/hansi-flick-final-supercopa-espana_94.jpg?crop=2300,1294,x0,y0&amp;width=800&amp;height=450&amp;optimize=medium&amp;format=webply\" width=\"800\" height=\"450\"><source media=\"(min-width: 391px) and (max-width: 480px)\" srcset=\"https:\/\/fotografias.antena3.com\/clipping\/cmsimages02\/2025\/01\/13\/8C818CF2-BC8C-40D9-ADD7-0744F4B16D7D\/hansi-flick-final-supercopa-espana_70.jpg?crop=2300,1294,x0,y0&amp;width=480&amp;height=270&amp;optimize=high&amp;format=webply\" width=\"480\" height=\"270\"><source media=\"(min-width: 321px) and (max-width: 390px)\" srcset=\"https:\/\/fotografias.antena3.com\/clipping\/cmsimages02\/2025\/01\/13\/8C818CF2-BC8C-40D9-ADD7-0744F4B16D7D\/hansi-flick-final-supercopa-espana_92.jpg?crop=2300,1292,x0,y0&amp;width=390&amp;height=219&amp;optimize=high&amp;format=webply\" width=\"390\" height=\"219\"><source media=\"(max-width: 320px)\" srcset=\"https:\/\/fotografias.antena3.com\/clipping\/cmsimages02\/2025\/01\/13\/8C818CF2-BC8C-40D9-ADD7-0744F4B16D7D\/hansi-flick-final-supercopa-espana_52.jpg?crop=2300,1294,x0,y0&amp;width=320&amp;height=180&amp;optimize=high&amp;format=webply\" width=\"320\" height=\"180\"><img decoding=\"async\" title=\"Hansi Flick, en la final de la Supercopa de Espa\u00f1a\" alt=\"Hansi Flick, en la final de la Supercopa de Espa\u00f1a\" width=\"480\" height=\"270\" src=\"https:\/\/fotografias.antena3.com\/clipping\/cmsimages02\/2025\/01\/13\/8C818CF2-BC8C-40D9-ADD7-0744F4B16D7D\/hansi-flick-final-supercopa-espana_70.jpg?crop=2300,1294,x0,y0&amp;width=480&amp;height=270&amp;optimize=high&amp;format=webply\" loading=\"lazy\" class=\"lazy\"\/><br \/>\n  <\/source><\/source><\/source><\/source><\/picture>\n <\/div>\n<\/div><\/div>\n<\/p><\/div>\n<\/div>\n\n","protected":false},"excerpt":{"rendered":"<p>Paloma Parra tiene claro cu\u00e1les son los dos pilares m\u00e1s importantes que ha tenido a lo largo de su vida: el deporte y darse a los dem\u00e1s. Siempre con una sonrisa, el leganense de 58 a\u00f1os ha conquistado tres campeonatos mundiales de culturismo a ritmo de M\u00e4go de Oz y contin\u00faa incansable. De hecho, en &hellip;<\/p>\n","protected":false},"author":1,"featured_media":10533,"comment_status":"open","ping_status":"open","sticky":false,"template":"","format":"standard","meta":{"fifu_image_url":"https:\/\/fotografias.antena3.com\/clipping\/cmsimages01\/2025\/01\/15\/26E080C2-984A-43B5-A3C0-14E18535388F\/paloma-parra-culturista-sanitaria-sabria-que-elegir_69.jpg?crop=853,480,x1,y0&width=1280&height=720&optimize=low&format=jpg","fifu_image_alt":"","footnotes":""},"categories":[6],"tags":[],"class_list":["post-10531","post","type-post","status-publish","format-standard","has-post-thumbnail","","category-deportes"],"_links":{"self":[{"href":"https:\/\/noticiasveraces.com\/index.php?rest_route=\/wp\/v2\/posts\/10531","targetHints":{"allow":["GET"]}}],"collection":[{"href":"https:\/\/noticiasveraces.com\/index.php?rest_route=\/wp\/v2\/posts"}],"about":[{"href":"https:\/\/noticiasveraces.com\/index.php?rest_route=\/wp\/v2\/types\/post"}],"author":[{"embeddable":true,"href":"https:\/\/noticiasveraces.com\/index.php?rest_route=\/wp\/v2\/users\/1"}],"replies":[{"embeddable":true,"href":"https:\/\/noticiasveraces.com\/index.php?rest_route=%2Fwp%2Fv2%2Fcomments&post=10531"}],"version-history":[{"count":0,"href":"https:\/\/noticiasveraces.com\/index.php?rest_route=\/wp\/v2\/posts\/10531\/revisions"}],"wp:featuredmedia":[{"embeddable":true,"href":"https:\/\/noticiasveraces.com\/index.php?rest_route=\/wp\/v2\/media\/10533"}],"wp:attachment":[{"href":"https:\/\/noticiasveraces.com\/index.php?rest_route=%2Fwp%2Fv2%2Fmedia&parent=10531"}],"wp:term":[{"taxonomy":"category","embeddable":true,"href":"https:\/\/noticiasveraces.com\/index.php?rest_route=%2Fwp%2Fv2%2Fcategories&post=10531"},{"taxonomy":"post_tag","embeddable":true,"href":"https:\/\/noticiasveraces.com\/index.php?rest_route=%2Fwp%2Fv2%2Ftags&post=10531"}],"curies":[{"name":"wp","href":"https:\/\/api.w.org\/{rel}","templated":true}]}}