{"id":10514,"date":"2025-01-15T08:06:48","date_gmt":"2025-01-15T12:06:48","guid":{"rendered":"https:\/\/noticiasveraces.com\/?p=10514"},"modified":"2025-01-15T08:06:48","modified_gmt":"2025-01-15T12:06:48","slug":"el-nuevo-enviado-de-trump-a-ucrania-advierte-a-iran-y-dice-que-se-debe-restablecer-la-maxima-presion","status":"publish","type":"post","link":"https:\/\/noticiasveraces.com\/?p=10514","title":{"rendered":"El nuevo enviado de Trump a Ucrania advierte a Ir\u00e1n y dice que \u00abse debe restablecer la m\u00e1xima presi\u00f3n\u00bb"},"content":{"rendered":"<p> \n<\/p>\n<div>\n<div class=\"article-gating gated-overlay\">\n<div class=\"article-gating-wrapper\">\n<p>\u00danase a Fox News para acceder a este contenido<\/p>\n<p>Adem\u00e1s, acceso especial a art\u00edculos seleccionados y otro contenido premium con su cuenta, sin cargo.<\/p>\n<div class=\"article-gating-legal tablet-desktop\">Al ingresar su correo electr\u00f3nico y presionar Continuar, acepta los T\u00e9rminos de uso y la Pol\u00edtica de privacidad de Fox News, que incluye nuestro Aviso de incentivo financiero.\n    <\/div>\n<p><span>Por favor, introduce una direcci\u00f3n de correo electr\u00f3nico v\u00e1lida.<\/span><\/p>\n<footer class=\"article-gating-footer\">\u00bfTienes problemas? Haga clic aqu\u00ed.<\/footer>\n<\/div>\n<\/div>\n<p class=\"speakable\">El enviado especial entrante del presidente electo Donald Trump para Ucrania y Rusia, Ret. Teniente General Keith Kellogg,<i><strong> <\/strong><\/i>dijo recientemente que Estados Unidos debe volver a la pol\u00edtica de \u00abm\u00e1xima presi\u00f3n\u00bb y que la debilidad del r\u00e9gimen iran\u00ed ha reabierto c\u00f3mo ser\u00e1 el futuro de Ir\u00e1n.<\/p>\n<p class=\"speakable\">\u00abCreo que este a\u00f1o deber\u00eda considerarse un a\u00f1o de esperanza, deber\u00eda considerarse un a\u00f1o de acci\u00f3n y deber\u00eda considerarse un a\u00f1o de cambio\u00bb, dijo Kellogg, quien sirvi\u00f3 en la primera administraci\u00f3n de Trump, en un evento patrocinado por un iran\u00ed. grupo de oposici\u00f3n, el Consejo Nacional de Resistencia de Ir\u00e1n, en Par\u00eds.<\/p>\n<p>El teniente general retirado dijo que el desarrollo y la adquisici\u00f3n de un arma nuclear por parte de Ir\u00e1n ser\u00eda el acontecimiento m\u00e1s desestabilizador para Oriente Medio. Kellogg record\u00f3 al grupo de oposici\u00f3n que el entonces presidente Trump se alej\u00f3 del acuerdo nuclear con Ir\u00e1n durante su primer mandato, incluso con la oposici\u00f3n de quienes sirvieron en la primera administraci\u00f3n.<\/p>\n<p><strong>EL R\u00c9GIMEN DE IR\u00c1N BAJO UNA &#8216;INMENSA PRESI\u00d3N&#8217; EN MEDIO DE LAS POL\u00cdTICAS ENTRADAS DE LA ADMINISTRACI\u00d3N DE TRUMP, P\u00c9RDIDAS REGIONALES Y PROBLEMAS ECON\u00d3MICOS<\/strong><\/p>\n<div class=\"image-ct inline\">\n<div class=\"m\"><picture><source media=\"(max-width: 767px)\" srcset=\"https:\/\/a57.foxnews.com\/static.foxnews.com\/foxnews.com\/content\/uploads\/2025\/01\/343\/192\/kellogg-in-paris.jpeg?ve=1&amp;tl=1, https:\/\/a57.foxnews.com\/static.foxnews.com\/foxnews.com\/content\/uploads\/2025\/01\/686\/384\/kellogg-in-paris.jpeg?ve=1&amp;tl=1 2x\" height=\"192\" width=\"343\"><source media=\"(min-width: 768px) and (max-width: 1023px)\" srcset=\"https:\/\/a57.foxnews.com\/static.foxnews.com\/foxnews.com\/content\/uploads\/2025\/01\/672\/378\/kellogg-in-paris.jpeg?ve=1&amp;tl=1, https:\/\/a57.foxnews.com\/static.foxnews.com\/foxnews.com\/content\/uploads\/2025\/01\/1344\/756\/kellogg-in-paris.jpeg?ve=1&amp;tl=1 2x\" height=\"378\" width=\"672\"><source media=\"(min-width: 1024px) and (max-width: 1279px)\" srcset=\"https:\/\/a57.foxnews.com\/static.foxnews.com\/foxnews.com\/content\/uploads\/2025\/01\/931\/523\/kellogg-in-paris.jpeg?ve=1&amp;tl=1, https:\/\/a57.foxnews.com\/static.foxnews.com\/foxnews.com\/content\/uploads\/2025\/01\/1862\/1046\/kellogg-in-paris.jpeg?ve=1&amp;tl=1 2x\" height=\"523\" width=\"931\"><source media=\"(min-width: 1280px)\" srcset=\"https:\/\/a57.foxnews.com\/static.foxnews.com\/foxnews.com\/content\/uploads\/2025\/01\/720\/405\/kellogg-in-paris.jpeg?ve=1&amp;tl=1, https:\/\/a57.foxnews.com\/static.foxnews.com\/foxnews.com\/content\/uploads\/2025\/01\/1440\/810\/kellogg-in-paris.jpeg?ve=1&amp;tl=1 2x\" height=\"405\" width=\"720\"><img loading=\"lazy\" decoding=\"async\" src=\"https:\/\/a57.foxnews.com\/static.foxnews.com\/foxnews.com\/content\/uploads\/2025\/01\/1200\/675\/kellogg-in-paris.jpeg?ve=1&amp;tl=1\" alt=\"retirado El teniente general Keith Kellogg se dirige a un grupo de oposici\u00f3n iran\u00ed en Par\u00eds. \" width=\"1200\" height=\"675\"\/><\/source><\/source><\/source><\/source><\/picture><\/div>\n<div class=\"info\">\n<div class=\"caption\">\n<p><span>retirado El teniente general Keith Kellogg se dirige a un grupo de oposici\u00f3n iran\u00ed en Par\u00eds. <\/span> <span>(Siavosh Hosseini, The Media Express)<\/span><\/p>\n<\/div>\n<\/div>\n<\/div>\n<p>\u00abPara Estados Unidos, se debe restablecer una pol\u00edtica de m\u00e1xima presi\u00f3n, y se debe restablecer con la ayuda del resto del mundo, y eso incluye apoyar al pueblo iran\u00ed y sus aspiraciones de democracia\u00bb, dijo Kellogg.<\/p>\n<p>Trump se retir\u00f3 del Plan de Acci\u00f3n Integral Conjunto, tambi\u00e9n conocido como acuerdo nuclear con Ir\u00e1n, durante su primer mandato en 2018 y volvi\u00f3 a aplicar sanciones econ\u00f3micas devastadoras. Si bien algunos, incluido el primer ministro israel\u00ed, Benjam\u00edn Netanyahu, aplaudieron la medida, los l\u00edderes del Reino Unido, Francia y Alemania instaron al presidente a seguir comprometido con el acuerdo.<\/p>\n<p>Los comentarios, hechos pocos d\u00edas antes de que Trump asuma el cargo para su segundo mandato, son otra se\u00f1al de c\u00f3mo una segunda administraci\u00f3n Trump enfrentar\u00e1 la amenaza planteada por Ir\u00e1n en un nuevo entorno con gran parte de Medio Oriente envuelto en conflictos desde la Ataque terrorista del 7 de octubre contra Israel. <\/p>\n<p><strong>IR\u00c1N AMPL\u00cdA CAPACIDADES DE ARMADO CR\u00cdTICAS PARA EMPLEAR BOMBA NUCLEAR<\/strong><\/p>\n<div class=\"image-ct inline\">\n<div class=\"m\"><picture><source media=\"(max-width: 767px)\" srcset=\"https:\/\/a57.foxnews.com\/static.foxnews.com\/foxnews.com\/content\/uploads\/2023\/05\/343\/192\/GettyImages-948009010.jpg?ve=1&amp;tl=1, https:\/\/a57.foxnews.com\/static.foxnews.com\/foxnews.com\/content\/uploads\/2023\/05\/686\/384\/GettyImages-948009010.jpg?ve=1&amp;tl=1 2x\" height=\"192\" width=\"343\"><source media=\"(min-width: 768px) and (max-width: 1023px)\" srcset=\"https:\/\/a57.foxnews.com\/static.foxnews.com\/foxnews.com\/content\/uploads\/2023\/05\/672\/378\/GettyImages-948009010.jpg?ve=1&amp;tl=1, https:\/\/a57.foxnews.com\/static.foxnews.com\/foxnews.com\/content\/uploads\/2023\/05\/1344\/756\/GettyImages-948009010.jpg?ve=1&amp;tl=1 2x\" height=\"378\" width=\"672\"><source media=\"(min-width: 1024px) and (max-width: 1279px)\" srcset=\"https:\/\/a57.foxnews.com\/static.foxnews.com\/foxnews.com\/content\/uploads\/2023\/05\/931\/523\/GettyImages-948009010.jpg?ve=1&amp;tl=1, https:\/\/a57.foxnews.com\/static.foxnews.com\/foxnews.com\/content\/uploads\/2023\/05\/1862\/1046\/GettyImages-948009010.jpg?ve=1&amp;tl=1 2x\" height=\"523\" width=\"931\"><source media=\"(min-width: 1280px)\" srcset=\"https:\/\/a57.foxnews.com\/static.foxnews.com\/foxnews.com\/content\/uploads\/2023\/05\/720\/405\/GettyImages-948009010.jpg?ve=1&amp;tl=1, https:\/\/a57.foxnews.com\/static.foxnews.com\/foxnews.com\/content\/uploads\/2023\/05\/1440\/810\/GettyImages-948009010.jpg?ve=1&amp;tl=1 2x\" height=\"405\" width=\"720\"><img loading=\"lazy\" decoding=\"async\" src=\"https:\/\/a57.foxnews.com\/static.foxnews.com\/foxnews.com\/content\/uploads\/2023\/05\/1200\/675\/GettyImages-948009010.jpg?ve=1&amp;tl=1\" alt=\"Desfile militar de Ir\u00e1n\" width=\"1200\" height=\"675\"\/><\/source><\/source><\/source><\/source><\/picture><\/div>\n<div class=\"info\">\n<div class=\"caption\">\n<p><span>Un cami\u00f3n militar iran\u00ed transporta misiles tierra-aire junto a un retrato del l\u00edder supremo de Ir\u00e1n, el ayatol\u00e1 Ali Jamenei, durante un desfile con motivo del d\u00eda anual del ej\u00e9rcito del pa\u00eds el 18 de abril de 2018 en Teher\u00e1n, Ir\u00e1n.<\/span> <span>(ATTA KENARE\/AFP v\u00eda Getty Images)<\/span><\/p>\n<\/div>\n<\/div>\n<\/div>\n<p>\u00abEl principio del fin de la primac\u00eda de Ir\u00e1n comenz\u00f3, ir\u00f3nicamente, hace un a\u00f1o, el 7 de octubre\u00bb, dijo Kellogg.<\/p>\n<p>Kellogg se\u00f1al\u00f3 que las presiones aplicadas a Ir\u00e1n no s\u00f3lo ser\u00edan de fuerza cin\u00e9tica o militar, sino que tambi\u00e9n deber\u00edan incluir una fuerza econ\u00f3mica y diplom\u00e1tica.<\/p>\n<div class=\"image-ct inline\">\n<div class=\"m\"><picture><source media=\"(max-width: 767px)\" srcset=\"https:\/\/a57.foxnews.com\/static.foxnews.com\/foxnews.com\/content\/uploads\/2025\/01\/343\/192\/intl-politiicans-with-kellogg.jpeg?ve=1&amp;tl=1, https:\/\/a57.foxnews.com\/static.foxnews.com\/foxnews.com\/content\/uploads\/2025\/01\/686\/384\/intl-politiicans-with-kellogg.jpeg?ve=1&amp;tl=1 2x\" height=\"192\" width=\"343\"><source media=\"(min-width: 768px) and (max-width: 1023px)\" srcset=\"https:\/\/a57.foxnews.com\/static.foxnews.com\/foxnews.com\/content\/uploads\/2025\/01\/672\/378\/intl-politiicans-with-kellogg.jpeg?ve=1&amp;tl=1, https:\/\/a57.foxnews.com\/static.foxnews.com\/foxnews.com\/content\/uploads\/2025\/01\/1344\/756\/intl-politiicans-with-kellogg.jpeg?ve=1&amp;tl=1 2x\" height=\"378\" width=\"672\"><source media=\"(min-width: 1024px) and (max-width: 1279px)\" srcset=\"https:\/\/a57.foxnews.com\/static.foxnews.com\/foxnews.com\/content\/uploads\/2025\/01\/931\/523\/intl-politiicans-with-kellogg.jpeg?ve=1&amp;tl=1, https:\/\/a57.foxnews.com\/static.foxnews.com\/foxnews.com\/content\/uploads\/2025\/01\/1862\/1046\/intl-politiicans-with-kellogg.jpeg?ve=1&amp;tl=1 2x\" height=\"523\" width=\"931\"><source media=\"(min-width: 1280px)\" srcset=\"https:\/\/a57.foxnews.com\/static.foxnews.com\/foxnews.com\/content\/uploads\/2025\/01\/720\/405\/intl-politiicans-with-kellogg.jpeg?ve=1&amp;tl=1, https:\/\/a57.foxnews.com\/static.foxnews.com\/foxnews.com\/content\/uploads\/2025\/01\/1440\/810\/intl-politiicans-with-kellogg.jpeg?ve=1&amp;tl=1 2x\" height=\"405\" width=\"720\"><img loading=\"lazy\" decoding=\"async\" src=\"https:\/\/a57.foxnews.com\/static.foxnews.com\/foxnews.com\/content\/uploads\/2025\/01\/1200\/675\/intl-politiicans-with-kellogg.jpeg?ve=1&amp;tl=1\" alt=\"Asistentes a la reuni\u00f3n de Par\u00eds Desde la izquierda: John Bercow, ex presidente de la C\u00e1mara de los Comunes brit\u00e1nica, Hyhoria Nemyria, ex viceprimera ministra de Ucrania, Yulia Tymoshenko, ex primera ministra de Ucrania, Liz Truss, ex primera ministra del Reino Unido, Sra. Maryam Rajavi, general Keith Kellogg, enviado especial para Ucrania y Rusia, Yanez Yan\u0161a, ex primer ministro de Eslovenia, general James Jones, asesor de seguridad nacional del presidente Obama, ex comandante de la OTAN, Ola Elvestuen, miembro del Parlamento noruego, Ministro de Clima y Medio Ambiente de Noruega (2018-2020), General Todd Wolters, Comandante Supremo Aliado en Europa.\" width=\"1200\" height=\"675\"\/><\/source><\/source><\/source><\/source><\/picture><\/div>\n<div class=\"info\">\n<div class=\"caption\">\n<p><span>Asistentes a la reuni\u00f3n de Par\u00eds Desde la izquierda: John Bercow, ex presidente de la C\u00e1mara de los Comunes brit\u00e1nica, Hyhoria Nemyria, ex viceprimera ministra de Ucrania, Yulia Tymoshenko, ex primera ministra de Ucrania, Liz Truss, ex primera ministra del Reino Unido, Sra. Maryam Rajavi, general Keith Kellogg, enviado especial para Ucrania y Rusia, Yanez Yan\u0161a, ex primer ministro de Eslovenia, general James Jones, asesor de seguridad nacional del presidente Obama, ex comandante de la OTAN, Ola Elvestuen, miembro del Parlamento noruego, Ministro de Clima y Medio Ambiente de Noruega (2018-2020), General Todd Wolters, Comandante Supremo Aliado en Europa.<\/span> <span>(Siavosh Hosseini, The Media Express)<\/span><\/p>\n<\/div>\n<\/div>\n<\/div>\n<p>Maryam Rajavi, presidenta electa del grupo de oposici\u00f3n iran\u00ed, el Consejo Nacional de Resistencia de Ir\u00e1n (CNRI), dijo en el evento que la ca\u00edda del antiguo dictador de Siria, Bashar al-Assad, brindaba una oportunidad \u00fanica para que los iran\u00edes rehaceran su propio futuro. .<\/p>\n<p>\u00abJamenei y su IRGC no pudieron preservar la dictadura siria, y ciertamente no pueden preservar su r\u00e9gimen frente a la resistencia y el levantamiento organizados. El r\u00e9gimen ser\u00e1 derrocado\u00bb, dijo Rajavi.<\/p>\n<p><strong>ISRAEL OBSERVA LOS SITIOS NUQUES DE IR\u00c1N EN MEDIO DE INFORMES TRUMP CONSIDERA MEDIDAS PARA BLOQUEAR EL PROGRAMA AT\u00d3MICO DE TEHER\u00c1N<\/strong><\/p>\n<p>Rajavi dijo que fue un momento decisivo en la historia de Ir\u00e1n. El Consejo Nacional de Resistencia de Ir\u00e1n, seg\u00fan Rajavi, tiene un camino a seguir para un Ir\u00e1n democr\u00e1tico, que incluye un proceso paso a paso despu\u00e9s del derrocamiento del r\u00e9gimen actual. Se formar\u00eda un gobierno de transici\u00f3n por un m\u00e1ximo de seis meses, y su tarea principal ser\u00eda celebrar elecciones libres para una Asamblea Constituyente y transferir el poder a los representantes del pueblo.<\/p>\n<div class=\"image-ct inline\">\n<div class=\"m\"><picture><source media=\"(max-width: 767px)\" srcset=\"https:\/\/a57.foxnews.com\/static.foxnews.com\/foxnews.com\/content\/uploads\/2022\/12\/343\/192\/bukan_-_western_iran.jpg?ve=1&amp;tl=1, https:\/\/a57.foxnews.com\/static.foxnews.com\/foxnews.com\/content\/uploads\/2022\/12\/686\/384\/bukan_-_western_iran.jpg?ve=1&amp;tl=1 2x\" height=\"192\" width=\"343\"><source media=\"(min-width: 768px) and (max-width: 1023px)\" srcset=\"https:\/\/a57.foxnews.com\/static.foxnews.com\/foxnews.com\/content\/uploads\/2022\/12\/672\/378\/bukan_-_western_iran.jpg?ve=1&amp;tl=1, https:\/\/a57.foxnews.com\/static.foxnews.com\/foxnews.com\/content\/uploads\/2022\/12\/1344\/756\/bukan_-_western_iran.jpg?ve=1&amp;tl=1 2x\" height=\"378\" width=\"672\"><source media=\"(min-width: 1024px) and (max-width: 1279px)\" srcset=\"https:\/\/a57.foxnews.com\/static.foxnews.com\/foxnews.com\/content\/uploads\/2022\/12\/931\/523\/bukan_-_western_iran.jpg?ve=1&amp;tl=1, https:\/\/a57.foxnews.com\/static.foxnews.com\/foxnews.com\/content\/uploads\/2022\/12\/1862\/1046\/bukan_-_western_iran.jpg?ve=1&amp;tl=1 2x\" height=\"523\" width=\"931\"><source media=\"(min-width: 1280px)\" srcset=\"https:\/\/a57.foxnews.com\/static.foxnews.com\/foxnews.com\/content\/uploads\/2022\/12\/720\/405\/bukan_-_western_iran.jpg?ve=1&amp;tl=1, https:\/\/a57.foxnews.com\/static.foxnews.com\/foxnews.com\/content\/uploads\/2022\/12\/1440\/810\/bukan_-_western_iran.jpg?ve=1&amp;tl=1 2x\" height=\"405\" width=\"720\"><img loading=\"lazy\" decoding=\"async\" src=\"https:\/\/a57.foxnews.com\/static.foxnews.com\/foxnews.com\/content\/uploads\/2022\/12\/1200\/675\/bukan_-_western_iran.jpg?ve=1&amp;tl=1\" alt=\"Protesta de Mahsa Amini en Ir\u00e1n\" width=\"1200\" height=\"675\"\/><\/source><\/source><\/source><\/source><\/picture><\/div>\n<div class=\"info\">\n<div class=\"caption\">\n<p><span>Manifestantes en Ir\u00e1n protestando contra el r\u00e9gimen en 2022.<\/span> <span>(Cr\u00e9dito: NCRI)<\/span><\/p>\n<\/div>\n<\/div>\n<\/div>\n<p>\u00abEl derrocamiento del r\u00e9gimen de los mul\u00e1s es la \u00fanica manera de establecer la libertad en Ir\u00e1n y la paz y la tranquilidad en la regi\u00f3n\u00bb, dijo un esperanzado Rajavi.<\/p>\n<p><strong>HAGA CLIC AQU\u00cd PARA OBTENER LA APLICACI\u00d3N FOX NEWS<\/strong><\/p>\n<p>Kellogg defendi\u00f3 estas ideas y dijo que el objetivo a corto plazo debe ser un \u00abIr\u00e1n m\u00e1s amigable, estable, no beligerante y sin armas nucleares\u00bb y que Estados Unidos necesita explotar las actuales debilidades de Ir\u00e1n.<\/p>\n<p>El portavoz del Ministerio de Asuntos Exteriores iran\u00ed, Esmail Baqaei, critic\u00f3 duramente a Francia por albergar lo que el gobierno iran\u00ed llam\u00f3 un \u00abgrupo terrorista\u00bb y acus\u00f3 al gobierno franc\u00e9s de violar sus obligaciones legales internacionales para prevenir y combatir el terrorismo.<\/p>\n<\/div>\n\n","protected":false},"excerpt":{"rendered":"<p>\u00danase a Fox News para acceder a este contenido Adem\u00e1s, acceso especial a art\u00edculos seleccionados y otro contenido premium con su cuenta, sin cargo. Al ingresar su correo electr\u00f3nico y presionar Continuar, acepta los T\u00e9rminos de uso y la Pol\u00edtica de privacidad de Fox News, que incluye nuestro Aviso de incentivo financiero. Por favor, introduce &hellip;<\/p>\n","protected":false},"author":1,"featured_media":10516,"comment_status":"open","ping_status":"open","sticky":false,"template":"","format":"standard","meta":{"fifu_image_url":"https:\/\/static.foxnews.com\/foxnews.com\/content\/uploads\/2025\/01\/kellogg-in-paris.jpeg","fifu_image_alt":"","footnotes":""},"categories":[13],"tags":[],"class_list":["post-10514","post","type-post","status-publish","format-standard","has-post-thumbnail","","category-mundo"],"_links":{"self":[{"href":"https:\/\/noticiasveraces.com\/index.php?rest_route=\/wp\/v2\/posts\/10514","targetHints":{"allow":["GET"]}}],"collection":[{"href":"https:\/\/noticiasveraces.com\/index.php?rest_route=\/wp\/v2\/posts"}],"about":[{"href":"https:\/\/noticiasveraces.com\/index.php?rest_route=\/wp\/v2\/types\/post"}],"author":[{"embeddable":true,"href":"https:\/\/noticiasveraces.com\/index.php?rest_route=\/wp\/v2\/users\/1"}],"replies":[{"embeddable":true,"href":"https:\/\/noticiasveraces.com\/index.php?rest_route=%2Fwp%2Fv2%2Fcomments&post=10514"}],"version-history":[{"count":0,"href":"https:\/\/noticiasveraces.com\/index.php?rest_route=\/wp\/v2\/posts\/10514\/revisions"}],"wp:featuredmedia":[{"embeddable":true,"href":"https:\/\/noticiasveraces.com\/index.php?rest_route=\/wp\/v2\/media\/10516"}],"wp:attachment":[{"href":"https:\/\/noticiasveraces.com\/index.php?rest_route=%2Fwp%2Fv2%2Fmedia&parent=10514"}],"wp:term":[{"taxonomy":"category","embeddable":true,"href":"https:\/\/noticiasveraces.com\/index.php?rest_route=%2Fwp%2Fv2%2Fcategories&post=10514"},{"taxonomy":"post_tag","embeddable":true,"href":"https:\/\/noticiasveraces.com\/index.php?rest_route=%2Fwp%2Fv2%2Ftags&post=10514"}],"curies":[{"name":"wp","href":"https:\/\/api.w.org\/{rel}","templated":true}]}}