{"id":10500,"date":"2025-01-15T06:01:21","date_gmt":"2025-01-15T10:01:21","guid":{"rendered":"https:\/\/noticiasveraces.com\/?p=10500"},"modified":"2025-01-15T06:01:21","modified_gmt":"2025-01-15T10:01:21","slug":"suben-a-60-los-mineros-clandestinos-muertos-en-sudafrica-dw-15-01-2025","status":"publish","type":"post","link":"https:\/\/noticiasveraces.com\/?p=10500","title":{"rendered":"Suben a 60 los mineros clandestinos muertos en Sud\u00e1frica \u2013 DW \u2013 15\/01\/2025"},"content":{"rendered":"<p> \n<\/p>\n<div>\n<p>Un total de 60 cad\u00e1veres han sido subidos a la superficie desde el pasado lunes en la operaci\u00f3n para rescatar a cientos de mineros irregulares atrapados desde hace m\u00e1s de dos meses bajo tierra en el noreste de Sud\u00e1frica, en la localidad de Stilfontein, inform\u00f3 este mi\u00e9rcoles ( 15.01.2025) la Polic\u00eda sudafricana, que tiene el lugar cercado hace meses para desalojarlos.<\/p>\n<p>\u00abEn el d\u00eda dos de las operaciones (el martes), un total de 106 mineros ilegales vivos fueron extra\u00eddos y detenidos por miner\u00eda ilegal, 51 fueron certificados como muertos\u00bb, inform\u00f3 la portavoz policial, brigadier Athlenda Mathe. Previamente se hab\u00edan recuperado los cuerpos de nueve personas en la mina de oro de Buffelsfontein, a unos 160 kil\u00f3metros de Johannesburgo y de 2,6 kil\u00f3metros de profundidad.<\/p>\n<p>El dispositivo para descender al fondo de la mina estaba en pleno funcionamiento el mi\u00e9rcoles para sacar a los \u00abzama zamas\u201d \u2013\u00bbaquellos que intentan\u201d, en lengua zul\u00fa- que siguen en el lugar. La mayor\u00eda de ellos son trabajadores llegados de pa\u00edses vecinos que no quieren subir a la superficie, porque ser\u00e1n detenidos y eventualmente deportados. Sus actividades est\u00e1n mal vistas tanto por las empresas mineras como por los habitantes locales, que las asocian con un aumento de la delincuencia.<\/p>\n<h2>No se sabe la cifra exacta<\/h2>\n<p>El Ministro de Polic\u00eda, Senzo Mchunu, visit\u00f3 el lugar el martes, pero se neg\u00f3 a ofrecer una cifra de cu\u00e1ntas personas podr\u00edan seguir atrapadas. \u00abNo hay forma de que alguien venga y diga &#8216;s\u00e9 con certeza cu\u00e1ntos quedan all\u00e1 abajo&#8217;. Cada cifra que hemos dado es una estimaci\u00f3n, una suposici\u00f3n\u201d, apunt\u00f3. Desde agosto han sido arrestados 1.500 mineros, cuando comenz\u00f3 la operaci\u00f3n para removerlos.<\/p>\n<p>Las autoridades han sido acusadas de intentar obligar a los mineros a volver a la superficie de lo que parec\u00eda ser una peque\u00f1a ciudad subterr\u00e1nea reduciendo los suministros de alimentos y agua que les llevaban la comunidad local, que vive de la econom\u00eda informal en torno a la mina. . En noviembre una corte orden\u00f3 a la polic\u00eda no cortar el acceso a alimentos.<\/p>\n<p>DZC (AFP, EFE)<\/p>\n<\/div>\n\n","protected":false},"excerpt":{"rendered":"<p>Un total de 60 cad\u00e1veres han sido subidos a la superficie desde el pasado lunes en la operaci\u00f3n para rescatar a cientos de mineros irregulares atrapados desde hace m\u00e1s de dos meses bajo tierra en el noreste de Sud\u00e1frica, en la localidad de Stilfontein, inform\u00f3 este mi\u00e9rcoles ( 15.01.2025) la Polic\u00eda sudafricana, que tiene el &hellip;<\/p>\n","protected":false},"author":1,"featured_media":10501,"comment_status":"open","ping_status":"open","sticky":false,"template":"","format":"standard","meta":{"fifu_image_url":"https:\/\/static.dw.com\/image\/71295008_6.jpg","fifu_image_alt":"","footnotes":""},"categories":[13],"tags":[],"class_list":["post-10500","post","type-post","status-publish","format-standard","has-post-thumbnail","","category-mundo"],"_links":{"self":[{"href":"https:\/\/noticiasveraces.com\/index.php?rest_route=\/wp\/v2\/posts\/10500","targetHints":{"allow":["GET"]}}],"collection":[{"href":"https:\/\/noticiasveraces.com\/index.php?rest_route=\/wp\/v2\/posts"}],"about":[{"href":"https:\/\/noticiasveraces.com\/index.php?rest_route=\/wp\/v2\/types\/post"}],"author":[{"embeddable":true,"href":"https:\/\/noticiasveraces.com\/index.php?rest_route=\/wp\/v2\/users\/1"}],"replies":[{"embeddable":true,"href":"https:\/\/noticiasveraces.com\/index.php?rest_route=%2Fwp%2Fv2%2Fcomments&post=10500"}],"version-history":[{"count":0,"href":"https:\/\/noticiasveraces.com\/index.php?rest_route=\/wp\/v2\/posts\/10500\/revisions"}],"wp:featuredmedia":[{"embeddable":true,"href":"https:\/\/noticiasveraces.com\/index.php?rest_route=\/wp\/v2\/media\/10501"}],"wp:attachment":[{"href":"https:\/\/noticiasveraces.com\/index.php?rest_route=%2Fwp%2Fv2%2Fmedia&parent=10500"}],"wp:term":[{"taxonomy":"category","embeddable":true,"href":"https:\/\/noticiasveraces.com\/index.php?rest_route=%2Fwp%2Fv2%2Fcategories&post=10500"},{"taxonomy":"post_tag","embeddable":true,"href":"https:\/\/noticiasveraces.com\/index.php?rest_route=%2Fwp%2Fv2%2Ftags&post=10500"}],"curies":[{"name":"wp","href":"https:\/\/api.w.org\/{rel}","templated":true}]}}