{"id":10486,"date":"2025-01-15T03:58:14","date_gmt":"2025-01-15T07:58:14","guid":{"rendered":"https:\/\/noticiasveraces.com\/?p=10486"},"modified":"2025-01-15T03:58:14","modified_gmt":"2025-01-15T07:58:14","slug":"francia-acepta-renegociar-la-impopular-reforma-de-las-pensiones-dw-14-01-2025","status":"publish","type":"post","link":"https:\/\/noticiasveraces.com\/?p=10486","title":{"rendered":"Francia acepta renegociar la impopular reforma de las pensiones \u2013 DW \u2013 14\/01\/2025"},"content":{"rendered":"<p> \n<\/p>\n<div>\n<p>El primer ministro de Francia, Fran\u00e7ois Bayrou, anunci\u00f3 este martes (14.01.2025) que va a abrir un proceso negociador limitado a tres meses con sindicatos y patronal para revisar la reforma de las pensiones de 2023 impulsada por el presidente Emmanuel Macron, que retrasa la edad m\u00ednima de jubilaci\u00f3n de 62 a 64 a\u00f1os, pero dijo que si no hay acuerdo se mantendr\u00e1 como est\u00e1. \u00abPodemos una nueva v\u00eda de reforma, sin t\u00f3tems ni buscar tab\u00faes, ni siquiera la edad de jubilaci\u00f3n, a condici\u00f3n\u00bb de no socavar el \u00abequilibrio financiero\u00bb, anunci\u00f3 Bayrou.<\/p>\n<p>\u00abHe decidido volver a poner este tema sobre la mesa, con los interlocutores sociales, durante un breve per\u00edodo de tiempo\u00bb, anunci\u00f3 Bayrou en su Declaraci\u00f3n de Pol\u00edtica General ante el Parlamento. En su discurso, el primer ministro excluy\u00f3 la suspensi\u00f3n de la reforma, como le ped\u00edan los socialistas un cambio de su renuncia a votar una moci\u00f3n de censura para tumbar el Gobierno que ya ha anticipado que va a presentar con car\u00e1cter inmediato La Francia Insumisa (LFI). ) de Jean-Luc M\u00e9lenchon.<\/p>\n<p>Durante las elecciones legislativas anticipadas de 2024, la coalici\u00f3n de izquierdas Nuevo Frente Popular (NFP) hizo campa\u00f1a por su derogaci\u00f3n y, pese a terminar en primer lugar sin mayor\u00eda clara, Macron no le encarg\u00f3 gobernar. Para intentar atraer al sector m\u00e1s moderado de esta alianza, representado por los socialistas, el nuevo jefe de gobierno se abri\u00f3 al menos a rediscutir la reforma, a cambio de que estos no apoyen una censura del gobierno.<\/p>\n<p>El primer ministro insisti\u00f3 en que en esa concertaci\u00f3n de tres meses \u00abse tienen que poder plantear todas las cuestiones\u00bb, de forma que sindicatos y patronal podr\u00e1n incluir \u00ablos temas que les preocupen\u00bb, lo que significa que se podr\u00e1 discutir una marcha atr\u00e1s en el retraso de la edad de jubilaci\u00f3n, pero una condici\u00f3n de garantizar el equilibrio financiero.<\/p>\n<p>La cuesti\u00f3n financiera es crucial. Francia, la segunda econom\u00eda de la Uni\u00f3n Europea, cuenta con elevados niveles de d\u00e9ficit y deuda p\u00fablica, por encima de los l\u00edmites establecidos en la zona del euro, y busca evitar agravarlos. La inc\u00f3gnita ahora es si logr\u00f3 convencer a la oposici\u00f3n. A inicios de diciembre, las oposiciones de izquierda y de extrema derecha tumbaron al gobierno de su breve predecesor, Michel Barnier, cuando intentaba aprobar los presupuestos para 2025.<\/p>\n<p>LGC (Efe, Afp)<\/p>\n<\/div>\n\n","protected":false},"excerpt":{"rendered":"<p>El primer ministro de Francia, Fran\u00e7ois Bayrou, anunci\u00f3 este martes (14.01.2025) que va a abrir un proceso negociador limitado a tres meses con sindicatos y patronal para revisar la reforma de las pensiones de 2023 impulsada por el presidente Emmanuel Macron, que retrasa la edad m\u00ednima de jubilaci\u00f3n de 62 a 64 a\u00f1os, pero dijo &hellip;<\/p>\n","protected":false},"author":1,"featured_media":10487,"comment_status":"open","ping_status":"open","sticky":false,"template":"","format":"standard","meta":{"fifu_image_url":"https:\/\/static.dw.com\/image\/71149338_6.jpg","fifu_image_alt":"","footnotes":""},"categories":[13],"tags":[],"class_list":["post-10486","post","type-post","status-publish","format-standard","has-post-thumbnail","","category-mundo"],"_links":{"self":[{"href":"https:\/\/noticiasveraces.com\/index.php?rest_route=\/wp\/v2\/posts\/10486","targetHints":{"allow":["GET"]}}],"collection":[{"href":"https:\/\/noticiasveraces.com\/index.php?rest_route=\/wp\/v2\/posts"}],"about":[{"href":"https:\/\/noticiasveraces.com\/index.php?rest_route=\/wp\/v2\/types\/post"}],"author":[{"embeddable":true,"href":"https:\/\/noticiasveraces.com\/index.php?rest_route=\/wp\/v2\/users\/1"}],"replies":[{"embeddable":true,"href":"https:\/\/noticiasveraces.com\/index.php?rest_route=%2Fwp%2Fv2%2Fcomments&post=10486"}],"version-history":[{"count":0,"href":"https:\/\/noticiasveraces.com\/index.php?rest_route=\/wp\/v2\/posts\/10486\/revisions"}],"wp:featuredmedia":[{"embeddable":true,"href":"https:\/\/noticiasveraces.com\/index.php?rest_route=\/wp\/v2\/media\/10487"}],"wp:attachment":[{"href":"https:\/\/noticiasveraces.com\/index.php?rest_route=%2Fwp%2Fv2%2Fmedia&parent=10486"}],"wp:term":[{"taxonomy":"category","embeddable":true,"href":"https:\/\/noticiasveraces.com\/index.php?rest_route=%2Fwp%2Fv2%2Fcategories&post=10486"},{"taxonomy":"post_tag","embeddable":true,"href":"https:\/\/noticiasveraces.com\/index.php?rest_route=%2Fwp%2Fv2%2Ftags&post=10486"}],"curies":[{"name":"wp","href":"https:\/\/api.w.org\/{rel}","templated":true}]}}