{"id":10466,"date":"2025-01-14T22:41:25","date_gmt":"2025-01-15T02:41:25","guid":{"rendered":"https:\/\/noticiasveraces.com\/?p=10466"},"modified":"2025-01-14T22:41:25","modified_gmt":"2025-01-15T02:41:25","slug":"carlos-inarejos-el-trotamundos-del-futbol-espanol-se-hace-hueco-en-la-liga-asiatica","status":"publish","type":"post","link":"https:\/\/noticiasveraces.com\/?p=10466","title":{"rendered":"Carlos Inarejos, el trotamundos del f\u00fatbol espa\u00f1ol, se hace hueco en la liga asi\u00e1tica"},"content":{"rendered":"<p> \n<\/p>\n<div id=\"intext\">\n<p><b>  Carlos Inarejos<\/b> naci\u00f3 en <b>Gandia<\/b>Valencia. Tiene 40 a\u00f1os. Empez\u00f3 con poco m\u00e1s de 20 entrenando a un equipo de tercera divisi\u00f3n en <b>Navarra<\/b> y de ah\u00ed dio el salto fuera de <b>Espa\u00f1a<\/b>. Ha entrenado en tres pa\u00edses diferentes, entre ellos Zambia, Chipre, Francia, Ucrania, Qatar, Arabia Saud\u00ed, Emiratos \u00c1rabes&#8230; y el pasado mes de septiembre de 2024 aterriz\u00f3 en <b>Bar\u00e9in<\/b>en el Golfo P\u00e9rsico, para ser entrenador del <b>Al-Riffa<\/b>. El equipo de la liga asi\u00e1tica est\u00e1 cuarto en la clasificaci\u00f3n y Carlos espera poder llevarlo a lo m\u00e1s alto. Por el n\u00famero de t\u00edtulos, podr\u00edamos comparar al Al-Riffa con el<b> F\u00fatbol Club Barcelona. <\/b><\/p>\n<blockquote class=\"blockquote \">\n<p class=\"blockquote__quote\">\u00abLos futbolistas aqu\u00ed juegan para sacar a sus familias adelante y poder vivir\u00bb<\/p>\n<\/blockquote>\n<p>Con su trabajo y sus logros, Carlos ha conseguido abrirse un hueco y hacerse un nombre como entrenador en <b>Asia<\/b>. Donde es donde en estos momentos ha encontrado su sitio en el mundo del f\u00fatbol. Est\u00e1 satisfecho porque disfruta de su pasi\u00f3n. Como entrenador quiere una afici\u00f3n contenta con su equipo y que disfrute en el campo. Se define como tranquilo, nos cuenta que trata a sus jugadores desde el lado m\u00e1s humano hablando con ellos y transmiti\u00e9ndoles valores y la idea del trabajo como el camino para conseguir grandes logros.<\/p>\n<p>el<b> f\u00fatbol asi\u00e1tico<\/b> Tiene grandes diferencias con el europeo. Inarejos entrena a <b>futbolista<\/b> que juegan para comer: \u00abLos futbolistas aqu\u00ed juegan para sacar a sus familias adelante y poder vivir\u00bb, cuenta Carlos a Antena 3 Deportes. Un concepto diferente al que se tiene en el f\u00fatbol europeo, donde los jugadores est\u00e1n ciegos por grandes contratos y<b> sueldos millonarios <\/b>que les dan para mucho m\u00e1s que para comer y poder salir adelante.<\/p>\n<h2 class=\"title-h2\">Ramad\u00e1n<\/h2>\n<p>Por curioso que pueda parecer, el tiempo y horas de<b> entrenamiento<\/b> no las marca Carlos con su equipo t\u00e9cnico; es <b>arabia<\/b> el d\u00eda a d\u00eda est\u00e1 guiado por el <b>rez\u00f3<\/b>y son los tiempos de oraci\u00f3n los que establecen las horas de entreno. \u00abEn unas semanas que comienza el <b>Ramad\u00e1n <\/b>Comenzamos a entrenar sobre las diez de la noche, a esa hora acaba el \u00faltimo rezo y los jugadores pueden romper el <b>ayuno<\/b>. Comen y despu\u00e9s empezamos a entrenar\u00bb, nos cuenta Inarejos, que tiene que ajustar sus h\u00e1bitos europeos y adecuarse a la cultura en la que trabaja.<\/p>\n<p>\u00c9l est\u00e1 contento con su trabajo fuera de Espa\u00f1a y ahora su objetivo se centra en su equipo, el Al-Riffa. Su deseo como profesional ser\u00eda ser entrenador en <b>liga de campeones<\/b> y no descarta la vuelta a Espa\u00f1a a trabajar y estar cerca de su familia. A pesar de sus deseos, no quiere pensar en el futuro. Quiere seguir creciendo como entrenador y vivir el presente, un presente que le sonr\u00ede, y no plantearse de momento la vuelta a casa.<\/p>\n<p><i>S\u00edguenos en nuestro <b>canal de whatsapp<\/b> y no te pierdas la \u00faltima hora y toda la actualidad de antena3noticias.com<\/i><\/p>\n<div class=\"recirculation-video\" data-mod=\"a3mod_recirculation_video\">\n<div class=\"recirculation-video-wrapper\">\n<div>\n<div class=\"video-wrapper\">\n  <picture class=\"video-main-picture\"><source media=\"(min-width: 481px)\" srcset=\"https:\/\/fotografias.antena3.com\/clipping\/cmsimages02\/2025\/01\/14\/14BAEEF2-B30A-4967-899D-F6AE750D7F4C\/joan-laporta-rueda-prensa_94.jpg?crop=1920,1080,x0,y0&amp;width=800&amp;height=450&amp;optimize=medium&amp;format=webply\" width=\"800\" height=\"450\"><source media=\"(min-width: 391px) and (max-width: 480px)\" srcset=\"https:\/\/fotografias.antena3.com\/clipping\/cmsimages02\/2025\/01\/14\/14BAEEF2-B30A-4967-899D-F6AE750D7F4C\/joan-laporta-rueda-prensa_70.jpg?crop=1920,1080,x0,y0&amp;width=480&amp;height=270&amp;optimize=high&amp;format=webply\" width=\"480\" height=\"270\"><source media=\"(min-width: 321px) and (max-width: 390px)\" srcset=\"https:\/\/fotografias.antena3.com\/clipping\/cmsimages02\/2025\/01\/14\/14BAEEF2-B30A-4967-899D-F6AE750D7F4C\/joan-laporta-rueda-prensa_92.jpg?crop=1920,1078,x0,y0&amp;width=390&amp;height=219&amp;optimize=high&amp;format=webply\" width=\"390\" height=\"219\"><source media=\"(max-width: 320px)\" srcset=\"https:\/\/fotografias.antena3.com\/clipping\/cmsimages02\/2025\/01\/14\/14BAEEF2-B30A-4967-899D-F6AE750D7F4C\/joan-laporta-rueda-prensa_52.jpg?crop=1920,1080,x0,y0&amp;width=320&amp;height=180&amp;optimize=high&amp;format=webply\" width=\"320\" height=\"180\"><img decoding=\"async\" title=\"Joan Laporta en rueda de prensa\" alt=\"Joan Laporta en rueda de prensa\" width=\"480\" height=\"270\" src=\"https:\/\/fotografias.antena3.com\/clipping\/cmsimages02\/2025\/01\/14\/14BAEEF2-B30A-4967-899D-F6AE750D7F4C\/joan-laporta-rueda-prensa_70.jpg?crop=1920,1080,x0,y0&amp;width=480&amp;height=270&amp;optimize=high&amp;format=webply\" loading=\"lazy\" class=\"lazy\"\/><br \/>\n  <\/source><\/source><\/source><\/source><\/picture>\n <\/div>\n<\/div><\/div>\n<\/p><\/div>\n<\/div>\n\n","protected":false},"excerpt":{"rendered":"<p>Carlos Inarejos naci\u00f3 en GandiaValencia. Tiene 40 a\u00f1os. Empez\u00f3 con poco m\u00e1s de 20 entrenando a un equipo de tercera divisi\u00f3n en Navarra y de ah\u00ed dio el salto fuera de Espa\u00f1a. Ha entrenado en tres pa\u00edses diferentes, entre ellos Zambia, Chipre, Francia, Ucrania, Qatar, Arabia Saud\u00ed, Emiratos \u00c1rabes&#8230; y el pasado mes de septiembre &hellip;<\/p>\n","protected":false},"author":1,"featured_media":10468,"comment_status":"open","ping_status":"open","sticky":false,"template":"","format":"standard","meta":{"fifu_image_url":"https:\/\/fotografias.antena3.com\/clipping\/cmsimages02\/2025\/01\/14\/8A75D97B-3EA6-4D46-99BD-51F00568F8E7\/valenciano-carlos-inarejos-hace-hueco-como-entrenador-liga-asiatica_69.jpg?crop=853,480,x0,y0&width=1280&height=720&optimize=low&format=jpg","fifu_image_alt":"","footnotes":""},"categories":[6],"tags":[],"class_list":["post-10466","post","type-post","status-publish","format-standard","has-post-thumbnail","","category-deportes"],"_links":{"self":[{"href":"https:\/\/noticiasveraces.com\/index.php?rest_route=\/wp\/v2\/posts\/10466","targetHints":{"allow":["GET"]}}],"collection":[{"href":"https:\/\/noticiasveraces.com\/index.php?rest_route=\/wp\/v2\/posts"}],"about":[{"href":"https:\/\/noticiasveraces.com\/index.php?rest_route=\/wp\/v2\/types\/post"}],"author":[{"embeddable":true,"href":"https:\/\/noticiasveraces.com\/index.php?rest_route=\/wp\/v2\/users\/1"}],"replies":[{"embeddable":true,"href":"https:\/\/noticiasveraces.com\/index.php?rest_route=%2Fwp%2Fv2%2Fcomments&post=10466"}],"version-history":[{"count":0,"href":"https:\/\/noticiasveraces.com\/index.php?rest_route=\/wp\/v2\/posts\/10466\/revisions"}],"wp:featuredmedia":[{"embeddable":true,"href":"https:\/\/noticiasveraces.com\/index.php?rest_route=\/wp\/v2\/media\/10468"}],"wp:attachment":[{"href":"https:\/\/noticiasveraces.com\/index.php?rest_route=%2Fwp%2Fv2%2Fmedia&parent=10466"}],"wp:term":[{"taxonomy":"category","embeddable":true,"href":"https:\/\/noticiasveraces.com\/index.php?rest_route=%2Fwp%2Fv2%2Fcategories&post=10466"},{"taxonomy":"post_tag","embeddable":true,"href":"https:\/\/noticiasveraces.com\/index.php?rest_route=%2Fwp%2Fv2%2Ftags&post=10466"}],"curies":[{"name":"wp","href":"https:\/\/api.w.org\/{rel}","templated":true}]}}